{"id":4496,"date":"2023-04-14T20:33:46","date_gmt":"2023-04-14T23:33:46","guid":{"rendered":"https:\/\/focotocantinense.com.br\/?p=4496"},"modified":"2023-04-16T15:27:33","modified_gmt":"2023-04-16T18:27:33","slug":"projeto-aprovado-pelos-vereadores-torna-a-cavalgada-ecologica-como-evento-do-patrimonio-cultural-de-lagoa-da-confusao-2","status":"publish","type":"post","link":"https:\/\/focotocantinense.com.br\/?p=4496","title":{"rendered":"Projeto aprovado pelos vereadores\u00a0 torna a Cavalgada Ecol\u00f3gica como evento do Patrim\u00f4nio Cultural de Lagoa da Confus\u00e3o"},"content":{"rendered":"\n<p><strong>Por Zacarias Martins<\/strong><\/p>\n\n\n\n<figure class=\"wp-block-image size-large is-resized\"><img loading=\"lazy\" decoding=\"async\" src=\"https:\/\/focotocantinense.com.br\/wp-content\/uploads\/2023\/04\/cccccccccccccccc-1024x768.jpg\" alt=\"\" class=\"wp-image-4497\" width=\"383\" height=\"288\" srcset=\"https:\/\/focotocantinense.com.br\/wp-content\/uploads\/2023\/04\/cccccccccccccccc-1024x768.jpg 1024w, https:\/\/focotocantinense.com.br\/wp-content\/uploads\/2023\/04\/cccccccccccccccc-300x225.jpg 300w, https:\/\/focotocantinense.com.br\/wp-content\/uploads\/2023\/04\/cccccccccccccccc-768x576.jpg 768w, https:\/\/focotocantinense.com.br\/wp-content\/uploads\/2023\/04\/cccccccccccccccc-1536x1152.jpg 1536w, https:\/\/focotocantinense.com.br\/wp-content\/uploads\/2023\/04\/cccccccccccccccc.jpg 2048w\" sizes=\"auto, (max-width: 383px) 100vw, 383px\" \/><\/figure>\n\n\n\n<p>A C\u00e2mara Municipal de Lagoa da Confus\u00e3o, aprovou, por unanimidade, o Projeto de Lei de autoria do vereador Napole\u00e3o Dion\u00edsio (Uni\u00e3o Brasil), que institui a tradicional Cavalgada Ecol\u00f3gica como evento do Patrim\u00f4nio Cultural do munic\u00edpio.<\/p>\n\n\n\n<p>O parlamentar argumenta que a realiza\u00e7\u00e3o desse evento anual em Lagoa da Confus\u00e3o tem como objetivo o fortalecimento da cultura regional e da promo\u00e7\u00e3o do munic\u00edpio como refer\u00eancia no tradicionalismo, uma vez que \u00e9 de extrema import\u00e2ncia que seja mantido o roteiro original (desde sua primeira edi\u00e7\u00e3o 2010\/2011) com sa\u00edda do Assentamento Loroty, com parada para almo\u00e7o na Aldeia Lankrar\u00e9 ( Krah\u00f4-kanela), pouso e janta na Ilha do Formoso e Mata do Formoso, al\u00e9m do grande show \u00e0 noite. O trajeto na programa\u00e7\u00e3o ainda inclui o almo\u00e7o no domingo da Cavalgada, preferencialmente, nas proximidades dos p\u00e9s de manga, na beira do rio Urubu, e, na sequ\u00eancia, o desfile na cidade de lagoa da Confus\u00e3o.<\/p>\n\n\n\n<p>O referido evento busca proporcionar a integra\u00e7\u00e3o entre a comunidade e o tradicionalismo uma vez que envolve uma grande quantidade de pessoas al\u00e9m do grande investimento por parte dos participantes e tropeiros e familiares. Ou seja, \u00e9 uma evento que abrange a cidade e as localidades circunvizinhas, al\u00e9m de valorizar a cultura local e despertar o esp\u00edrito c\u00edvico pelo munic\u00edpio de Lagoa da Confus\u00e3o\u201d finalizou Napole\u00e3o Dion\u00edsio<\/p>\n\n\n\n<figure class=\"wp-block-image size-large\"><img loading=\"lazy\" decoding=\"async\" width=\"1024\" height=\"768\" src=\"https:\/\/focotocantinense.com.br\/wp-content\/uploads\/2023\/04\/napo-costa-3-1024x768.jpg\" alt=\"\" class=\"wp-image-4508\" srcset=\"https:\/\/focotocantinense.com.br\/wp-content\/uploads\/2023\/04\/napo-costa-3-1024x768.jpg 1024w, https:\/\/focotocantinense.com.br\/wp-content\/uploads\/2023\/04\/napo-costa-3-300x225.jpg 300w, https:\/\/focotocantinense.com.br\/wp-content\/uploads\/2023\/04\/napo-costa-3-768x576.jpg 768w, https:\/\/focotocantinense.com.br\/wp-content\/uploads\/2023\/04\/napo-costa-3-1536x1152.jpg 1536w, https:\/\/focotocantinense.com.br\/wp-content\/uploads\/2023\/04\/napo-costa-3.jpg 1600w\" sizes=\"auto, (max-width: 1024px) 100vw, 1024px\" \/><\/figure>\n\n\n\n<figure class=\"wp-block-image size-full\"><img loading=\"lazy\" decoding=\"async\" width=\"638\" height=\"347\" src=\"https:\/\/focotocantinense.com.br\/wp-content\/uploads\/2023\/04\/1-CAVALGADA.jpg.jpg\" alt=\"\" class=\"wp-image-4493\" srcset=\"https:\/\/focotocantinense.com.br\/wp-content\/uploads\/2023\/04\/1-CAVALGADA.jpg.jpg 638w, https:\/\/focotocantinense.com.br\/wp-content\/uploads\/2023\/04\/1-CAVALGADA.jpg-300x163.jpg 300w\" sizes=\"auto, (max-width: 638px) 100vw, 638px\" \/><\/figure>\n\n\n\n<figure class=\"wp-block-image size-full\"><img loading=\"lazy\" decoding=\"async\" width=\"1011\" height=\"263\" src=\"https:\/\/focotocantinense.com.br\/wp-content\/uploads\/2023\/03\/VINI-8.jpg\" alt=\"\" class=\"wp-image-4350\" srcset=\"https:\/\/focotocantinense.com.br\/wp-content\/uploads\/2023\/03\/VINI-8.jpg 1011w, https:\/\/focotocantinense.com.br\/wp-content\/uploads\/2023\/03\/VINI-8-300x78.jpg 300w, https:\/\/focotocantinense.com.br\/wp-content\/uploads\/2023\/03\/VINI-8-768x200.jpg 768w\" sizes=\"auto, (max-width: 1011px) 100vw, 1011px\" \/><\/figure>\n","protected":false},"excerpt":{"rendered":"<p>Por Zacarias Martins A C\u00e2mara Municipal de Lagoa da Confus\u00e3o, aprovou, por unanimidade, o Projeto de Lei de autoria do vereador Napole\u00e3o Dion\u00edsio (Uni\u00e3o Brasil), que institui a tradicional Cavalgada Ecol\u00f3gica como evento do Patrim\u00f4nio Cultural do munic\u00edpio. O parlamentar argumenta que a realiza\u00e7\u00e3o desse evento anual em Lagoa da Confus\u00e3o tem como objetivo o &hellip;<\/p>\n","protected":false},"author":5,"featured_media":4493,"comment_status":"open","ping_status":"open","sticky":false,"template":"","format":"standard","meta":{"footnotes":""},"categories":[71],"tags":[],"class_list":["post-4496","post","type-post","status-publish","format-standard","has-post-thumbnail","","category-lagoa-da-confusao"],"_links":{"self":[{"href":"https:\/\/focotocantinense.com.br\/index.php?rest_route=\/wp\/v2\/posts\/4496","targetHints":{"allow":["GET"]}}],"collection":[{"href":"https:\/\/focotocantinense.com.br\/index.php?rest_route=\/wp\/v2\/posts"}],"about":[{"href":"https:\/\/focotocantinense.com.br\/index.php?rest_route=\/wp\/v2\/types\/post"}],"author":[{"embeddable":true,"href":"https:\/\/focotocantinense.com.br\/index.php?rest_route=\/wp\/v2\/users\/5"}],"replies":[{"embeddable":true,"href":"https:\/\/focotocantinense.com.br\/index.php?rest_route=%2Fwp%2Fv2%2Fcomments&post=4496"}],"version-history":[{"count":8,"href":"https:\/\/focotocantinense.com.br\/index.php?rest_route=\/wp\/v2\/posts\/4496\/revisions"}],"predecessor-version":[{"id":4510,"href":"https:\/\/focotocantinense.com.br\/index.php?rest_route=\/wp\/v2\/posts\/4496\/revisions\/4510"}],"wp:featuredmedia":[{"embeddable":true,"href":"https:\/\/focotocantinense.com.br\/index.php?rest_route=\/wp\/v2\/media\/4493"}],"wp:attachment":[{"href":"https:\/\/focotocantinense.com.br\/index.php?rest_route=%2Fwp%2Fv2%2Fmedia&parent=4496"}],"wp:term":[{"taxonomy":"category","embeddable":true,"href":"https:\/\/focotocantinense.com.br\/index.php?rest_route=%2Fwp%2Fv2%2Fcategories&post=4496"},{"taxonomy":"post_tag","embeddable":true,"href":"https:\/\/focotocantinense.com.br\/index.php?rest_route=%2Fwp%2Fv2%2Ftags&post=4496"}],"curies":[{"name":"wp","href":"https:\/\/api.w.org\/{rel}","templated":true}]}}