{"id":4486,"date":"2023-04-13T20:20:42","date_gmt":"2023-04-13T23:20:42","guid":{"rendered":"https:\/\/focotocantinense.com.br\/?p=4486"},"modified":"2023-04-13T20:22:00","modified_gmt":"2023-04-13T23:22:00","slug":"governador-wanderlei-barbosa-determina-reforco-policial-e-psicologos-para-escolas-do-estado","status":"publish","type":"post","link":"https:\/\/focotocantinense.com.br\/?p=4486","title":{"rendered":"Governador Wanderlei Barbosa determina refor\u00e7o policial e psic\u00f3logos para escolas do Estado"},"content":{"rendered":"\n<p>O governador Wanderlei Barbosa convocou nesta quinta-feira, 13, em seu gabinete, no Pal\u00e1cio Araguaia, representantes do Comit\u00ea de Preven\u00e7\u00e3o \u00e0 Viol\u00eancia e Promo\u00e7\u00e3o da Cultura de Paz no Ambiente Escolar para, juntos, alinharem a\u00e7\u00f5es na preven\u00e7\u00e3o de casos de viol\u00eancia nas escolas tocantinenses. O Chefe do Executivo determinou que os \u00f3rg\u00e3os empreguem todos os recursos necess\u00e1rios em atividades integradas de preven\u00e7\u00e3o, como refor\u00e7o policial e a amplia\u00e7\u00e3o na contrata\u00e7\u00e3o de psic\u00f3logos para todas as unidades escolares estaduais.<\/p>\n\n\n\n<p>\u201cEstamos aqui com a Secretaria de Seguran\u00e7a P\u00fablica, a Secretaria da Educa\u00e7\u00e3o e o Comando da Pol\u00edcia Militar, em decorr\u00eancia da preocupa\u00e7\u00e3o que temos com as nossas escolas; com a seguran\u00e7a de alunos e professores. Estamos trabalhando em um projeto. J\u00e1 estivemos com o Governo Federal e j\u00e1 h\u00e1 iniciativa nesse sentido em andamento. Aqui no Tocantins, n\u00f3s daremos toda \u00eanfase ao cuidado com a comunidade escolar para melhorar a seguran\u00e7a nas escolas e dar tranquilidade aos pais de alunos\u201d, afirmou Wanderlei Barbosa.<\/p>\n\n\n\n<p>Nas \u00faltimas semanas, ocorr\u00eancias de casos de viol\u00eancia em escolas por todo o pa\u00eds acenderam alerta para a necessidade da ado\u00e7\u00e3o de pol\u00edticas p\u00fablicas para prevenir ataques. No Tocantins, os \u00f3rg\u00e3os de seguran\u00e7a j\u00e1 est\u00e3o se mobilizando para promover a cultura de paz nas escolas. \u201cA Pol\u00edcia Militar est\u00e1 presente nas escolas, fazendo patrulhamento e melhorando a seguran\u00e7a nos arredores de ambientes escolares. A popula\u00e7\u00e3o tocantinense pode ficar tranquila. A Pol\u00edcia Militar est\u00e1 presente e continuar\u00e1 fazendo esse acesso \u00e0s escolas, conversando com os professores, com os alunos e com os pais para manter a seguran\u00e7a nas escolas\u201d, enfatizou o Chefe do Estado-Maior da Pol\u00edcia Militar (PMTO), coronel Cl\u00e1udio Thomaz Coelho de Souza.<\/p>\n\n\n\n<p>A Pol\u00edcia Civil tamb\u00e9m deu in\u00edcio a uma s\u00e9rie de visitas a escolas para tranquilizar e conscientizar a comunidade e inibir qualquer ato de viol\u00eancia. O secret\u00e1rio de Estado da Seguran\u00e7a P\u00fablica (SSP), Wlademir Costa Mota Oliveira, ressaltou que, al\u00e9m das visitas, o Setor de Intelig\u00eancia tamb\u00e9m est\u00e1 trabalhando para identificar amea\u00e7as.<\/p>\n\n\n\n<p>\u201cTemos protocolos que ser\u00e3o adotados e difundidos por todo o Estado, al\u00e9m de parcerias que ser\u00e3o realizadas com as prefeituras. O Minist\u00e9rio da Justi\u00e7a lan\u00e7ou edital com R$ 150 milh\u00f5es em investimento, visando esse combate, e precisamos estar juntos com as prefeituras pela seguran\u00e7a nas escolas. Diversas a\u00e7\u00f5es t\u00eam sido tomadas, como palestras para conscientiza\u00e7\u00e3o, al\u00e9m do monitoramento, por parte da nossa intelig\u00eancia, para detectar eventuais amea\u00e7as nas escolas. Assim, podemos agir rapidamente antes que alguma coisa aconte\u00e7a\u201d, assegurou o secret\u00e1rio.<\/p>\n\n\n\n<p>J\u00e1 o gestor da Secretaria de Estado da Educa\u00e7\u00e3o (Seduc), F\u00e1bio Vaz, enfatizou que o protocolo de seguran\u00e7a e preven\u00e7\u00e3o desenvolvido pelo Comit\u00ea ser\u00e1 implantado em todas as escolas do Tocantins. \u201cEstamos tratando a educa\u00e7\u00e3o como um&nbsp;<em>territ\u00f3rio<\/em>, ou seja, escolas estaduais, municipais e privadas, juntas. Vamos propor um protocolo comum a todas e levar a elas informa\u00e7\u00e3o, juntamente com a Seguran\u00e7a P\u00fablica. Temos tamb\u00e9m um olhar especial para o acolhimento ao estudante atrav\u00e9s de psic\u00f3logos para atender esses jovens, porque, \u00e0s vezes, outras quest\u00f5es sociais e emocionais podem estar reverberando nas escolas. Estamos atentos a todos os casos, tudo est\u00e1 sendo monitorado e agindo r\u00e1pido para frustrar qualquer tentativa\u201d, comentou.<\/p>\n\n\n\n<p>Por fim, o governador Wanderlei Barbosa deixou uma mensagem de esperan\u00e7a para pais, alunos e professores. \u201cQuero tranquilizar a sociedade tocantinense, porque nossas For\u00e7as de Seguran\u00e7a v\u00eam atuando em conjunto para melhorar a seguran\u00e7a nas escolas. Vamos promover a cultura de paz em todas as escolas, por meio de palestras, informa\u00e7\u00e3o e outros recursos\u201d, pontuou.<\/p>\n\n\n\n<p><img decoding=\"async\" src=\"https:\/\/central.to.gov.br\/image\/325107?w=670&amp;h=383\"><\/p>\n\n\n\n<p><em><strong>\u00d3rg\u00e3os da Seguran\u00e7a P\u00fablica e Educa\u00e7\u00e3o do Estado formaram um Comit\u00ea para adotar medidas preventivas em a\u00e7\u00f5es contra atos de viol\u00eancia em ambientes escolare &#8211; Foto: Aldemar Ribeiro\/Governo do Tocantins<\/strong><\/em><\/p>\n\n\n\n<figure class=\"wp-block-image\"><img decoding=\"async\" src=\"http:\/\/n1to.com.br\/img\/uploads\/VINI_22.jpg\" alt=\"\"\/><\/figure>\n","protected":false},"excerpt":{"rendered":"<p>O governador Wanderlei Barbosa convocou nesta quinta-feira, 13, em seu gabinete, no Pal\u00e1cio Araguaia, representantes do Comit\u00ea de Preven\u00e7\u00e3o \u00e0 Viol\u00eancia e Promo\u00e7\u00e3o da Cultura de Paz no Ambiente Escolar para, juntos, alinharem a\u00e7\u00f5es na preven\u00e7\u00e3o de casos de viol\u00eancia nas escolas tocantinenses. O Chefe do Executivo determinou que os \u00f3rg\u00e3os empreguem todos os recursos &hellip;<\/p>\n","protected":false},"author":5,"featured_media":4488,"comment_status":"open","ping_status":"open","sticky":false,"template":"","format":"standard","meta":{"footnotes":""},"categories":[37],"tags":[],"class_list":["post-4486","post","type-post","status-publish","format-standard","has-post-thumbnail","","category-palmas"],"_links":{"self":[{"href":"https:\/\/focotocantinense.com.br\/index.php?rest_route=\/wp\/v2\/posts\/4486","targetHints":{"allow":["GET"]}}],"collection":[{"href":"https:\/\/focotocantinense.com.br\/index.php?rest_route=\/wp\/v2\/posts"}],"about":[{"href":"https:\/\/focotocantinense.com.br\/index.php?rest_route=\/wp\/v2\/types\/post"}],"author":[{"embeddable":true,"href":"https:\/\/focotocantinense.com.br\/index.php?rest_route=\/wp\/v2\/users\/5"}],"replies":[{"embeddable":true,"href":"https:\/\/focotocantinense.com.br\/index.php?rest_route=%2Fwp%2Fv2%2Fcomments&post=4486"}],"version-history":[{"count":1,"href":"https:\/\/focotocantinense.com.br\/index.php?rest_route=\/wp\/v2\/posts\/4486\/revisions"}],"predecessor-version":[{"id":4487,"href":"https:\/\/focotocantinense.com.br\/index.php?rest_route=\/wp\/v2\/posts\/4486\/revisions\/4487"}],"wp:featuredmedia":[{"embeddable":true,"href":"https:\/\/focotocantinense.com.br\/index.php?rest_route=\/wp\/v2\/media\/4488"}],"wp:attachment":[{"href":"https:\/\/focotocantinense.com.br\/index.php?rest_route=%2Fwp%2Fv2%2Fmedia&parent=4486"}],"wp:term":[{"taxonomy":"category","embeddable":true,"href":"https:\/\/focotocantinense.com.br\/index.php?rest_route=%2Fwp%2Fv2%2Fcategories&post=4486"},{"taxonomy":"post_tag","embeddable":true,"href":"https:\/\/focotocantinense.com.br\/index.php?rest_route=%2Fwp%2Fv2%2Ftags&post=4486"}],"curies":[{"name":"wp","href":"https:\/\/api.w.org\/{rel}","templated":true}]}}