{"id":4476,"date":"2023-04-13T19:26:35","date_gmt":"2023-04-13T22:26:35","guid":{"rendered":"https:\/\/focotocantinense.com.br\/?p=4476"},"modified":"2023-04-13T19:27:48","modified_gmt":"2023-04-13T22:27:48","slug":"sebrae-tocantins-lanca-a-feira-gurupi-tem-nesta-sexta-feira-14","status":"publish","type":"post","link":"https:\/\/focotocantinense.com.br\/?p=4476","title":{"rendered":"Sebrae Tocantins lan\u00e7a a feira Gurupi Tem nesta sexta-feira, 14"},"content":{"rendered":"\n<p>Com a ideia de promover o fomento de neg\u00f3cios e a exposi\u00e7\u00e3o de produtos e servi\u00e7os de Gurupi, al\u00e9m de aquecer a economia local, o Sebrae Tocantins lan\u00e7a nesta sexta-feira, 14, a 3\u00b0 Edi\u00e7\u00e3o da Gurupi Tem. A feira de neg\u00f3cios ocorrer\u00e1 dos dias 14 a 17 de junho, no Centro de Conven\u00e7\u00f5es Mauro Cunha, em Gurupi. O evento, realizado em um espa\u00e7o de 5.300 metros quadrados, busca dar visibilidade \u00e0s potencialidades locais, por meio de uma programa\u00e7\u00e3o diversificada com cultura, gastronomia e exposi\u00e7\u00e3o de produtos e servi\u00e7os das empresas da cidade.<\/p>\n\n\n\n<figure class=\"wp-block-image size-full is-resized\"><img loading=\"lazy\" decoding=\"async\" src=\"https:\/\/focotocantinense.com.br\/wp-content\/uploads\/2023\/04\/FOTO-MARCOS-VELOSO.jpg\" alt=\"\" class=\"wp-image-4477\" width=\"365\" height=\"189\" srcset=\"https:\/\/focotocantinense.com.br\/wp-content\/uploads\/2023\/04\/FOTO-MARCOS-VELOSO.jpg 919w, https:\/\/focotocantinense.com.br\/wp-content\/uploads\/2023\/04\/FOTO-MARCOS-VELOSO-300x156.jpg 300w, https:\/\/focotocantinense.com.br\/wp-content\/uploads\/2023\/04\/FOTO-MARCOS-VELOSO-768x400.jpg 768w\" sizes=\"auto, (max-width: 365px) 100vw, 365px\" \/><\/figure>\n\n\n\n<p>A Gurupi Tem j\u00e1 se consolidou como um evento estrat\u00e9gico e de neg\u00f3cios no calend\u00e1rio do Tocantins. Neste ano, a previs\u00e3o \u00e9 de um p\u00fablico de 30 mil visitantes, 130 expositores e R$ 4 milh\u00f5es em gera\u00e7\u00e3o de neg\u00f3cios. Nas duas edi\u00e7\u00f5es anteriores foram gerados mais de 5 milh\u00f5es em neg\u00f3cios e contou com a participa\u00e7\u00e3o de 185 expositores com aproximadamente 40 mil visitantes.<\/p>\n\n\n\n<p>Conforme a gerente do Sebrae, Paula Alencar, a feira de neg\u00f3cios \u00e9 um espa\u00e7o estrat\u00e9gico para os empres\u00e1rios divulgarem a marca de suas empresas, fazerem a exposi\u00e7\u00e3o e venda de produtos e servi\u00e7os, al\u00e9m de ser perfeito para fazer network. \u201cAl\u00e9m de proporcionar um ambiente favor\u00e1vel para os empres\u00e1rios fazerem neg\u00f3cios, o Sebrae tamb\u00e9m realiza capacita\u00e7\u00f5es para preparar os expositores e suas equipes para participarem do evento\u201d, esclarece a gerente.<\/p>\n\n\n\n<p>A programa\u00e7\u00e3o contempla Espa\u00e7o Moda e Beleza, Apresenta\u00e7\u00f5es Culturais, Desfiles, Estandes de Produtos e Servi\u00e7os Diversos, Pra\u00e7a de Alimenta\u00e7\u00e3o, Espa\u00e7o Plantas e Flores, Espa\u00e7o Pet e Sal\u00e3o do Autom\u00f3vel.<\/p>\n\n\n\n<p>Para o superintendente do Sebrae, R\u00e9rison Ant\u00f4nio iniciativas como esta movimentam a economia e fazem o dinheiro circular no munic\u00edpio. \u201cQueremos mostrar a for\u00e7a do empreendedor gurupiense que supera as dificuldades e faz acontecer. S\u00f3 o fato de estarmos na terceira edi\u00e7\u00e3o j\u00e1 mostra o quanto o com\u00e9rcio local \u00e9 pujante\u201d, ressalta.&nbsp;<\/p>\n\n\n\n<figure class=\"wp-block-image\"><img decoding=\"async\" src=\"http:\/\/n1to.com.br\/img\/uploads\/VINI_22.jpg\" alt=\"\"\/><\/figure>\n","protected":false},"excerpt":{"rendered":"<p>Com a ideia de promover o fomento de neg\u00f3cios e a exposi\u00e7\u00e3o de produtos e servi\u00e7os de Gurupi, al\u00e9m de aquecer a economia local, o Sebrae Tocantins lan\u00e7a nesta sexta-feira, 14, a 3\u00b0 Edi\u00e7\u00e3o da Gurupi Tem. A feira de neg\u00f3cios ocorrer\u00e1 dos dias 14 a 17 de junho, no Centro de Conven\u00e7\u00f5es Mauro Cunha, &hellip;<\/p>\n","protected":false},"author":5,"featured_media":4477,"comment_status":"open","ping_status":"open","sticky":false,"template":"","format":"standard","meta":{"footnotes":""},"categories":[38],"tags":[],"class_list":["post-4476","post","type-post","status-publish","format-standard","has-post-thumbnail","","category-gurupi"],"_links":{"self":[{"href":"https:\/\/focotocantinense.com.br\/index.php?rest_route=\/wp\/v2\/posts\/4476","targetHints":{"allow":["GET"]}}],"collection":[{"href":"https:\/\/focotocantinense.com.br\/index.php?rest_route=\/wp\/v2\/posts"}],"about":[{"href":"https:\/\/focotocantinense.com.br\/index.php?rest_route=\/wp\/v2\/types\/post"}],"author":[{"embeddable":true,"href":"https:\/\/focotocantinense.com.br\/index.php?rest_route=\/wp\/v2\/users\/5"}],"replies":[{"embeddable":true,"href":"https:\/\/focotocantinense.com.br\/index.php?rest_route=%2Fwp%2Fv2%2Fcomments&post=4476"}],"version-history":[{"count":3,"href":"https:\/\/focotocantinense.com.br\/index.php?rest_route=\/wp\/v2\/posts\/4476\/revisions"}],"predecessor-version":[{"id":4480,"href":"https:\/\/focotocantinense.com.br\/index.php?rest_route=\/wp\/v2\/posts\/4476\/revisions\/4480"}],"wp:featuredmedia":[{"embeddable":true,"href":"https:\/\/focotocantinense.com.br\/index.php?rest_route=\/wp\/v2\/media\/4477"}],"wp:attachment":[{"href":"https:\/\/focotocantinense.com.br\/index.php?rest_route=%2Fwp%2Fv2%2Fmedia&parent=4476"}],"wp:term":[{"taxonomy":"category","embeddable":true,"href":"https:\/\/focotocantinense.com.br\/index.php?rest_route=%2Fwp%2Fv2%2Fcategories&post=4476"},{"taxonomy":"post_tag","embeddable":true,"href":"https:\/\/focotocantinense.com.br\/index.php?rest_route=%2Fwp%2Fv2%2Ftags&post=4476"}],"curies":[{"name":"wp","href":"https:\/\/api.w.org\/{rel}","templated":true}]}}