{"id":4471,"date":"2023-04-13T16:55:57","date_gmt":"2023-04-13T19:55:57","guid":{"rendered":"https:\/\/focotocantinense.com.br\/?p=4471"},"modified":"2023-04-13T16:56:54","modified_gmt":"2023-04-13T19:56:54","slug":"gurupienses-que-integram-o-conselho-de-politicas-culturais-do-tocantins-apresentam-demandas-ao-secretario-de-cultura","status":"publish","type":"post","link":"https:\/\/focotocantinense.com.br\/?p=4471","title":{"rendered":"Gurupienses que integram o Conselho de Pol\u00edticas Culturais do Tocantins apresentam demandas ao secret\u00e1rio de Cultura"},"content":{"rendered":"\n<p><strong><em>Por Zacarias Martins<\/em><\/strong><\/p>\n\n\n\n<p>Foi realizado um encontro na manh\u00e3 desta quinta-feira, 13, na capital Palmas, com os membros do Conselho de Pol\u00edticas Culturais do Tocantins, que conta com dois representantes gurupienses, a presidente da AGA- Associa\u00e7\u00e3o Gurupiense dos Artes\u00e3os, Maria do Socorro Souza, na C\u00e2mara Setorial de Artesanato e o Gestor P\u00fablico e ativista sociocultural, Vin\u00edcius Martins, na C\u00e2mara Setorial de Teatro e Circo.<\/p>\n\n\n\n<p>A presidente da AGA, Maria do Socorro levou ao conhecimento do secret\u00e1rio de Cultura do Estado, Ti\u00e3o Pinheiro, as principais demandas dos artes\u00e3os. Dentre elas, que o governo do estado tenha uma aten\u00e7\u00e3o melhor com as regi\u00f5es mais afastadas da capital, bem como, que as a\u00e7\u00f5es governamentais sejam descentralizadas para que os artes\u00e3os do interior tenham seu trabalho fortalecido, possibilitando, assim, um fomento &nbsp;mais expressivo na economia de seus munic\u00edpios.<\/p>\n\n\n\n<p>Para Vin\u00edcius Martins, o Estado vive um importante momento com a cria\u00e7\u00e3o da Secretaria de Cultura do Estado, luta antiga da classe e que agora, &nbsp;com o atual governo, &nbsp;foi poss\u00edvel a cria\u00e7\u00e3o e a escolha do experiente Ti\u00e3o Pinheiro. \u201cO ingresso de Ti\u00e3o Pinheiro na Pasta da Cultura &nbsp;foi vista com bons olhos pela classe\u201d, asseverou.<\/p>\n\n\n\n<p>Segundo o artista, com um conselho de cultura bem estruturado e uma Secretaria alinhada aos interesses da comunidade, ser\u00e1 poss\u00edvel, finalmente, avan\u00e7ar depois de mais de 10 anos de abandono pol\u00edtico para com a Cultura do Tocantins\u201d, finalizou, Vin\u00edcius Martins.<\/p>\n\n\n\n<figure class=\"wp-block-image size-full is-resized\"><img loading=\"lazy\" decoding=\"async\" src=\"https:\/\/focotocantinense.com.br\/wp-content\/uploads\/2023\/04\/XXXXXXXXXXXXXX.jpg\" alt=\"\" class=\"wp-image-4473\" width=\"833\" height=\"472\" srcset=\"https:\/\/focotocantinense.com.br\/wp-content\/uploads\/2023\/04\/XXXXXXXXXXXXXX.jpg 677w, https:\/\/focotocantinense.com.br\/wp-content\/uploads\/2023\/04\/XXXXXXXXXXXXXX-300x170.jpg 300w\" sizes=\"auto, (max-width: 833px) 100vw, 833px\" \/><\/figure>\n\n\n\n<figure class=\"wp-block-image size-full is-style-default\"><img loading=\"lazy\" decoding=\"async\" width=\"1011\" height=\"263\" src=\"https:\/\/focotocantinense.com.br\/wp-content\/uploads\/2023\/03\/VINI-8.jpg\" alt=\"\" class=\"wp-image-4350\" srcset=\"https:\/\/focotocantinense.com.br\/wp-content\/uploads\/2023\/03\/VINI-8.jpg 1011w, https:\/\/focotocantinense.com.br\/wp-content\/uploads\/2023\/03\/VINI-8-300x78.jpg 300w, https:\/\/focotocantinense.com.br\/wp-content\/uploads\/2023\/03\/VINI-8-768x200.jpg 768w\" sizes=\"auto, (max-width: 1011px) 100vw, 1011px\" \/><\/figure>\n","protected":false},"excerpt":{"rendered":"<p>Por Zacarias Martins Foi realizado um encontro na manh\u00e3 desta quinta-feira, 13, na capital Palmas, com os membros do Conselho de Pol\u00edticas Culturais do Tocantins, que conta com dois representantes gurupienses, a presidente da AGA- Associa\u00e7\u00e3o Gurupiense dos Artes\u00e3os, Maria do Socorro Souza, na C\u00e2mara Setorial de Artesanato e o Gestor P\u00fablico e ativista sociocultural, &hellip;<\/p>\n","protected":false},"author":5,"featured_media":4472,"comment_status":"open","ping_status":"open","sticky":false,"template":"","format":"standard","meta":{"footnotes":""},"categories":[1],"tags":[],"class_list":["post-4471","post","type-post","status-publish","format-standard","has-post-thumbnail","","category-sem-categoria"],"_links":{"self":[{"href":"https:\/\/focotocantinense.com.br\/index.php?rest_route=\/wp\/v2\/posts\/4471","targetHints":{"allow":["GET"]}}],"collection":[{"href":"https:\/\/focotocantinense.com.br\/index.php?rest_route=\/wp\/v2\/posts"}],"about":[{"href":"https:\/\/focotocantinense.com.br\/index.php?rest_route=\/wp\/v2\/types\/post"}],"author":[{"embeddable":true,"href":"https:\/\/focotocantinense.com.br\/index.php?rest_route=\/wp\/v2\/users\/5"}],"replies":[{"embeddable":true,"href":"https:\/\/focotocantinense.com.br\/index.php?rest_route=%2Fwp%2Fv2%2Fcomments&post=4471"}],"version-history":[{"count":2,"href":"https:\/\/focotocantinense.com.br\/index.php?rest_route=\/wp\/v2\/posts\/4471\/revisions"}],"predecessor-version":[{"id":4475,"href":"https:\/\/focotocantinense.com.br\/index.php?rest_route=\/wp\/v2\/posts\/4471\/revisions\/4475"}],"wp:featuredmedia":[{"embeddable":true,"href":"https:\/\/focotocantinense.com.br\/index.php?rest_route=\/wp\/v2\/media\/4472"}],"wp:attachment":[{"href":"https:\/\/focotocantinense.com.br\/index.php?rest_route=%2Fwp%2Fv2%2Fmedia&parent=4471"}],"wp:term":[{"taxonomy":"category","embeddable":true,"href":"https:\/\/focotocantinense.com.br\/index.php?rest_route=%2Fwp%2Fv2%2Fcategories&post=4471"},{"taxonomy":"post_tag","embeddable":true,"href":"https:\/\/focotocantinense.com.br\/index.php?rest_route=%2Fwp%2Fv2%2Ftags&post=4471"}],"curies":[{"name":"wp","href":"https:\/\/api.w.org\/{rel}","templated":true}]}}