{"id":4465,"date":"2023-04-12T21:51:58","date_gmt":"2023-04-13T00:51:58","guid":{"rendered":"https:\/\/focotocantinense.com.br\/?p=4465"},"modified":"2023-04-12T21:54:42","modified_gmt":"2023-04-13T00:54:42","slug":"governador-wanderlei-barbosa-participa-da-abertura-da-agrosudeste-e-destaca-acoes-do-estado-para-consolidar-avancos-no-campo","status":"publish","type":"post","link":"https:\/\/focotocantinense.com.br\/?p=4465","title":{"rendered":"Governador Wanderlei Barbosa participa da abertura da Agrosudeste e destaca a\u00e7\u00f5es do Estado para consolidar avan\u00e7os no campo"},"content":{"rendered":"\n<p>O governador Wanderlei Barbosa participou nesta quarta-feira, 12, da abertura oficial da Feira Agrotecnol\u00f3gica da Regi\u00e3o Sudeste do Tocantins (Agrosudeste), realizada no Parque Agropecu\u00e1rio Nei\u00e7on Gomes, no munic\u00edpio de Almas. Em sua s\u00e9tima edi\u00e7\u00e3o, o evento aborda a tem\u00e1tica da&nbsp;<em>Sustentabilidade no Campo<\/em>, consolidando-se como a principal feira do setor agropecu\u00e1rio na Regi\u00e3o Sudeste do Estado.<\/p>\n\n\n\n<p>Realizada com apoio do Governo do Tocantins, a Agrosudeste \u00e9 uma vitrine de tecnologia e inova\u00e7\u00e3o no campo para 25 munic\u00edpios da regi\u00e3o. Na abertura oficial, o governador Wanderlei Barbosa ressaltou a abrang\u00eancia do evento. &#8220;A Agrosudeste \u00e9, sem d\u00favida, um grande evento e demonstra a for\u00e7a do nosso agroneg\u00f3cio, n\u00e3o apenas na Regi\u00e3o Sudeste, j\u00e1 ela tamb\u00e9m atrai expositores e produtores do estado da Bahia, por exemplo, que v\u00eam para c\u00e1 participar e fechar neg\u00f3cios. O Governo do Tocantins \u00e9 parceiro das feiras e exposi\u00e7\u00f5es agropecu\u00e1rias que re\u00fanem interesse social e econ\u00f4mico&#8221;, disse.&nbsp;<\/p>\n\n\n\n<p>O Governador tamb\u00e9m visitou estandes, conversou com expositores, conheceu as principais novidades da feira e at\u00e9 arriscou passos de s\u00facia junto com estudantes do Col\u00e9gio Estadual Dr. Abner Ara\u00fajo Pacini.<\/p>\n\n\n\n<p>A Agrosudeste aborda neste ano as cadeias produtivas de horticultura, piscicultura, bovinocultura e fruticultura. O evento traz ainda exposi\u00e7\u00f5es de animais, maquin\u00e1rio, ve\u00edculos e insumos agr\u00edcolas, al\u00e9m de produtos da agricultura familiar. Segundo o presidente da feira, Jo\u00e3o Albuquerque Filho, a expectativa de neg\u00f3cios \u00e9 estimada em R$ 20 milh\u00f5es.<\/p>\n\n\n\n<p>O Governo do Tocantins montou um pavilh\u00e3o institucional no evento, com estandes do Instituto de Desenvolvimento Rural do Tocantins (Ruraltins); da Secretaria de Estado da Agricultura e Pecu\u00e1ria (Seagro); do Instituto Natureza do Tocantins (Naturatins), e demais pastas, levando atendimento ao produtor rural e \u00e0 popula\u00e7\u00e3o em geral. &#8220;Fizemos quest\u00e3o de estar aqui presente para prestigiar o evento e demonstrar o apoio do Governo do Tocantins no agroneg\u00f3cio, que \u00e9 de fundamental import\u00e2ncia para o nosso Estado&#8221;, afirmou o vice-governador, Laurez Moreira.<\/p>\n\n\n\n<p>Quem visitar a feira tamb\u00e9m vai conhecer vitrines agr\u00edcolas com inova\u00e7\u00f5es e tecnologias, e Dias de Campo com foco no potencial agr\u00edcola da regi\u00e3o. &#8220;A Agrosudeste traz transfer\u00eancia de tecnologia e conhecimento, especialmente para os pequenos produtores. A estrutura foi toda pensada para que o produtor possa ter acesso a linhas de cr\u00e9dito e institui\u00e7\u00f5es de pesquisa, trazendo desenvolvimento para a regi\u00e3o&#8221;, explicou o secret\u00e1rio da Agricultura e Pecu\u00e1ria, Jaime Caf\u00e9.<\/p>\n\n\n\n<p>Para o criador de alevinos Auri Hudson, que cria peixes em uma fazenda no munic\u00edpio de Almas, a Feira \u00e9 uma oportunidade para expor atividades e t\u00e9cnicas de manejo. Al\u00e9m de comercializar sua produ\u00e7\u00e3o, o aquicultor tamb\u00e9m faz doa\u00e7\u00f5es de alevinos para comunidades quilombolas. &#8220;Somos parceiros da Agrosudeste desde a primeira edi\u00e7\u00e3o. \u00c9 um evento muito importante para a gente expor nossos produtos e servi\u00e7os para novos clientes&#8221;, disse.<\/p>\n\n\n\n<p>Os estudantes do Col\u00e9gio Estadual Agropecu\u00e1rio de Almas tamb\u00e9m aproveitaram o evento para demonstrar os conhecimentos adquiridos em sala de aula e no campo. &#8220;A feira \u00e9 uma oportunidade de adquirir novos conhecimentos na \u00e1rea t\u00e9cnica rural, que \u00e9 a carreira que pretendo seguir&#8221;, disse o estudante Jos\u00e9 Carlos Cardoso.<\/p>\n\n\n\n<p>Ainda na programa\u00e7\u00e3o, est\u00e3o previstos shows musicais, apresenta\u00e7\u00f5es assistidas e culturais, e uma cavalgada no encerramento da Agrosudeste, no pr\u00f3ximo s\u00e1bado, dia 15.<\/p>\n\n\n\n<p>&#8220;O que n\u00f3s temos de melhor no setor do agroneg\u00f3cio est\u00e1 aqui em Almas nesses cinco dias de evento. A Agrosudeste \u00e9 a segunda maior feira agrotecnol\u00f3gica do Tocantins, ficando atr\u00e1s apenas da Agrotins. Por isso, estamos muito felizes e satisfeitos com a dimens\u00e3o desse evento e a presen\u00e7a do governador Wanderlei Barbosa&#8221;, agradeceu o prefeito de Almas, Wagner Nepomuceno Carvalho.<\/p>\n\n\n\n<p><strong>Regulariza\u00e7\u00e3o fundi\u00e1ria<\/strong><\/p>\n\n\n\n<p>Durante a abertura da Feira, o Governo do Tocantins, por meio do Instituto de Terras do Tocantins (Itertins), entregou 12 t\u00edtulos definitivos a fam\u00edlias de Almas, totalizando mais de mil hectares de \u00e1rea regularizada. O presidente do \u00f3rg\u00e3o, Robson Figueiredo, destacou a preocupa\u00e7\u00e3o do Governo em garantir seguran\u00e7a jur\u00eddica \u00e0s fam\u00edlias. \u201cNosso trabalho objetiva principalmente a sustenta\u00e7\u00e3o da seguran\u00e7a jur\u00eddica nas rela\u00e7\u00f5es de propriedade, o fomento ao desenvolvimento econ\u00f4mico sustent\u00e1vel e ao bem-estar das fam\u00edlias dos agricultores&#8221;.<\/p>\n\n\n\n<p><strong>Minera\u00e7\u00e3o<\/strong><\/p>\n\n\n\n<p>Ap\u00f3s a abertura da Agrosudeste, o Governador seguiu para o local onde a multinacional Aura Minerals instalou uma planta de extra\u00e7\u00e3o de ouro no munic\u00edpio de Almas. Ele fez uma visita \u00e0 mina de onde \u00e9 extra\u00eddo o min\u00e9rio e conheceu as etapas de beneficiamento do ouro. Ao final, Wanderlei Barbosa entregou \u00e0 empresa a licen\u00e7a de opera\u00e7\u00e3o concedida pelo Naturatins.<\/p>\n\n\n\n<p>&#8220;O Tocantins pode ser, futuramente, a nova fronteira da minera\u00e7\u00e3o de ouro no Brasil e n\u00f3s queremos ser refer\u00eancia nesse processo de investimentos nesse setor aqui no Estado&#8221;, comemorou o presidente da Aura, Rodrigo Barbosa.<\/p>\n\n\n\n<p>&#8220;O resultado que buscamos \u00e9 a gera\u00e7\u00e3o de oportunidades. Nosso Governo tem compromisso com o crescimento do Estado e em melhorar as condi\u00e7\u00f5es de nossos munic\u00edpios, autorizando as empresas a se instalarem aqui, gerando emprego e renda, com responsabilidade social&#8221;, encerrou o Governador.<\/p>\n\n\n\n<p><strong>Agrosudeste<\/strong><\/p>\n\n\n\n<p>A Agrosudeste \u00e9 uma realiza\u00e7\u00e3o da Central das Associa\u00e7\u00f5es de Produtores Rurais de Almas e Porto Alegre, com apoio de institui\u00e7\u00f5es p\u00fablicas e privadas, dentre eles o Governo do Tocantins, a Prefeitura Municipal de Almas, o Servi\u00e7o Brasileiro de Apoio \u00e0s Micro e Pequenas Empresas (Sebrae), bem como as empresas Aura Minera\u00e7\u00e3o e a M\u00fatua.<\/p>\n\n\n\n<p>Atualmente, a feira envolve 25 munic\u00edpios do Estado sendo eles: Almas, Dian\u00f3polis, Natividade, Porto Alegre, Chapada da Natividade, Taguatinga, Aurora do Tocantins, Concei\u00e7\u00e3o do Tocantins, Ponte Alta do bom Jesus, Ponte Alta do Tocantins, Arraias, S\u00e3o Val\u00e9rio da Natividade, Santa Rosa do Tocantins, Pindorama, Lavandeira, Rio da Concei\u00e7\u00e3o, Novo Jardim, Taipas, Combinado, Novo Alegre, Paran\u00e3, Palmeir\u00f3polis, Palmas, S\u00e3o Salvador e Silvan\u00f3polis. Al\u00e9m de outros estados, como Bahia, Goi\u00e1s, S\u00e3o Paulo e Rio Grande do Sul.<\/p>\n\n\n\n<p><img decoding=\"async\" src=\"https:\/\/central.to.gov.br\/image\/324893?w=670&amp;h=383\"><\/p>\n\n\n\n<p><em><strong>O governador Wanderlei Barbosa refor\u00e7ou que o Governo do Tocantins \u00e9 parceiro das feiras e exposi\u00e7\u00f5es agropecu\u00e1rias que re\u00fanem interesse social e econ\u00f4mico &#8211; Foto:&nbsp; Esequias Ara\u00fajo\/Governo do Tocantins<\/strong><\/em><\/p>\n\n\n\n<figure class=\"wp-block-image\"><img decoding=\"async\" src=\"https:\/\/central.to.gov.br\/image\/324894?w=670&amp;h=383\" alt=\"\"\/><\/figure>\n\n\n\n<p><em><strong>Em sua s\u00e9tima edi\u00e7\u00e3o, o Agrosudeste aborda a tem\u00e1tica da Sustentabilidade no Campo&nbsp; &#8211;&nbsp; Foto: Esequias Ara\u00fajo\/Governo do Tocantins&nbsp;<\/strong><\/em><\/p>\n\n\n\n<p><\/p>\n\n\n\n<figure class=\"wp-block-image size-full\"><img loading=\"lazy\" decoding=\"async\" width=\"1011\" height=\"263\" src=\"https:\/\/focotocantinense.com.br\/wp-content\/uploads\/2023\/04\/VINI.jpg\" alt=\"\" class=\"wp-image-4365\" srcset=\"https:\/\/focotocantinense.com.br\/wp-content\/uploads\/2023\/04\/VINI.jpg 1011w, https:\/\/focotocantinense.com.br\/wp-content\/uploads\/2023\/04\/VINI-300x78.jpg 300w, https:\/\/focotocantinense.com.br\/wp-content\/uploads\/2023\/04\/VINI-768x200.jpg 768w\" sizes=\"auto, (max-width: 1011px) 100vw, 1011px\" \/><\/figure>\n","protected":false},"excerpt":{"rendered":"<p>O governador Wanderlei Barbosa participou nesta quarta-feira, 12, da abertura oficial da Feira Agrotecnol\u00f3gica da Regi\u00e3o Sudeste do Tocantins (Agrosudeste), realizada no Parque Agropecu\u00e1rio Nei\u00e7on Gomes, no munic\u00edpio de Almas. Em sua s\u00e9tima edi\u00e7\u00e3o, o evento aborda a tem\u00e1tica da&nbsp;Sustentabilidade no Campo, consolidando-se como a principal feira do setor agropecu\u00e1rio na Regi\u00e3o Sudeste do Estado. &hellip;<\/p>\n","protected":false},"author":5,"featured_media":4466,"comment_status":"open","ping_status":"open","sticky":false,"template":"","format":"standard","meta":{"footnotes":""},"categories":[111],"tags":[],"class_list":["post-4465","post","type-post","status-publish","format-standard","has-post-thumbnail","","category-almas"],"_links":{"self":[{"href":"https:\/\/focotocantinense.com.br\/index.php?rest_route=\/wp\/v2\/posts\/4465","targetHints":{"allow":["GET"]}}],"collection":[{"href":"https:\/\/focotocantinense.com.br\/index.php?rest_route=\/wp\/v2\/posts"}],"about":[{"href":"https:\/\/focotocantinense.com.br\/index.php?rest_route=\/wp\/v2\/types\/post"}],"author":[{"embeddable":true,"href":"https:\/\/focotocantinense.com.br\/index.php?rest_route=\/wp\/v2\/users\/5"}],"replies":[{"embeddable":true,"href":"https:\/\/focotocantinense.com.br\/index.php?rest_route=%2Fwp%2Fv2%2Fcomments&post=4465"}],"version-history":[{"count":3,"href":"https:\/\/focotocantinense.com.br\/index.php?rest_route=\/wp\/v2\/posts\/4465\/revisions"}],"predecessor-version":[{"id":4470,"href":"https:\/\/focotocantinense.com.br\/index.php?rest_route=\/wp\/v2\/posts\/4465\/revisions\/4470"}],"wp:featuredmedia":[{"embeddable":true,"href":"https:\/\/focotocantinense.com.br\/index.php?rest_route=\/wp\/v2\/media\/4466"}],"wp:attachment":[{"href":"https:\/\/focotocantinense.com.br\/index.php?rest_route=%2Fwp%2Fv2%2Fmedia&parent=4465"}],"wp:term":[{"taxonomy":"category","embeddable":true,"href":"https:\/\/focotocantinense.com.br\/index.php?rest_route=%2Fwp%2Fv2%2Fcategories&post=4465"},{"taxonomy":"post_tag","embeddable":true,"href":"https:\/\/focotocantinense.com.br\/index.php?rest_route=%2Fwp%2Fv2%2Ftags&post=4465"}],"curies":[{"name":"wp","href":"https:\/\/api.w.org\/{rel}","templated":true}]}}