{"id":4446,"date":"2023-04-12T17:26:00","date_gmt":"2023-04-12T20:26:00","guid":{"rendered":"https:\/\/focotocantinense.com.br\/?p=4446"},"modified":"2023-04-12T17:29:01","modified_gmt":"2023-04-12T20:29:01","slug":"organizacao-do-i-congresso-febtur-comemora-amplo-apoio-de-gestores-e-do-trade-turistico-ao-evento","status":"publish","type":"post","link":"https:\/\/focotocantinense.com.br\/?p=4446","title":{"rendered":"Organiza\u00e7\u00e3o do I Congresso Febtur comemora amplo apoio de gestores e do trade tur\u00edstico ao evento"},"content":{"rendered":"\n<p>\u201cSalvador \u00e9 uma cidade inclusiva nos seus diversos aspectos culturais, que repercutem diretamente no turismo, e essa inclus\u00e3o t\u00e3o diversificada precisa ser mostrada para os jornalistas que aqui estar\u00e3o e \u00e9 por isso que estamos apoiando este evento sem restri\u00e7\u00f5es.\u201d Com estas palavras, o secret\u00e1rio de Cultura e Turismo de Salvador, Pedro Tourinho, traz uma vis\u00e3o de \u2018inclus\u00e3o\u2019 para ser debatida durante o I Congresso Febtur de Jornalistas e Comunicadores de Turismo.<\/p>\n\n\n\n<p>A Prefeitura de Salvador, por meio de sua Secretaria de Cultura (Secult), \u00e9 uma das apoiadoras deste grande evento, al\u00e9m da parceria com o Governo da Bahia, por interm\u00e9dio da Secretaria de Turismo (Setur\/BA).<\/p>\n\n\n\n<p>A lista de parcerias tamb\u00e9m inclui entidades reconhecidas por apoiar as boas iniciativas dos jornalistas de turismo voltadas ao desenvolvimento do turismo: o Servi\u00e7o Brasileiro de Apoio \u00e0s Micro e Pequenas Empresas (Sebrae\/BA), a Federa\u00e7\u00e3o do Com\u00e9rcio de Bens, Servi\u00e7os e Turismo (Fecom\u00e9rcio\/BA), por meio da Federa\u00e7\u00e3o Brasileira de Hospedagem e Alimenta\u00e7\u00e3o (FBHA), o Conselho Baiano de Turismo (CBTUR), o Salvador Destination e a Associa\u00e7\u00e3o Brasileira da Ind\u00fastria de Hoteis (ABIH\/BA).&nbsp;<\/p>\n\n\n\n<p>O Congresso Febtur ser\u00e1 realizado no Sal\u00e3o M\u00e1rio Cravo, na Casa do Com\u00e9rcio &#8211; Fecom\u00e9rcio, em Salvador, de 1\u00ba a 3 de junho. A escolha do local \u00e9 em raz\u00e3o de sua estrutura moderna e acess\u00edvel, al\u00e9m de estar situada em uma regi\u00e3o privilegiada da capital baiana.<\/p>\n\n\n\n<p>Com o objetivo de debater e discutir temas relevantes para a \u00e1rea de turismo, o evento reunir\u00e1 jornalistas, comunicadores, gestores p\u00fablicos, empres\u00e1rios, pesquisadores e estudantes. Ser\u00e1 uma programa\u00e7\u00e3o intensa, com mesas-redondas, palestras e atividades culturais. Segundo o presidente nacional da Febtur, Gorg\u00f4nio Loureiro, o apoio recebido do trade tur\u00edstico da Bahia e dos governantes do Estado e do munic\u00edpio de Salvador \u00e9 de extrema import\u00e2ncia para a realiza\u00e7\u00e3o do Congresso. \u201cCom a participa\u00e7\u00e3o desses atores, o evento ganha maior visibilidade e voz, al\u00e9m de se tornar acess\u00edvel a um p\u00fablico mais amplo\u201d, ressaltando ainda que o secret\u00e1rio de Turismo do Estado, Maur\u00edcio Bacellar, tamb\u00e9m est\u00e1 empenhado em atender as solicita\u00e7\u00f5es, para que este seja um Congresso de alta qualidade.&nbsp; &nbsp;<\/p>\n\n\n\n<p>Segundo Heloisa Braga, presidente da Febtur Bahia, organizadora do evento, estes apoios demonstram a import\u00e2ncia do congresso para a \u00e1rea de comunica\u00e7\u00e3o do turismo. \u201cEstamos muito felizes com os apoios que estamos recebendo. Isso mostra que o nosso evento \u00e9 relevante e est\u00e1 alinhado com as demandas do setor. Esperamos que o Congresso seja um sucesso e que possamos contribuir para o fortalecimento do turismo no Brasil\u201d, declara.&nbsp;<\/p>\n\n\n\n<p>O I Congresso Febtur de Jornalistas e Comunicadores de Turismo ser\u00e1 realizado entre 1\u00ba e 3 de junho. As inscri\u00e7\u00f5es est\u00e3o abertas e podem ser feitas clicando&nbsp;<strong><a href=\"https:\/\/www.sympla.com.br\/evento\/i-congresso-febtur-de-jornalistas-e-comunicadores-de-turismo\/1918942?lang=PT\">aqui<\/a>.<\/strong><\/p>\n\n\n\n<figure class=\"wp-block-image\"><img decoding=\"async\" src=\"http:\/\/n1to.com.br\/img\/uploads\/bbbbbbbbbbbbbbbbb.jpg\" alt=\"\"\/><\/figure>\n\n\n\n<p><strong>\u00a0Em reuni\u00e3o com o Governador em exerc\u00edcio Geraldo J\u00fanior e o secret\u00e1rio de Turismo da Bahia Mauricio Bacellar, o presidente nacional Gorg\u00f4nio Loureiro e Heloisa Braga, presidente da Febtur Bahia, agradeceram todo apoio para a realiza\u00e7\u00e3o do I Congresso da Febtur em Salvador\u00a0<\/strong><\/p>\n\n\n\n<figure class=\"wp-block-image size-full\"><img loading=\"lazy\" decoding=\"async\" width=\"937\" height=\"506\" src=\"https:\/\/focotocantinense.com.br\/wp-content\/uploads\/2023\/04\/aaaaaaaaaaaaa-2.jpg\" alt=\"\" class=\"wp-image-4447\" srcset=\"https:\/\/focotocantinense.com.br\/wp-content\/uploads\/2023\/04\/aaaaaaaaaaaaa-2.jpg 937w, https:\/\/focotocantinense.com.br\/wp-content\/uploads\/2023\/04\/aaaaaaaaaaaaa-2-300x162.jpg 300w, https:\/\/focotocantinense.com.br\/wp-content\/uploads\/2023\/04\/aaaaaaaaaaaaa-2-768x415.jpg 768w\" sizes=\"auto, (max-width: 937px) 100vw, 937px\" \/><\/figure>\n\n\n\n<p><strong><em>Para alinhar as a\u00e7\u00f5es da Prefeitura de Salvador atrav\u00e9s da Secult, Gorg\u00f4nio Loureiro e Heloisa Braga, tiveram almo\u00e7o de trabalho com a sub-secret\u00e1ria Rafaela Pond\u00e9, o diretor de Turismo Geraldo Magalh\u00e3es e Jos\u00e9 Iglesias, presidente da Associa\u00e7\u00e3o do Centro Hist\u00f3rico, onde haver\u00e1 visita dos jornalistas<\/em><\/strong><\/p>\n\n\n\n<figure class=\"wp-block-image\"><img decoding=\"async\" src=\"http:\/\/n1to.com.br\/img\/uploads\/VINI_21.jpg\" alt=\"\"\/><\/figure>\n","protected":false},"excerpt":{"rendered":"<p>\u201cSalvador \u00e9 uma cidade inclusiva nos seus diversos aspectos culturais, que repercutem diretamente no turismo, e essa inclus\u00e3o t\u00e3o diversificada precisa ser mostrada para os jornalistas que aqui estar\u00e3o e \u00e9 por isso que estamos apoiando este evento sem restri\u00e7\u00f5es.\u201d Com estas palavras, o secret\u00e1rio de Cultura e Turismo de Salvador, Pedro Tourinho, traz uma &hellip;<\/p>\n","protected":false},"author":5,"featured_media":4447,"comment_status":"open","ping_status":"open","sticky":false,"template":"","format":"standard","meta":{"footnotes":""},"categories":[106],"tags":[],"class_list":["post-4446","post","type-post","status-publish","format-standard","has-post-thumbnail","","category-turismo"],"_links":{"self":[{"href":"https:\/\/focotocantinense.com.br\/index.php?rest_route=\/wp\/v2\/posts\/4446","targetHints":{"allow":["GET"]}}],"collection":[{"href":"https:\/\/focotocantinense.com.br\/index.php?rest_route=\/wp\/v2\/posts"}],"about":[{"href":"https:\/\/focotocantinense.com.br\/index.php?rest_route=\/wp\/v2\/types\/post"}],"author":[{"embeddable":true,"href":"https:\/\/focotocantinense.com.br\/index.php?rest_route=\/wp\/v2\/users\/5"}],"replies":[{"embeddable":true,"href":"https:\/\/focotocantinense.com.br\/index.php?rest_route=%2Fwp%2Fv2%2Fcomments&post=4446"}],"version-history":[{"count":2,"href":"https:\/\/focotocantinense.com.br\/index.php?rest_route=\/wp\/v2\/posts\/4446\/revisions"}],"predecessor-version":[{"id":4450,"href":"https:\/\/focotocantinense.com.br\/index.php?rest_route=\/wp\/v2\/posts\/4446\/revisions\/4450"}],"wp:featuredmedia":[{"embeddable":true,"href":"https:\/\/focotocantinense.com.br\/index.php?rest_route=\/wp\/v2\/media\/4447"}],"wp:attachment":[{"href":"https:\/\/focotocantinense.com.br\/index.php?rest_route=%2Fwp%2Fv2%2Fmedia&parent=4446"}],"wp:term":[{"taxonomy":"category","embeddable":true,"href":"https:\/\/focotocantinense.com.br\/index.php?rest_route=%2Fwp%2Fv2%2Fcategories&post=4446"},{"taxonomy":"post_tag","embeddable":true,"href":"https:\/\/focotocantinense.com.br\/index.php?rest_route=%2Fwp%2Fv2%2Ftags&post=4446"}],"curies":[{"name":"wp","href":"https:\/\/api.w.org\/{rel}","templated":true}]}}