{"id":4441,"date":"2023-04-12T05:43:10","date_gmt":"2023-04-12T08:43:10","guid":{"rendered":"https:\/\/focotocantinense.com.br\/?p=4441"},"modified":"2023-04-12T06:00:52","modified_gmt":"2023-04-12T09:00:52","slug":"alunos-de-lagoa-da-confusao-participam-de-roda-de-conversa-com-o-escritor-zacarias-martins","status":"publish","type":"post","link":"https:\/\/focotocantinense.com.br\/?p=4441","title":{"rendered":"Alunos de Lagoa da Confus\u00e3o participam de roda de conversa com o escritor Zacarias Martins"},"content":{"rendered":"\n<p>Um seleto grupo de alunos&nbsp;do Col\u00e9gio Estadual Lagoa da Confus\u00e3o teve uma aula diferente na tarde desta ter\u00e7a-feira, dia 11. \u00c9 que aconteceu uma&nbsp;animada roda de conversa liter\u00e1ria com o consagrado&nbsp; poeta e jornalista tocantinense&nbsp; Zacarias Martins.<\/p>\n\n\n\n<p>Com a participa\u00e7\u00e3o dos estudantes, o escritor promoveu um recital de suas poesias e falou sobre sua trajet\u00f3ria no mundo das palavras, em uma palestra l\u00fadica e bem-humorada.<\/p>\n\n\n\n<p>O autor falou tamb\u00e9m,&nbsp; sobre a import\u00e2ncia do h\u00e1bito da leitura&nbsp; para que os alunos possam alcan\u00e7ar sucesso em suas trajet\u00f3rias para o futuro. Tamb\u00e9m n\u00e3o faltou um recital com as poesias de Zacarias Martins que tamb\u00e9m encantaram alunos e professores que puderam acompanhar de perto a performance desse autor que \u00e9 considerado uma grande refer~encia da literatura tocantinense. Na oportunidade, o autor fez um agradecimento especial \u00e0 professora Fernanda Martins da Silva, que o auxiliou nesse encontro com os alunos.<\/p>\n\n\n\n<p>A diretora da unidade escolar, Elv\u00e2nia Brito, destacou a import\u00e2ncia da roda de conversa com a participa\u00e7\u00e3o de Zacarias Martins. Ela refor\u00e7ou que o momento contribuiu &#8220;para despertar a autoestima dos alunos, ao mesmo tempo em que exp\u00f4s, de forma diferente e bem atrativa, sobre o h\u00e1bito da leitura e a import\u00e2ncia que esse h\u00e1bito tem no sucesso profissional das pessoas\u201d.<\/p>\n\n\n\n<p>\u201cAgradecemos a presen\u00e7a de Zacarias Martins, que aceitou o convite para participar dessa Roda de Conversa, e que, certamente, vai ficar guardada por muito tempo na mem\u00f3ria dos nossos alunos\u201d, completou a diretora.<\/p>\n\n\n\n<p>Sobre o escritor<\/p>\n\n\n\n<p>Paraense de Bel\u00e9m, mas residindo em Gurupi desde 1983, Zacarias Martins \u00e9 um escritor premiado e j\u00e1 recebeu v\u00e1rias condecora\u00e7\u00f5es e honrarias em reconhecimento do seu trabalho liter\u00e1rio, dentre as quais, a Medalha da Ordem do M\u00e9rito da Cultura e Cavalheiresca de Santo Amaro, no Grau de Comendador; Medalha de M\u00e9rito Cultural D. Pedro II; T\u00edtulo de Cidad\u00e3o Tocantinense, concedido pela Assembleia Legislativa do Tocantins; al\u00e9m da medalha do M\u00e9rito Acad\u00eamico, outorgada pela Academia Brasileira de Estudos e Pesquisas Liter\u00e1rias.<\/p>\n\n\n\n<p>Ele \u00e9 membro fundador da Academia Tocantinense de Letras e da Academia Gurupiense de Letras, al\u00e9m de ter integrado o primeiro colegiado do Conselho Estadual de Cultura do Tocantins.<\/p>\n\n\n\n<p>O poeta j\u00e1 publicou seis livros de poesias, um de cr\u00f4nicas (Hist\u00f3rias da hist\u00f3ria de Gurupi), obra indicada, por duas vezes, para o exame vestibular da Universidade de Gurupi, al\u00e9m de um livro para crian\u00e7as, lan\u00e7ado no ano passado.&nbsp; Martins tamb\u00e9m tem ainda&nbsp; participa\u00e7\u00e3o em mais de 50 antologias liter\u00e1rias. O escrito est\u00e1 presente no &#8220;Almanaque Santo Ant\u00f4nio &#8211; 2023&#8221;, da Editora Vozes, uma das maiores editoras do Brasil.<\/p>\n\n\n\n<figure class=\"wp-block-image\"><img decoding=\"async\" src=\"http:\/\/n1to.com.br\/img\/uploads\/BBBBB_8.jpg\" alt=\"\"\/><\/figure>\n\n\n\n<figure class=\"wp-block-image size-large\"><img loading=\"lazy\" decoding=\"async\" width=\"1024\" height=\"770\" src=\"https:\/\/focotocantinense.com.br\/wp-content\/uploads\/2023\/04\/aaaaaaaaaaaaa-1-1024x770.jpg\" alt=\"\" class=\"wp-image-4443\" srcset=\"https:\/\/focotocantinense.com.br\/wp-content\/uploads\/2023\/04\/aaaaaaaaaaaaa-1-1024x770.jpg 1024w, https:\/\/focotocantinense.com.br\/wp-content\/uploads\/2023\/04\/aaaaaaaaaaaaa-1-300x226.jpg 300w, https:\/\/focotocantinense.com.br\/wp-content\/uploads\/2023\/04\/aaaaaaaaaaaaa-1-768x578.jpg 768w, https:\/\/focotocantinense.com.br\/wp-content\/uploads\/2023\/04\/aaaaaaaaaaaaa-1.jpg 1280w\" sizes=\"auto, (max-width: 1024px) 100vw, 1024px\" \/><\/figure>\n","protected":false},"excerpt":{"rendered":"<p>Um seleto grupo de alunos&nbsp;do Col\u00e9gio Estadual Lagoa da Confus\u00e3o teve uma aula diferente na tarde desta ter\u00e7a-feira, dia 11. \u00c9 que aconteceu uma&nbsp;animada roda de conversa liter\u00e1ria com o consagrado&nbsp; poeta e jornalista tocantinense&nbsp; Zacarias Martins. Com a participa\u00e7\u00e3o dos estudantes, o escritor promoveu um recital de suas poesias e falou sobre sua trajet\u00f3ria &hellip;<\/p>\n","protected":false},"author":5,"featured_media":4443,"comment_status":"open","ping_status":"open","sticky":false,"template":"","format":"standard","meta":{"footnotes":""},"categories":[71],"tags":[],"class_list":["post-4441","post","type-post","status-publish","format-standard","has-post-thumbnail","","category-lagoa-da-confusao"],"_links":{"self":[{"href":"https:\/\/focotocantinense.com.br\/index.php?rest_route=\/wp\/v2\/posts\/4441","targetHints":{"allow":["GET"]}}],"collection":[{"href":"https:\/\/focotocantinense.com.br\/index.php?rest_route=\/wp\/v2\/posts"}],"about":[{"href":"https:\/\/focotocantinense.com.br\/index.php?rest_route=\/wp\/v2\/types\/post"}],"author":[{"embeddable":true,"href":"https:\/\/focotocantinense.com.br\/index.php?rest_route=\/wp\/v2\/users\/5"}],"replies":[{"embeddable":true,"href":"https:\/\/focotocantinense.com.br\/index.php?rest_route=%2Fwp%2Fv2%2Fcomments&post=4441"}],"version-history":[{"count":3,"href":"https:\/\/focotocantinense.com.br\/index.php?rest_route=\/wp\/v2\/posts\/4441\/revisions"}],"predecessor-version":[{"id":4445,"href":"https:\/\/focotocantinense.com.br\/index.php?rest_route=\/wp\/v2\/posts\/4441\/revisions\/4445"}],"wp:featuredmedia":[{"embeddable":true,"href":"https:\/\/focotocantinense.com.br\/index.php?rest_route=\/wp\/v2\/media\/4443"}],"wp:attachment":[{"href":"https:\/\/focotocantinense.com.br\/index.php?rest_route=%2Fwp%2Fv2%2Fmedia&parent=4441"}],"wp:term":[{"taxonomy":"category","embeddable":true,"href":"https:\/\/focotocantinense.com.br\/index.php?rest_route=%2Fwp%2Fv2%2Fcategories&post=4441"},{"taxonomy":"post_tag","embeddable":true,"href":"https:\/\/focotocantinense.com.br\/index.php?rest_route=%2Fwp%2Fv2%2Ftags&post=4441"}],"curies":[{"name":"wp","href":"https:\/\/api.w.org\/{rel}","templated":true}]}}