{"id":4437,"date":"2023-04-12T05:38:46","date_gmt":"2023-04-12T08:38:46","guid":{"rendered":"https:\/\/focotocantinense.com.br\/?p=4437"},"modified":"2023-04-12T05:40:05","modified_gmt":"2023-04-12T08:40:05","slug":"governador-wanderlei-barbosa-reune-se-com-ministro-da-justica-flavio-dino-e-garante-emenda-de-r-20-milhoes-para-modernizacao-da-seguranca-publica-do-tocantins","status":"publish","type":"post","link":"https:\/\/focotocantinense.com.br\/?p=4437","title":{"rendered":"Governador Wanderlei Barbosa re\u00fane-se com Ministro da Justi\u00e7a, Fl\u00e1vio Dino, e garante emenda de R$ 20 milh\u00f5es para moderniza\u00e7\u00e3o da seguran\u00e7a p\u00fablica do Tocantins"},"content":{"rendered":"\n<p>O governador Wanderlei Barbosa esteve em audi\u00eancia com o Ministro da Justi\u00e7a e Seguran\u00e7a P\u00fablica, Fl\u00e1vio Dino, para tratar de a\u00e7\u00f5es integradas e gest\u00e3o dos conv\u00eanios na \u00e1rea da seguran\u00e7a p\u00fablica e garantiu o encaminhamento de helic\u00f3ptero para suporte \u00e0s for\u00e7as de seguran\u00e7a do Governo do Tocantins. Tamb\u00e9m foram pautas da reuni\u00e3o a efetiva\u00e7\u00e3o de repasses de recursos vinculados ao Minist\u00e9rio, visando ao fortalecimento das institui\u00e7\u00f5es de seguran\u00e7a p\u00fablica e contemplando o Tocantins com emenda no valor de R$ 20 milh\u00f5es, destinada ao Sistema Abis.<\/p>\n\n\n\n<p>&#8220;A audi\u00eancia no Minist\u00e9rio da Justi\u00e7a com o ministro Fl\u00e1vio Dino foi muito produtiva. N\u00f3s tratamos de projetos importantes e recebemos a garantia do compromisso com o suporte \u00e0 seguran\u00e7a p\u00fablica no Tocantins. Essa parceria fortalece as a\u00e7\u00f5es que v\u00eam sendo realizadas e demonstra a confian\u00e7a do Governo Federal em nossa gest\u00e3o e o fortalecimento \u00e0s a\u00e7\u00f5es de&nbsp; atendimento \u00e0 sociedade tocantinense, de intelig\u00eancia, monitoramento e aparelhamento das for\u00e7as policiais\u201d, enfatizou Wanderlei Barbosa.&nbsp;&nbsp;&nbsp;<\/p>\n\n\n\n<p>Participaram da reuni\u00e3o a coordenadora da bancada do Governo do Tocantins, senadora Professora Dorinha; e os secret\u00e1rios de Estado da Seguran\u00e7a P\u00fablica (SSP), Wlademir Costa; e da representa\u00e7\u00e3o de Bras\u00edlia, Carlos Manzini, para tratar de&nbsp;a\u00e7\u00f5es integradas, gest\u00e3o dos conv\u00eanios na \u00e1rea da seguran\u00e7a p\u00fablica e implanta\u00e7\u00e3o do implementa\u00e7\u00e3o do Sistema Automatizado de Identifica\u00e7\u00e3o Biom\u00e9trica (Abis).&nbsp;<\/p>\n\n\n\n<p>O ministro da Justi\u00e7a e da Seguran\u00e7a P\u00fablica, Fl\u00e1vio Dino,&nbsp;afirmou que tem como compromisso fortalecer o eixo da seguran\u00e7a no Tocantins. \u201cO estado do Tocantins \u00e9 estrat\u00e9gico, por isso, como ministro da Justi\u00e7a e da Seguran\u00e7a p\u00fablica, tudo farei para atender os pleitos apresentados pelo Governo do Tocantins\u201d, afirmou.&nbsp;&nbsp;<\/p>\n\n\n\n<p>Para o secret\u00e1rio Carlos Manzini, o Governo do Tocantins est\u00e1 atuando na articula\u00e7\u00e3o e na a\u00e7\u00e3o parceira com a bancada federal, com o objetivo de&nbsp;avan\u00e7ar nas a\u00e7\u00f5es estrat\u00e9gicas e atender as diversas necessidades do Estado.<\/p>\n\n\n\n<p>\u201cPor meio da atua\u00e7\u00e3o do Governo do Tocantins em parceria com a bancada no Congresso Nacional, alcan\u00e7amos a garantia de andamento na implanta\u00e7\u00e3o do Abis e na disponibiliza\u00e7\u00e3o de helic\u00f3ptero pelo Minist\u00e9rio da Justi\u00e7a ao Governo do Tocantins para seguran\u00e7a p\u00fablica, que tamb\u00e9m d\u00e1 suporte para a sa\u00fade e a defesa civil\u201d, ressaltou.<\/p>\n\n\n\n<p><strong>Abis<\/strong><\/p>\n\n\n\n<p>Os recursos&nbsp;para implanta\u00e7\u00e3o do Sistema Abis s\u00e3o provenientes de emenda de bancada federal do Estado do Tocantins e a gest\u00e3o dos procedimentos t\u00e9cnicos e institucionais est\u00e1 em andamento. O secret\u00e1rio de Estado da Seguran\u00e7a P\u00fablica do Tocantins, Wlademir Costa, considera que a audi\u00eancia refor\u00e7a a efetiva implanta\u00e7\u00e3o do Abis no Estado e a gest\u00e3o de a\u00e7\u00f5es integradas com o Minist\u00e9rio da Justi\u00e7a para o atendimento da sociedade tocantinense.&nbsp;<\/p>\n\n\n\n<p>\u201cO Governo Federal vai atuar de forma parceira nessa tarefa de implantar o Sistema de Identifica\u00e7\u00e3o Biom\u00e9trico. Recebemos a resposta positiva de que ser\u00e1 dado andamento ao processo que j\u00e1 est\u00e1 em andamento e isso vai garantir ainda mais qualidade nos procedimentos de identifica\u00e7\u00e3o no Tocantins\u201d, enfatizou Wlademir Costa.<\/p>\n\n\n\n<p>Edi\u00e7\u00e3o: Alba Cobo<\/p>\n\n\n\n<p>Revis\u00e3o Textual: Marynne Juliate<\/p>\n\n\n\n<p><img decoding=\"async\" src=\"https:\/\/central.to.gov.br\/image\/324731?w=670&amp;h=383\"><\/p>\n\n\n\n<p>Em audi\u00eancia, Chefe do Executivo garante encaminhamento de aeronave para dar suporte \u00e0s a\u00e7\u00f5es de seguran\u00e7a e implementa\u00e7\u00e3o da identifica\u00e7\u00e3o biom\u00e9trica no Estado &#8211;<\/p>\n\n\n\n<p><\/p>\n","protected":false},"excerpt":{"rendered":"<p>O governador Wanderlei Barbosa esteve em audi\u00eancia com o Ministro da Justi\u00e7a e Seguran\u00e7a P\u00fablica, Fl\u00e1vio Dino, para tratar de a\u00e7\u00f5es integradas e gest\u00e3o dos conv\u00eanios na \u00e1rea da seguran\u00e7a p\u00fablica e garantiu o encaminhamento de helic\u00f3ptero para suporte \u00e0s for\u00e7as de seguran\u00e7a do Governo do Tocantins. Tamb\u00e9m foram pautas da reuni\u00e3o a efetiva\u00e7\u00e3o de &hellip;<\/p>\n","protected":false},"author":5,"featured_media":4438,"comment_status":"open","ping_status":"open","sticky":false,"template":"","format":"standard","meta":{"footnotes":""},"categories":[39],"tags":[],"class_list":["post-4437","post","type-post","status-publish","format-standard","has-post-thumbnail","","category-estado"],"_links":{"self":[{"href":"https:\/\/focotocantinense.com.br\/index.php?rest_route=\/wp\/v2\/posts\/4437","targetHints":{"allow":["GET"]}}],"collection":[{"href":"https:\/\/focotocantinense.com.br\/index.php?rest_route=\/wp\/v2\/posts"}],"about":[{"href":"https:\/\/focotocantinense.com.br\/index.php?rest_route=\/wp\/v2\/types\/post"}],"author":[{"embeddable":true,"href":"https:\/\/focotocantinense.com.br\/index.php?rest_route=\/wp\/v2\/users\/5"}],"replies":[{"embeddable":true,"href":"https:\/\/focotocantinense.com.br\/index.php?rest_route=%2Fwp%2Fv2%2Fcomments&post=4437"}],"version-history":[{"count":2,"href":"https:\/\/focotocantinense.com.br\/index.php?rest_route=\/wp\/v2\/posts\/4437\/revisions"}],"predecessor-version":[{"id":4440,"href":"https:\/\/focotocantinense.com.br\/index.php?rest_route=\/wp\/v2\/posts\/4437\/revisions\/4440"}],"wp:featuredmedia":[{"embeddable":true,"href":"https:\/\/focotocantinense.com.br\/index.php?rest_route=\/wp\/v2\/media\/4438"}],"wp:attachment":[{"href":"https:\/\/focotocantinense.com.br\/index.php?rest_route=%2Fwp%2Fv2%2Fmedia&parent=4437"}],"wp:term":[{"taxonomy":"category","embeddable":true,"href":"https:\/\/focotocantinense.com.br\/index.php?rest_route=%2Fwp%2Fv2%2Fcategories&post=4437"},{"taxonomy":"post_tag","embeddable":true,"href":"https:\/\/focotocantinense.com.br\/index.php?rest_route=%2Fwp%2Fv2%2Ftags&post=4437"}],"curies":[{"name":"wp","href":"https:\/\/api.w.org\/{rel}","templated":true}]}}