{"id":4429,"date":"2023-04-11T21:29:23","date_gmt":"2023-04-12T00:29:23","guid":{"rendered":"https:\/\/focotocantinense.com.br\/?p=4429"},"modified":"2023-04-11T21:31:09","modified_gmt":"2023-04-12T00:31:09","slug":"roda-de-conversa-com-o-poeta-andre-goveia-movimenta-o-cem-dona-filomena-moreira-de-miracema-do-tocantins","status":"publish","type":"post","link":"https:\/\/focotocantinense.com.br\/?p=4429","title":{"rendered":"Roda de conversa com o poeta Andr\u00e9 Goveia movimenta o CEM Dona Filomena Moreira, de \u00a0Miracema do Tocantins"},"content":{"rendered":"\n<p>O Centro de Ensino M\u00e9dio &nbsp;(CEM) Dona Filomena Moreira, de &nbsp;Miracema do Tocantins, realizou na manh\u00e3 desta ter\u00e7a-feira (11) uma movimentada roda de conversa com o poeta e professor Andr\u00e9 Goveia, autor de v\u00e1rios livros de poesias e integrante do quadro de Membros Correspondentes das Academias&nbsp; de Letras de Gurupi, Para\u00edso do Tocantins&nbsp; e Aragua\u00edna.<\/p>\n\n\n\n<p>O evento foi coordenado pelas professoras Mauric\u00e9ia Bastos e Loreny Neres, juntamente com as turma 33.01 e 13.02. O momento est\u00e1 previsto no calend\u00e1rio escolar do Estado, o qual fez refer\u00eancia ao Dia &#8220;D&#8221; da Leitura, que tem como intuito mostrar a import\u00e2ncia da leitura e &nbsp;incentivar os estudantes a terem h\u00e1bito de ler.<\/p>\n\n\n\n<p>Segundo a professora Mauric\u00e9ia o momento foi enriquecedor, pois os estudantes interagiram bastante com o palestrante, ficaram atentos e participaram das din\u00e2micas propostas por ele.<\/p>\n\n\n\n<figure class=\"wp-block-image size-large is-resized\"><img loading=\"lazy\" decoding=\"async\" src=\"https:\/\/focotocantinense.com.br\/wp-content\/uploads\/2023\/04\/eeeeeeeeeeeeeeeeeeeeeeee-768x1024.jpg\" alt=\"\" class=\"wp-image-4434\" width=\"338\" height=\"451\" srcset=\"https:\/\/focotocantinense.com.br\/wp-content\/uploads\/2023\/04\/eeeeeeeeeeeeeeeeeeeeeeee-768x1024.jpg 768w, https:\/\/focotocantinense.com.br\/wp-content\/uploads\/2023\/04\/eeeeeeeeeeeeeeeeeeeeeeee-225x300.jpg 225w, https:\/\/focotocantinense.com.br\/wp-content\/uploads\/2023\/04\/eeeeeeeeeeeeeeeeeeeeeeee-1152x1536.jpg 1152w, https:\/\/focotocantinense.com.br\/wp-content\/uploads\/2023\/04\/eeeeeeeeeeeeeeeeeeeeeeee.jpg 1200w\" sizes=\"auto, (max-width: 338px) 100vw, 338px\" \/><\/figure>\n\n\n\n<figure class=\"wp-block-image size-large\"><img loading=\"lazy\" decoding=\"async\" width=\"1024\" height=\"473\" src=\"https:\/\/focotocantinense.com.br\/wp-content\/uploads\/2023\/04\/oooooooooooooo-1024x473.jpg\" alt=\"\" class=\"wp-image-4430\" srcset=\"https:\/\/focotocantinense.com.br\/wp-content\/uploads\/2023\/04\/oooooooooooooo-1024x473.jpg 1024w, https:\/\/focotocantinense.com.br\/wp-content\/uploads\/2023\/04\/oooooooooooooo-300x139.jpg 300w, https:\/\/focotocantinense.com.br\/wp-content\/uploads\/2023\/04\/oooooooooooooo-768x355.jpg 768w, https:\/\/focotocantinense.com.br\/wp-content\/uploads\/2023\/04\/oooooooooooooo-1536x709.jpg 1536w, https:\/\/focotocantinense.com.br\/wp-content\/uploads\/2023\/04\/oooooooooooooo.jpg 1600w\" sizes=\"auto, (max-width: 1024px) 100vw, 1024px\" \/><\/figure>\n\n\n\n<figure class=\"wp-block-image size-large\"><img loading=\"lazy\" decoding=\"async\" width=\"1024\" height=\"768\" src=\"https:\/\/focotocantinense.com.br\/wp-content\/uploads\/2023\/04\/rrrrr-1024x768.jpg\" alt=\"\" class=\"wp-image-4431\" srcset=\"https:\/\/focotocantinense.com.br\/wp-content\/uploads\/2023\/04\/rrrrr-1024x768.jpg 1024w, https:\/\/focotocantinense.com.br\/wp-content\/uploads\/2023\/04\/rrrrr-300x225.jpg 300w, https:\/\/focotocantinense.com.br\/wp-content\/uploads\/2023\/04\/rrrrr-768x576.jpg 768w, https:\/\/focotocantinense.com.br\/wp-content\/uploads\/2023\/04\/rrrrr-1536x1152.jpg 1536w, https:\/\/focotocantinense.com.br\/wp-content\/uploads\/2023\/04\/rrrrr.jpg 1600w\" sizes=\"auto, (max-width: 1024px) 100vw, 1024px\" \/><\/figure>\n\n\n\n<figure class=\"wp-block-image size-large\"><img loading=\"lazy\" decoding=\"async\" width=\"1024\" height=\"473\" src=\"https:\/\/focotocantinense.com.br\/wp-content\/uploads\/2023\/04\/pppp-1024x473.jpg\" alt=\"\" class=\"wp-image-4432\" srcset=\"https:\/\/focotocantinense.com.br\/wp-content\/uploads\/2023\/04\/pppp-1024x473.jpg 1024w, https:\/\/focotocantinense.com.br\/wp-content\/uploads\/2023\/04\/pppp-300x139.jpg 300w, https:\/\/focotocantinense.com.br\/wp-content\/uploads\/2023\/04\/pppp-768x355.jpg 768w, https:\/\/focotocantinense.com.br\/wp-content\/uploads\/2023\/04\/pppp-1536x709.jpg 1536w, https:\/\/focotocantinense.com.br\/wp-content\/uploads\/2023\/04\/pppp.jpg 1600w\" sizes=\"auto, (max-width: 1024px) 100vw, 1024px\" \/><\/figure>\n\n\n\n<figure class=\"wp-block-image size-full\"><img loading=\"lazy\" decoding=\"async\" width=\"1011\" height=\"263\" src=\"https:\/\/focotocantinense.com.br\/wp-content\/uploads\/2023\/04\/VINI.jpg\" alt=\"\" class=\"wp-image-4365\" srcset=\"https:\/\/focotocantinense.com.br\/wp-content\/uploads\/2023\/04\/VINI.jpg 1011w, https:\/\/focotocantinense.com.br\/wp-content\/uploads\/2023\/04\/VINI-300x78.jpg 300w, https:\/\/focotocantinense.com.br\/wp-content\/uploads\/2023\/04\/VINI-768x200.jpg 768w\" sizes=\"auto, (max-width: 1011px) 100vw, 1011px\" \/><\/figure>\n","protected":false},"excerpt":{"rendered":"<p>O Centro de Ensino M\u00e9dio &nbsp;(CEM) Dona Filomena Moreira, de &nbsp;Miracema do Tocantins, realizou na manh\u00e3 desta ter\u00e7a-feira (11) uma movimentada roda de conversa com o poeta e professor Andr\u00e9 Goveia, autor de v\u00e1rios livros de poesias e integrante do quadro de Membros Correspondentes das Academias&nbsp; de Letras de Gurupi, Para\u00edso do Tocantins&nbsp; e Aragua\u00edna. &hellip;<\/p>\n","protected":false},"author":5,"featured_media":4430,"comment_status":"open","ping_status":"open","sticky":false,"template":"","format":"standard","meta":{"footnotes":""},"categories":[1],"tags":[],"class_list":["post-4429","post","type-post","status-publish","format-standard","has-post-thumbnail","","category-sem-categoria"],"_links":{"self":[{"href":"https:\/\/focotocantinense.com.br\/index.php?rest_route=\/wp\/v2\/posts\/4429","targetHints":{"allow":["GET"]}}],"collection":[{"href":"https:\/\/focotocantinense.com.br\/index.php?rest_route=\/wp\/v2\/posts"}],"about":[{"href":"https:\/\/focotocantinense.com.br\/index.php?rest_route=\/wp\/v2\/types\/post"}],"author":[{"embeddable":true,"href":"https:\/\/focotocantinense.com.br\/index.php?rest_route=\/wp\/v2\/users\/5"}],"replies":[{"embeddable":true,"href":"https:\/\/focotocantinense.com.br\/index.php?rest_route=%2Fwp%2Fv2%2Fcomments&post=4429"}],"version-history":[{"count":3,"href":"https:\/\/focotocantinense.com.br\/index.php?rest_route=\/wp\/v2\/posts\/4429\/revisions"}],"predecessor-version":[{"id":4436,"href":"https:\/\/focotocantinense.com.br\/index.php?rest_route=\/wp\/v2\/posts\/4429\/revisions\/4436"}],"wp:featuredmedia":[{"embeddable":true,"href":"https:\/\/focotocantinense.com.br\/index.php?rest_route=\/wp\/v2\/media\/4430"}],"wp:attachment":[{"href":"https:\/\/focotocantinense.com.br\/index.php?rest_route=%2Fwp%2Fv2%2Fmedia&parent=4429"}],"wp:term":[{"taxonomy":"category","embeddable":true,"href":"https:\/\/focotocantinense.com.br\/index.php?rest_route=%2Fwp%2Fv2%2Fcategories&post=4429"},{"taxonomy":"post_tag","embeddable":true,"href":"https:\/\/focotocantinense.com.br\/index.php?rest_route=%2Fwp%2Fv2%2Ftags&post=4429"}],"curies":[{"name":"wp","href":"https:\/\/api.w.org\/{rel}","templated":true}]}}