{"id":4420,"date":"2023-04-11T19:31:16","date_gmt":"2023-04-11T22:31:16","guid":{"rendered":"https:\/\/focotocantinense.com.br\/?p=4420"},"modified":"2023-04-11T19:38:28","modified_gmt":"2023-04-11T22:38:28","slug":"tomam-posse-os-membros-do-conselho-municipal-de-acompanhamento-e-controle-social-do-fundeb-em-tocantinia","status":"publish","type":"post","link":"https:\/\/focotocantinense.com.br\/?p=4420","title":{"rendered":"Tomam posse os membros do Conselho Municipal de Acompanhamento e Controle Social do Fundeb em Tocant\u00ednia"},"content":{"rendered":"\n<p><strong>Por Zacarias Martins<\/strong><\/p>\n\n\n\n<p>A Prefeitura de Tocant\u00ednia, &nbsp;por meio da Secretaria Municipal de Educa\u00e7\u00e3o (Semed), deu posse aos novos &nbsp;membros do Conselho Municipal de Acompanhamento e Controle Social do Fundo de Manuten\u00e7\u00e3o e Desenvolvimento da Educa\u00e7\u00e3o B\u00e1sica e de Valoriza\u00e7\u00e3o dos Profissionais da Educa\u00e7\u00e3o (CACS-FUNDEB), para o quadri\u00eanio 2023\/2026.<\/p>\n\n\n\n<p>A solenidade de posse dos novos conselheiros e seus respectivos suplentes&nbsp; aconteceu &nbsp;na tarde de segunda-feira (10), no plen\u00e1rio da C\u00e2mara Municipal de Tocant\u00ednia, &nbsp;e contou com a presen\u00e7a &nbsp;do&nbsp; vice-prefeito, Jo\u00e3o Alberto machado, do presidente da C\u00e2mara de Vereadores, S\u00e9rgio Caldeira, demais autoridades e o p\u00fablico em geral.<\/p>\n\n\n\n<p><strong>Import\u00e2ncia do Conselho<\/strong><\/p>\n\n\n\n<p>Na ocasi\u00e3o, o vice-prefeito &nbsp;Jo\u00e3o Alberto pontuou que o Conselho do Fundeb \u00e9 de grande import\u00e2ncia para a gest\u00e3o, assim como todos os \u00f3rg\u00e3os de controle, fiscalizar o uso do dinheiro dos contribuintes. \u201cPra mim \u00e9 fundamental, pois \u00e9 um trabalho transparente para fiscalizar o dinheiro do povo, e esses conselhos s\u00f3 fazem&nbsp; a ajudar o nosso prefeito, Manoel Silvino,&nbsp; a administrar melhor e fiscalizar o er\u00e1rio p\u00fablico&#8221;, enfatizou..<\/p>\n\n\n\n<p><strong>Mais transpar\u00eancia<\/strong><\/p>\n\n\n\n<p>J\u00e1 o &nbsp;secret\u00e1rio de Educa\u00e7\u00e3o de Tocant\u00ednia, professor Andr\u00e9 Goveia, explicou que o Conselho de Acompanhamento e Controle Social do Fundeb, &nbsp;\u00e9 um colegiado que tem como fun\u00e7\u00e3o principal acompanhar e controlar a distribui\u00e7\u00e3o, a transfer\u00eancia e a presta\u00e7\u00e3o de contas dos recursos da educa\u00e7\u00e3o.<\/p>\n\n\n\n<p>Goveia ressaltou a import\u00e2ncia de todo colegiado para o desenvolvimento da educa\u00e7\u00e3o municipal. \u201cAos membros do conselho registramos os nossos agradecimentos pela contribui\u00e7\u00e3o fundamental que prestar\u00e3o&nbsp; a partir de agora &nbsp;\u00e0 educa\u00e7\u00e3o de Tocant\u00ednia\u201d, enfatizou.<\/p>\n\n\n\n<p><strong>Atribui\u00e7\u00f5es<\/strong><\/p>\n\n\n\n<p>Entre as atribui\u00e7\u00f5es dos conselheiros est\u00e3o o de elaborar parecer sobre as presta\u00e7\u00f5es de contas, supervisionar o censo escolar e a elabora\u00e7\u00e3o da proposta or\u00e7ament\u00e1ria anual, acompanhar e fiscalizar a aplica\u00e7\u00e3o dos recursos federais transferidos \u00e0 conta do Programa Nacional de Apoio ao Transporte Escolar e aos programas nacionais do Governo Federal em andamento no munic\u00edpio, receber e analisar as presta\u00e7\u00f5es de contas referentes a esses programas, examinar os registros cont\u00e1beis e demonstrativos gerenciais mensais e atualizados, relativos aos recursos repassados ao munic\u00edpio.&nbsp;<\/p>\n\n\n\n<p>O Conselho do Novo FUNDEB de Tocant\u00ednia, ficou assim constitu\u00eddo:<\/p>\n\n\n\n<p>&nbsp;<em><strong>Representante do Poder Executivo Municipal:<\/strong><\/em><\/p>\n\n\n\n<p>Suiane Alves Sardinha (Titular) e Sidney Gomes (Suplente).<\/p>\n\n\n\n<p>Representante da Secretaria Municipal de Educa\u00e7\u00e3o ou \u00f3rg\u00e3o educacional equivalente:<\/p>\n\n\n\n<p>M\u00e1rcia Silvania Ara\u00fajo Maciel (Titular) e Sebastiana Alves Bezerra (Suplente).<\/p>\n\n\n\n<p><em><strong>Representante dos Professores da Educa\u00e7\u00e3o B\u00e1sica P\u00fablica:<\/strong><\/em><\/p>\n\n\n\n<p>Aliny de Sousa Lopes (Titular) &#8211; Genivaldo Rodrigues Trindade (Suplente).<\/p>\n\n\n\n<p>Ana Raquel Brito da Cruz (Titular) &#8211; Maria Helena M. Parente Aguiar (Suplente).<\/p>\n\n\n\n<p><em><strong>Representante dos Diretores da Educa\u00e7\u00e3o B\u00e1sica P\u00fablica:<\/strong><\/em><\/p>\n\n\n\n<p>Jucilene Martins Louzeira (Titular) e Maria Eliza souza Moura (Suplente)<\/p>\n\n\n\n<p><strong><em>Representante dos Servidores&nbsp;T\u00e9cnico Administrativos&nbsp;das Escolas B\u00e1sicas P\u00fablicas:<\/em><\/strong><\/p>\n\n\n\n<p>Magui\u00e2nia Ferreira Xavier (Titular) &#8211; Paula Rafaela de A. Coutinho Oliveira (Suplente).<\/p>\n\n\n\n<p>Kalorine Pereira da Cruz Reis (Titular) &#8211; Iury Fraga Alves da Silva (Suplente).<\/p>\n\n\n\n<p><em><strong>Representante de Pais de Alunos da Educa\u00e7\u00e3o B\u00e1sica P\u00fablica:<\/strong><\/em><\/p>\n\n\n\n<p>F\u00e1tima Vieira Corsino (Titular) &#8211; Ediene Quixabeira Gama (Suplente)<\/p>\n\n\n\n<p>Vera L\u00facia Silva Abreu (Titular) &#8211; Lucas pereira dos Santos (Suplente).<\/p>\n\n\n\n<p><em><strong>Representante dos Estudantes da Educa\u00e7\u00e3o B\u00e1sica P\u00fablica sendo um indicado pela entidade de estudante secundarista:<\/strong><\/em><\/p>\n\n\n\n<p>J\u00falio Cezar Batista de Oliveira (Titular) &#8211; Fl\u00e1via Ribeiro dos Santos (Suplente).<\/p>\n\n\n\n<p>Ivanilde Pereira dos Santos (Titular) e S\u00e9rgio dos Reis Parente (Suplente).<\/p>\n\n\n\n<p><em><strong>Representante do respectivo Conselho Municipal de Educa\u00e7\u00e3o:<\/strong><\/em><\/p>\n\n\n\n<p>Anderson Simrihu Xerente (Titular) F\u00e1tima da Silva Nunes (Suplente).<\/p>\n\n\n\n<p><em><strong>Representante do Conselho Tutelar:<\/strong><\/em><\/p>\n\n\n\n<p>Luana Gomes Carvalho (Titular) e Ragleide Alves da Silva (Suplente).<\/p>\n\n\n\n<p><em><strong>Representante da Sociedade Civil:<\/strong><\/em><\/p>\n\n\n\n<p>Silval de Brito Xerente e Orcilio Sousa Gomes de Amorim (Titulares) &#8211; Ant\u00f4nio Samuru Xerente e Rosimar Neres de Sousa Oliveira (Suplentes).<\/p>\n\n\n\n<p><em><strong>Representante das escolas \u00cdndigenas:<\/strong><\/em><\/p>\n\n\n\n<p>Vilcimar Wrawe Calixto Xerente (Titular) e Jana\u00edna de Sousa Lopes (Suplente).<\/p>\n\n\n\n<p><em><strong>Representante das Escolas do Campo:<\/strong><\/em><\/p>\n\n\n\n<p>Irasiano Alves Bezerra (Titular) e Luzilton Maciel Borges (Suplente).<\/p>\n\n\n\n<figure class=\"wp-block-image size-full is-resized\"><img loading=\"lazy\" decoding=\"async\" src=\"https:\/\/focotocantinense.com.br\/wp-content\/uploads\/2023\/04\/xxxxxxxxxxxx-1.jpg\" alt=\"\" class=\"wp-image-4426\" width=\"694\" height=\"399\" srcset=\"https:\/\/focotocantinense.com.br\/wp-content\/uploads\/2023\/04\/xxxxxxxxxxxx-1.jpg 646w, https:\/\/focotocantinense.com.br\/wp-content\/uploads\/2023\/04\/xxxxxxxxxxxx-1-300x172.jpg 300w\" sizes=\"auto, (max-width: 694px) 100vw, 694px\" \/><\/figure>\n\n\n\n<figure class=\"wp-block-image\"><img decoding=\"async\" src=\"http:\/\/n1to.com.br\/img\/uploads\/ddd_8.jpg\" alt=\"\"\/><\/figure>\n\n\n\n<figure class=\"wp-block-image size-large is-resized\"><img loading=\"lazy\" decoding=\"async\" src=\"https:\/\/focotocantinense.com.br\/wp-content\/uploads\/2023\/04\/BBBBB-1024x768.jpg\" alt=\"\" class=\"wp-image-4427\" width=\"748\" height=\"561\" srcset=\"https:\/\/focotocantinense.com.br\/wp-content\/uploads\/2023\/04\/BBBBB-1024x768.jpg 1024w, https:\/\/focotocantinense.com.br\/wp-content\/uploads\/2023\/04\/BBBBB-300x225.jpg 300w, https:\/\/focotocantinense.com.br\/wp-content\/uploads\/2023\/04\/BBBBB-768x576.jpg 768w, https:\/\/focotocantinense.com.br\/wp-content\/uploads\/2023\/04\/BBBBB-1536x1152.jpg 1536w, https:\/\/focotocantinense.com.br\/wp-content\/uploads\/2023\/04\/BBBBB.jpg 1600w\" sizes=\"auto, (max-width: 748px) 100vw, 748px\" \/><\/figure>\n","protected":false},"excerpt":{"rendered":"<p>Por Zacarias Martins A Prefeitura de Tocant\u00ednia, &nbsp;por meio da Secretaria Municipal de Educa\u00e7\u00e3o (Semed), deu posse aos novos &nbsp;membros do Conselho Municipal de Acompanhamento e Controle Social do Fundo de Manuten\u00e7\u00e3o e Desenvolvimento da Educa\u00e7\u00e3o B\u00e1sica e de Valoriza\u00e7\u00e3o dos Profissionais da Educa\u00e7\u00e3o (CACS-FUNDEB), para o quadri\u00eanio 2023\/2026. A solenidade de posse dos novos &hellip;<\/p>\n","protected":false},"author":5,"featured_media":4422,"comment_status":"open","ping_status":"open","sticky":false,"template":"","format":"standard","meta":{"footnotes":""},"categories":[78],"tags":[],"class_list":["post-4420","post","type-post","status-publish","format-standard","has-post-thumbnail","","category-tocantinia"],"_links":{"self":[{"href":"https:\/\/focotocantinense.com.br\/index.php?rest_route=\/wp\/v2\/posts\/4420","targetHints":{"allow":["GET"]}}],"collection":[{"href":"https:\/\/focotocantinense.com.br\/index.php?rest_route=\/wp\/v2\/posts"}],"about":[{"href":"https:\/\/focotocantinense.com.br\/index.php?rest_route=\/wp\/v2\/types\/post"}],"author":[{"embeddable":true,"href":"https:\/\/focotocantinense.com.br\/index.php?rest_route=\/wp\/v2\/users\/5"}],"replies":[{"embeddable":true,"href":"https:\/\/focotocantinense.com.br\/index.php?rest_route=%2Fwp%2Fv2%2Fcomments&post=4420"}],"version-history":[{"count":4,"href":"https:\/\/focotocantinense.com.br\/index.php?rest_route=\/wp\/v2\/posts\/4420\/revisions"}],"predecessor-version":[{"id":4428,"href":"https:\/\/focotocantinense.com.br\/index.php?rest_route=\/wp\/v2\/posts\/4420\/revisions\/4428"}],"wp:featuredmedia":[{"embeddable":true,"href":"https:\/\/focotocantinense.com.br\/index.php?rest_route=\/wp\/v2\/media\/4422"}],"wp:attachment":[{"href":"https:\/\/focotocantinense.com.br\/index.php?rest_route=%2Fwp%2Fv2%2Fmedia&parent=4420"}],"wp:term":[{"taxonomy":"category","embeddable":true,"href":"https:\/\/focotocantinense.com.br\/index.php?rest_route=%2Fwp%2Fv2%2Fcategories&post=4420"},{"taxonomy":"post_tag","embeddable":true,"href":"https:\/\/focotocantinense.com.br\/index.php?rest_route=%2Fwp%2Fv2%2Ftags&post=4420"}],"curies":[{"name":"wp","href":"https:\/\/api.w.org\/{rel}","templated":true}]}}