{"id":4402,"date":"2023-04-06T22:28:53","date_gmt":"2023-04-07T01:28:53","guid":{"rendered":"https:\/\/focotocantinense.com.br\/?p=4402"},"modified":"2023-04-06T22:29:42","modified_gmt":"2023-04-07T01:29:42","slug":"semana-do-jornalismo-debate-impacto-das-plataformas-digitais-na-atuacao-profissional","status":"publish","type":"post","link":"https:\/\/focotocantinense.com.br\/?p=4402","title":{"rendered":"Semana do Jornalismo debate impacto das plataformas digitais na atua\u00e7\u00e3o profissional"},"content":{"rendered":"\n<figure class=\"wp-block-image size-full is-resized\"><img loading=\"lazy\" decoding=\"async\" src=\"https:\/\/focotocantinense.com.br\/wp-content\/uploads\/2023\/04\/AAAA-1.jpg\" alt=\"\" class=\"wp-image-4403\" width=\"317\" height=\"286\" srcset=\"https:\/\/focotocantinense.com.br\/wp-content\/uploads\/2023\/04\/AAAA-1.jpg 568w, https:\/\/focotocantinense.com.br\/wp-content\/uploads\/2023\/04\/AAAA-1-300x270.jpg 300w\" sizes=\"auto, (max-width: 317px) 100vw, 317px\" \/><\/figure>\n\n\n\n<p>Nos pr\u00f3ximos dias, de 10 a 14 de abril, ser\u00e1 realizada a Semana de Jornalismo da Universidade de Gurupi \u2013 UnirG. O evento ser\u00e1 transmitido online, pelas redes sociais do curso. O participante contar\u00e1 com palestras, mesas-redondas e um momento de di\u00e1logo entre acad\u00eamicos (as) e a Comiss\u00e3o Pr\u00f3pria de Avalia\u00e7\u00e3o (CPA) da institui\u00e7\u00e3o.<\/p>\n\n\n\n<p>Com o tema \u201cJornalismo digital: novas demandas na era da plataformiza\u00e7\u00e3o\u201d, o evento remoto tem como objetivo integrar estudantes, profissionais de comunica\u00e7\u00e3o, professores e pesquisadores interessados que atuam n\u00e3o s\u00f3 na universidade, mas em outras regi\u00f5es brasileiras.<\/p>\n\n\n\n<p>Para a coordenadora do curso, professora Dr\u00aa Ana Carolina dos Anjos \u201cn\u00f3s pensamos uma programa\u00e7\u00e3o que trouxesse momentos de reflex\u00e3o frente aos desafios que estamos vivendo na contemporaneidade, isto \u00e9, os processos da plataformiza\u00e7\u00e3o da sociedade, da midiatiza\u00e7\u00e3o profunda e o impacto de tudo isso no exerc\u00edcio da profiss\u00e3o do(a) jornalista\u201d, afirmou.<\/p>\n\n\n\n<p>Al\u00e9m da participa\u00e7\u00e3o de todos os professores do curso, este ano a Semana do Jornalismo tamb\u00e9m contar\u00e1 com a presen\u00e7a&nbsp;do Centro Acad\u00eamico (CA) na organiza\u00e7\u00e3o e media\u00e7\u00e3o do evento.&nbsp;\u201c\u00c9 preciso ter um olhar que complexifica a pr\u00e1tica do jornalismo. Entender as discuss\u00f5es em n\u00edvel global, local e, sobretudo, para os desafios do jornalismo digital no norte do pa\u00eds\u201d, conclui Carol dos Anjos.<\/p>\n\n\n\n<p><strong>Programa\u00e7\u00e3o<\/strong><\/p>\n\n\n\n<p>Modalidade Remota<\/p>\n\n\n\n<p>Dia 10\/04&nbsp;<\/p>\n\n\n\n<p>19h: Abertura do evento, Momento com Comiss\u00e3o Pr\u00f3pria de Avalia\u00e7\u00e3o (CPA), com media\u00e7\u00e3o da professora Alessandra Duarte;<\/p>\n\n\n\n<p>20h:&nbsp;Mesa redonda: &#8220;Ser Jornalista na era digital no sul do Tocantins: desafios cotidianos&#8221;&nbsp;<\/p>\n\n\n\n<p>Convidado(a): Ceila Menezes (Assessoria de Comunica\u00e7\u00e3o) e Jairo Santos (Podcast e jornal digital) e media\u00e7\u00e3o do professor&nbsp;Maur\u00edcio Hashizume<\/p>\n\n\n\n<p>Dia 11\/04<\/p>\n\n\n\n<p>19h30&nbsp;&#8211; Palestra: A plataformiza\u00e7\u00e3o da sociedade e as mudan\u00e7as no trabalho jornal\u00edstico<\/p>\n\n\n\n<p>Convidada: Ana Fl\u00e1via Marques da Silva (USP-SP) &nbsp;e media\u00e7\u00e3o da professora Carol dos Anjos<\/p>\n\n\n\n<p>Dia 13\/04:<\/p>\n\n\n\n<p>Palestra: \u201cNovas cartografias do jornalismo independente: narrativas territorializadas\u201d&nbsp;<\/p>\n\n\n\n<p>Convidadas: Jayanne Rodrigues (Estad\u00e3o-SP e Curadoria Cajueira- Nordeste) e Vanessa Vieira (Jornal Digital Correio Lavrado (Roraima) \/\/ Media\u00e7\u00e3o: professora Anette Bento<\/p>\n\n\n\n<p>Dia 14\/04<\/p>\n\n\n\n<p>Palestra: Assessoria de Comunica\u00e7\u00e3o na era digital: pensando o local&nbsp;<\/p>\n\n\n\n<p>Convidado: Jornalista Clifton Morais e media\u00e7\u00e3o da presidente do Centro Acad\u00eamico de Jornalismo, a acad\u00eamica Valesca&nbsp;Gon\u00e7alves.&nbsp;(*)<\/p>\n\n\n\n<figure class=\"wp-block-image\"><img loading=\"lazy\" decoding=\"async\" width=\"1011\" height=\"263\" src=\"https:\/\/focotocantinense.com.br\/wp-content\/uploads\/2023\/04\/VINI.jpg\" alt=\"\" class=\"wp-image-4365\" srcset=\"https:\/\/focotocantinense.com.br\/wp-content\/uploads\/2023\/04\/VINI.jpg 1011w, https:\/\/focotocantinense.com.br\/wp-content\/uploads\/2023\/04\/VINI-300x78.jpg 300w, https:\/\/focotocantinense.com.br\/wp-content\/uploads\/2023\/04\/VINI-768x200.jpg 768w\" sizes=\"auto, (max-width: 1011px) 100vw, 1011px\" \/><\/figure>\n","protected":false},"excerpt":{"rendered":"<p>Nos pr\u00f3ximos dias, de 10 a 14 de abril, ser\u00e1 realizada a Semana de Jornalismo da Universidade de Gurupi \u2013 UnirG. O evento ser\u00e1 transmitido online, pelas redes sociais do curso. O participante contar\u00e1 com palestras, mesas-redondas e um momento de di\u00e1logo entre acad\u00eamicos (as) e a Comiss\u00e3o Pr\u00f3pria de Avalia\u00e7\u00e3o (CPA) da institui\u00e7\u00e3o. Com &hellip;<\/p>\n","protected":false},"author":5,"featured_media":4403,"comment_status":"open","ping_status":"open","sticky":false,"template":"","format":"standard","meta":{"footnotes":""},"categories":[38],"tags":[],"class_list":["post-4402","post","type-post","status-publish","format-standard","has-post-thumbnail","","category-gurupi"],"_links":{"self":[{"href":"https:\/\/focotocantinense.com.br\/index.php?rest_route=\/wp\/v2\/posts\/4402","targetHints":{"allow":["GET"]}}],"collection":[{"href":"https:\/\/focotocantinense.com.br\/index.php?rest_route=\/wp\/v2\/posts"}],"about":[{"href":"https:\/\/focotocantinense.com.br\/index.php?rest_route=\/wp\/v2\/types\/post"}],"author":[{"embeddable":true,"href":"https:\/\/focotocantinense.com.br\/index.php?rest_route=\/wp\/v2\/users\/5"}],"replies":[{"embeddable":true,"href":"https:\/\/focotocantinense.com.br\/index.php?rest_route=%2Fwp%2Fv2%2Fcomments&post=4402"}],"version-history":[{"count":2,"href":"https:\/\/focotocantinense.com.br\/index.php?rest_route=\/wp\/v2\/posts\/4402\/revisions"}],"predecessor-version":[{"id":4405,"href":"https:\/\/focotocantinense.com.br\/index.php?rest_route=\/wp\/v2\/posts\/4402\/revisions\/4405"}],"wp:featuredmedia":[{"embeddable":true,"href":"https:\/\/focotocantinense.com.br\/index.php?rest_route=\/wp\/v2\/media\/4403"}],"wp:attachment":[{"href":"https:\/\/focotocantinense.com.br\/index.php?rest_route=%2Fwp%2Fv2%2Fmedia&parent=4402"}],"wp:term":[{"taxonomy":"category","embeddable":true,"href":"https:\/\/focotocantinense.com.br\/index.php?rest_route=%2Fwp%2Fv2%2Fcategories&post=4402"},{"taxonomy":"post_tag","embeddable":true,"href":"https:\/\/focotocantinense.com.br\/index.php?rest_route=%2Fwp%2Fv2%2Ftags&post=4402"}],"curies":[{"name":"wp","href":"https:\/\/api.w.org\/{rel}","templated":true}]}}