{"id":4399,"date":"2023-04-06T22:08:28","date_gmt":"2023-04-07T01:08:28","guid":{"rendered":"https:\/\/focotocantinense.com.br\/?p=4399"},"modified":"2023-04-06T22:08:29","modified_gmt":"2023-04-07T01:08:29","slug":"teatro-paixao-de-cristo-de-gurupi-retorna-apos-pausa-na-pandemia","status":"publish","type":"post","link":"https:\/\/focotocantinense.com.br\/?p=4399","title":{"rendered":"Teatro Paix\u00e3o de Cristo de Gurupi retorna ap\u00f3s pausa na pandemia"},"content":{"rendered":"\n<p>Tradi\u00e7\u00e3o na Semana Santa de&nbsp;Gurupi, a encena\u00e7\u00e3o da&nbsp;Paix\u00e3o de Cristo&nbsp;realizada pela Par\u00f3quia de Nossa Senhora da Concei\u00e7\u00e3o, volta a ser realizada pelo Grupo de Teatro Paix\u00e3o de Cristo, no dia 7 de abril, \u00e0s 19:30h, no estacionamento da paroquia na Av. Sergipe &#8211; Trevo Oeste.<\/p>\n\n\n\n<p>A passagem da hist\u00f3ria de Jesus Cristo, do julgamento \u00e1 crucifica\u00e7\u00e3o, contada por meio do espet\u00e1culo \u00e9 um evento que j\u00e1 entrou no calend\u00e1rio cultural de Gurupi que teve seu inicio em 2015.<\/p>\n\n\n\n<p>Parado por dois anos por causa da pandemia da Covid-19, o espet\u00e1culo ser\u00e1 realizado&nbsp;ao ar livre&nbsp;e contar\u00e1 com 80 participantes, entre atores e t\u00e9cnicos. Este ano ser\u00e1 apresentado como teatro de arena, onde est\u00e1 sendo montada estrutura com arquibancadas com capacidade para mais de 2500 pessoas sentadas.<\/p>\n\n\n\n<p>Segundo o diretor F\u00e1bio Moreno, o grande desafio \u00e9 sempre inovar com cada espet\u00e1culo, a hist\u00f3ria \u00e9 a mesma, mais a forma que toca o cora\u00e7\u00e3o das pessoas \u00e9 diferente.<\/p>\n\n\n\n<p>A Semana Santa \u00e9 de reflex\u00e3o. \u00c9 a celebra\u00e7\u00e3o da f\u00e9 no Deus vivo que se fez homem, morreu na cruz e ressuscitou dos mortos para a gl\u00f3ria da vida. &nbsp;A encena\u00e7\u00e3o do teatro da paix\u00e3o de cristo \u00e9 a representa\u00e7\u00e3o do amor maior do sacrif\u00edcio de Jesus Cristo para nos dar a salva\u00e7\u00e3o eterna finaliza o Padre Vanderlan Cunha dos Santos.<\/p>\n\n\n\n<p>O espet\u00e1culo com o apoio da Prefeitura e de algumas empresas. No dia ter\u00e1 pra\u00e7a de alimenta\u00e7\u00e3o. A organiza\u00e7\u00e3o pede para quem puder levar 1kg de alimento n\u00e3o perec\u00edvel que ser\u00e1 doado para as pessoas carentes da comunidade.<\/p>\n\n\n\n<figure class=\"wp-block-image\"><img decoding=\"async\" src=\"http:\/\/n1to.com.br\/img\/uploads\/Teatro_Paix%C3%A3o_de_Cristo_de_Gurupi_retorna_ap%C3%B3s_pausa_na_pandemia-_Not%C3%ADcia_1_TO.jpeg\" alt=\"\" title=\"Teatro Paix\u00e3o de Cristo de Gurupi retorna ap\u00f3s pausa na pandemia- Not\u00edcia 1 TO\"\/><\/figure>\n\n\n\n<figure class=\"wp-block-image size-full\"><img loading=\"lazy\" decoding=\"async\" width=\"1011\" height=\"263\" src=\"https:\/\/focotocantinense.com.br\/wp-content\/uploads\/2023\/04\/VINI.jpg\" alt=\"\" class=\"wp-image-4365\" srcset=\"https:\/\/focotocantinense.com.br\/wp-content\/uploads\/2023\/04\/VINI.jpg 1011w, https:\/\/focotocantinense.com.br\/wp-content\/uploads\/2023\/04\/VINI-300x78.jpg 300w, https:\/\/focotocantinense.com.br\/wp-content\/uploads\/2023\/04\/VINI-768x200.jpg 768w\" sizes=\"auto, (max-width: 1011px) 100vw, 1011px\" \/><\/figure>\n","protected":false},"excerpt":{"rendered":"<p>Tradi\u00e7\u00e3o na Semana Santa de&nbsp;Gurupi, a encena\u00e7\u00e3o da&nbsp;Paix\u00e3o de Cristo&nbsp;realizada pela Par\u00f3quia de Nossa Senhora da Concei\u00e7\u00e3o, volta a ser realizada pelo Grupo de Teatro Paix\u00e3o de Cristo, no dia 7 de abril, \u00e0s 19:30h, no estacionamento da paroquia na Av. Sergipe &#8211; Trevo Oeste. A passagem da hist\u00f3ria de Jesus Cristo, do julgamento \u00e1 &hellip;<\/p>\n","protected":false},"author":5,"featured_media":4400,"comment_status":"open","ping_status":"open","sticky":false,"template":"","format":"standard","meta":{"footnotes":""},"categories":[38],"tags":[],"class_list":["post-4399","post","type-post","status-publish","format-standard","has-post-thumbnail","","category-gurupi"],"_links":{"self":[{"href":"https:\/\/focotocantinense.com.br\/index.php?rest_route=\/wp\/v2\/posts\/4399","targetHints":{"allow":["GET"]}}],"collection":[{"href":"https:\/\/focotocantinense.com.br\/index.php?rest_route=\/wp\/v2\/posts"}],"about":[{"href":"https:\/\/focotocantinense.com.br\/index.php?rest_route=\/wp\/v2\/types\/post"}],"author":[{"embeddable":true,"href":"https:\/\/focotocantinense.com.br\/index.php?rest_route=\/wp\/v2\/users\/5"}],"replies":[{"embeddable":true,"href":"https:\/\/focotocantinense.com.br\/index.php?rest_route=%2Fwp%2Fv2%2Fcomments&post=4399"}],"version-history":[{"count":1,"href":"https:\/\/focotocantinense.com.br\/index.php?rest_route=\/wp\/v2\/posts\/4399\/revisions"}],"predecessor-version":[{"id":4401,"href":"https:\/\/focotocantinense.com.br\/index.php?rest_route=\/wp\/v2\/posts\/4399\/revisions\/4401"}],"wp:featuredmedia":[{"embeddable":true,"href":"https:\/\/focotocantinense.com.br\/index.php?rest_route=\/wp\/v2\/media\/4400"}],"wp:attachment":[{"href":"https:\/\/focotocantinense.com.br\/index.php?rest_route=%2Fwp%2Fv2%2Fmedia&parent=4399"}],"wp:term":[{"taxonomy":"category","embeddable":true,"href":"https:\/\/focotocantinense.com.br\/index.php?rest_route=%2Fwp%2Fv2%2Fcategories&post=4399"},{"taxonomy":"post_tag","embeddable":true,"href":"https:\/\/focotocantinense.com.br\/index.php?rest_route=%2Fwp%2Fv2%2Ftags&post=4399"}],"curies":[{"name":"wp","href":"https:\/\/api.w.org\/{rel}","templated":true}]}}