{"id":4385,"date":"2023-04-05T08:34:46","date_gmt":"2023-04-05T11:34:46","guid":{"rendered":"https:\/\/focotocantinense.com.br\/?p=4385"},"modified":"2023-04-05T08:38:25","modified_gmt":"2023-04-05T11:38:25","slug":"assembleia-de-deus-em-picarra-pa-realiza-santa-ceia-e-destaca-trabalho-social-e-evangelistico","status":"publish","type":"post","link":"https:\/\/focotocantinense.com.br\/?p=4385","title":{"rendered":"Assembleia de Deus em Pi\u00e7arra-PA realiza Santa Ceia e destaca trabalho social e evangel\u00edstico"},"content":{"rendered":"\n<figure class=\"wp-block-image size-large is-resized\"><img loading=\"lazy\" decoding=\"async\" src=\"https:\/\/focotocantinense.com.br\/wp-content\/uploads\/2023\/04\/aaaaaaaaaaaaaaaaaaaaaaaaaaaaaaaaaaaaaaaaaaaaa-1024x771.jpg\" alt=\"\" class=\"wp-image-4386\" width=\"412\" height=\"310\" srcset=\"https:\/\/focotocantinense.com.br\/wp-content\/uploads\/2023\/04\/aaaaaaaaaaaaaaaaaaaaaaaaaaaaaaaaaaaaaaaaaaaaa-1024x771.jpg 1024w, https:\/\/focotocantinense.com.br\/wp-content\/uploads\/2023\/04\/aaaaaaaaaaaaaaaaaaaaaaaaaaaaaaaaaaaaaaaaaaaaa-300x226.jpg 300w, https:\/\/focotocantinense.com.br\/wp-content\/uploads\/2023\/04\/aaaaaaaaaaaaaaaaaaaaaaaaaaaaaaaaaaaaaaaaaaaaa-768x578.jpg 768w, https:\/\/focotocantinense.com.br\/wp-content\/uploads\/2023\/04\/aaaaaaaaaaaaaaaaaaaaaaaaaaaaaaaaaaaaaaaaaaaaa.jpg 1536w\" sizes=\"auto, (max-width: 412px) 100vw, 412px\" \/><\/figure>\n\n\n\n<p><strong>Por Jonas Amaral<\/strong><\/p>\n\n\n\n<p>No \u00faltimo domingo, dia 2 de abril, a igreja Assembleia de Deus CIADSETA PA\/MT, em Pi\u00e7arra Par\u00e1, estava lotada com uma multid\u00e3o de pessoas participando da \u201cFesta da Alma Salva\u201d,, a Santa Ceia do Senhor. A celebra\u00e7\u00e3o foi marcada por muita alegria e pela presen\u00e7a poderosa de Deus, que se manifestou durante todo o culto.<\/p>\n\n\n\n<figure class=\"wp-block-image size-full is-resized\"><img loading=\"lazy\" decoding=\"async\" src=\"https:\/\/focotocantinense.com.br\/wp-content\/uploads\/2023\/04\/image-1.png\" alt=\"\" class=\"wp-image-4390\" width=\"367\" height=\"209\" srcset=\"https:\/\/focotocantinense.com.br\/wp-content\/uploads\/2023\/04\/image-1.png 1012w, https:\/\/focotocantinense.com.br\/wp-content\/uploads\/2023\/04\/image-1-300x171.png 300w, https:\/\/focotocantinense.com.br\/wp-content\/uploads\/2023\/04\/image-1-768x438.png 768w\" sizes=\"auto, (max-width: 367px) 100vw, 367px\" \/><\/figure>\n\n\n\n<p><strong><em>15 anos de dedica\u00e7\u00e3o ao Reino<\/em><\/strong><\/p>\n\n\n\n<p>A Assembleia de Deus em Pi\u00e7arra \u00e9 pastoreada h\u00e1 sete anos pelo jovem pastor Rui Amaral e sua esposa, a mission\u00e1ria Fernanda Amaral. O casal tem dedicado suas vidas ao reino de Deus h\u00e1 15 anos e trabalha em conjunto com um minist\u00e9rio de obreiros s\u00f3lido e departamentos altru\u00edstas e vision\u00e1rios, prestando um excelente trabalho ao Reino de Deus naquela regi\u00e3o.<\/p>\n\n\n\n<p><strong><em>Novo Templo<\/em><\/strong><\/p>\n\n\n\n<p>Atualmente, o templo da Assembleia de Deus em Pi\u00e7arra n\u00e3o comporta o contingente de membros, sendo necess\u00e1rio a constru\u00e7\u00e3o de um novo pr\u00e9dio que j\u00e1 est\u00e1 em fase avan\u00e7ada de constru\u00e7\u00e3o, com capacidade para 1200 pessoas sentadas. A Assembleia de Deus tem dedicado esfor\u00e7os a servir bem o reino de Deus, visando alcan\u00e7ar todos os p\u00fablicos.<\/p>\n\n\n\n<p><strong><em>Novo Templo<\/em><\/strong><\/p>\n\n\n\n<p>Atualmente, o templo da Assembleia de Deus em Pi\u00e7arra n\u00e3o comporta o contingente de membros, sendo necess\u00e1rio a constru\u00e7\u00e3o de um novo pr\u00e9dio que j\u00e1 est\u00e1 em fase avan\u00e7ada de constru\u00e7\u00e3o, com capacidade para 1200 pessoas sentadas. A Assembleia de Deus tem dedicado esfor\u00e7os a servir bem o reino de Deus, visando alcan\u00e7ar todos os p\u00fablicos.<\/p>\n\n\n\n<p><strong><em>Edificou milhares de vidas<\/em><\/strong><\/p>\n\n\n\n<p>O pastor Rui Amaral expressou uma vis\u00e3o poderosa e inspiradora ao afirmar que, no minist\u00e9rio terreno de Jesus Cristo, Ele n\u00e3o construiu nenhum templo, mas sim edificou milhares de vidas. Essa vis\u00e3o tem guiado o pastor Rui em sua pr\u00f3pria jornada de minist\u00e9rio, levando-o a visitar, orar, aben\u00e7oar e trabalhar com dinamismo e de forma ecl\u00e9tica para alcan\u00e7ar todos os p\u00fablicos. Essa abordagem inclusiva tem sido fundamental para o sucesso da Assembleia de Deus em Pi\u00e7arra, que tem crescido exponencialmente em n\u00famero de membros e se consolidado como uma refer\u00eancia na regi\u00e3o.<\/p>\n\n\n\n<p><strong><em>Departamento aos idosos<\/em><\/strong><\/p>\n\n\n\n<p>Um dos belos trabalhos prestados pela igreja \u00e9 focado nos idosos, que muitas vezes s\u00e3o deixados de lado pela sociedade. A Assembleia de Deus em Pi\u00e7arra tem um departamento que d\u00e1 toda a devida aten\u00e7\u00e3o aos idosos, proporcionando a eles encontros mensais para cantar, pregar, dar testemunho, al\u00e9m de realizar alguns exames b\u00e1sicos de rotina como press\u00e3o arterial e teste glic\u00eamico.<\/p>\n\n\n\n<figure class=\"wp-block-image size-large\"><img loading=\"lazy\" decoding=\"async\" width=\"1024\" height=\"461\" src=\"https:\/\/focotocantinense.com.br\/wp-content\/uploads\/2023\/04\/image-2-1024x461.png\" alt=\"\" class=\"wp-image-4393\" srcset=\"https:\/\/focotocantinense.com.br\/wp-content\/uploads\/2023\/04\/image-2-1024x461.png 1024w, https:\/\/focotocantinense.com.br\/wp-content\/uploads\/2023\/04\/image-2-300x135.png 300w, https:\/\/focotocantinense.com.br\/wp-content\/uploads\/2023\/04\/image-2-768x346.png 768w, https:\/\/focotocantinense.com.br\/wp-content\/uploads\/2023\/04\/image-2.png 1536w\" sizes=\"auto, (max-width: 1024px) 100vw, 1024px\" \/><\/figure>\n\n\n\n<p><strong><em>Preserva os bons costumes<\/em><\/strong><\/p>\n\n\n\n<p>A Assembleia de Deus em Pi\u00e7arra \u00e9 uma igreja que preserva a doutrina ortodoxa e tem uma tradi\u00e7\u00e3o de mais de 45 anos pregando o evangelho de Jesus Cristo. O pastor Rui Amaral enfatiza que uma igreja pastoreada por bons l\u00edderes normalmente preserva os bons costumes e, principalmente, a doutrina.<\/p>\n\n\n\n<figure class=\"wp-block-image size-large\"><img loading=\"lazy\" decoding=\"async\" width=\"1024\" height=\"461\" src=\"https:\/\/focotocantinense.com.br\/wp-content\/uploads\/2023\/04\/image-3-1024x461.png\" alt=\"\" class=\"wp-image-4394\" srcset=\"https:\/\/focotocantinense.com.br\/wp-content\/uploads\/2023\/04\/image-3-1024x461.png 1024w, https:\/\/focotocantinense.com.br\/wp-content\/uploads\/2023\/04\/image-3-300x135.png 300w, https:\/\/focotocantinense.com.br\/wp-content\/uploads\/2023\/04\/image-3-768x346.png 768w, https:\/\/focotocantinense.com.br\/wp-content\/uploads\/2023\/04\/image-3.png 1536w\" sizes=\"auto, (max-width: 1024px) 100vw, 1024px\" \/><\/figure>\n\n\n\n<p><strong><em>Impacto Pentecostal Clama Pi\u00e7arra<\/em><\/strong><\/p>\n\n\n\n<p>A igreja tamb\u00e9m realiza um evento anual chamado&nbsp;<strong><em>\u201cImpacto Pentecostal Clama Pi\u00e7arra\u201d<\/em><\/strong>, que est\u00e1 em sua d\u00e9cima edi\u00e7\u00e3o em 2023 e dura 10 dias, com a presen\u00e7a de diversos cantores e pregadores renomados do pa\u00eds. Durante o evento, \u00e9 oferecida alimenta\u00e7\u00e3o totalmente gratuita a todos os congressistas, al\u00e9m de ter uma vis\u00e3o espiritual, social, moral e material.<\/p>\n\n\n\n<p><strong><em>Alcan\u00e7ando territ\u00f3rios e valorizando vidas<\/em><\/strong><\/p>\n\n\n\n<p>Com tudo isso, a Assembleia de Deus avan\u00e7a, alcan\u00e7ando territ\u00f3rios e valorizando vidas, fazendo com que o reino de Deus seja exaltado e glorificado. Como diz o hino da igreja,&nbsp;<strong><em>\u201cno Senhor arvoraremos pend\u00f5es!\u201d<\/em><\/strong><\/p>\n\n\n\n<figure class=\"wp-block-image size-full\"><img loading=\"lazy\" decoding=\"async\" width=\"1011\" height=\"263\" src=\"https:\/\/focotocantinense.com.br\/wp-content\/uploads\/2023\/04\/VINI.jpg\" alt=\"\" class=\"wp-image-4365\" srcset=\"https:\/\/focotocantinense.com.br\/wp-content\/uploads\/2023\/04\/VINI.jpg 1011w, https:\/\/focotocantinense.com.br\/wp-content\/uploads\/2023\/04\/VINI-300x78.jpg 300w, https:\/\/focotocantinense.com.br\/wp-content\/uploads\/2023\/04\/VINI-768x200.jpg 768w\" sizes=\"auto, (max-width: 1011px) 100vw, 1011px\" \/><\/figure>\n\n\n\n<p><\/p>\n","protected":false},"excerpt":{"rendered":"<p>Por Jonas Amaral No \u00faltimo domingo, dia 2 de abril, a igreja Assembleia de Deus CIADSETA PA\/MT, em Pi\u00e7arra Par\u00e1, estava lotada com uma multid\u00e3o de pessoas participando da \u201cFesta da Alma Salva\u201d,, a Santa Ceia do Senhor. A celebra\u00e7\u00e3o foi marcada por muita alegria e pela presen\u00e7a poderosa de Deus, que se manifestou durante &hellip;<\/p>\n","protected":false},"author":5,"featured_media":4386,"comment_status":"open","ping_status":"open","sticky":false,"template":"","format":"standard","meta":{"footnotes":""},"categories":[1],"tags":[],"class_list":["post-4385","post","type-post","status-publish","format-standard","has-post-thumbnail","","category-sem-categoria"],"_links":{"self":[{"href":"https:\/\/focotocantinense.com.br\/index.php?rest_route=\/wp\/v2\/posts\/4385","targetHints":{"allow":["GET"]}}],"collection":[{"href":"https:\/\/focotocantinense.com.br\/index.php?rest_route=\/wp\/v2\/posts"}],"about":[{"href":"https:\/\/focotocantinense.com.br\/index.php?rest_route=\/wp\/v2\/types\/post"}],"author":[{"embeddable":true,"href":"https:\/\/focotocantinense.com.br\/index.php?rest_route=\/wp\/v2\/users\/5"}],"replies":[{"embeddable":true,"href":"https:\/\/focotocantinense.com.br\/index.php?rest_route=%2Fwp%2Fv2%2Fcomments&post=4385"}],"version-history":[{"count":6,"href":"https:\/\/focotocantinense.com.br\/index.php?rest_route=\/wp\/v2\/posts\/4385\/revisions"}],"predecessor-version":[{"id":4395,"href":"https:\/\/focotocantinense.com.br\/index.php?rest_route=\/wp\/v2\/posts\/4385\/revisions\/4395"}],"wp:featuredmedia":[{"embeddable":true,"href":"https:\/\/focotocantinense.com.br\/index.php?rest_route=\/wp\/v2\/media\/4386"}],"wp:attachment":[{"href":"https:\/\/focotocantinense.com.br\/index.php?rest_route=%2Fwp%2Fv2%2Fmedia&parent=4385"}],"wp:term":[{"taxonomy":"category","embeddable":true,"href":"https:\/\/focotocantinense.com.br\/index.php?rest_route=%2Fwp%2Fv2%2Fcategories&post=4385"},{"taxonomy":"post_tag","embeddable":true,"href":"https:\/\/focotocantinense.com.br\/index.php?rest_route=%2Fwp%2Fv2%2Ftags&post=4385"}],"curies":[{"name":"wp","href":"https:\/\/api.w.org\/{rel}","templated":true}]}}