{"id":4374,"date":"2023-04-04T21:43:02","date_gmt":"2023-04-05T00:43:02","guid":{"rendered":"https:\/\/focotocantinense.com.br\/?p=4374"},"modified":"2023-04-04T21:58:39","modified_gmt":"2023-04-05T00:58:39","slug":"roda-de-conversa-com-o-escritor-zacarias-martins-movimenta-o-dia-d-da-leitura-no-colegio-militar-de-cristalandia","status":"publish","type":"post","link":"https:\/\/focotocantinense.com.br\/?p=4374","title":{"rendered":"Roda de Conversa com o escritor Zacarias Martins movimenta o Dia D da Leitura no Col\u00e9gio Militar de Cristal\u00e2ndia"},"content":{"rendered":"\n<p><strong>Por Jonas Amaral<\/strong><\/p>\n\n\n\n<p>O Col\u00e9gio Militar do Estado do Tocantins \u2013 Otac\u00edlio Marques Rosal (CMTO XVII), de Cristal\u00e2ndia, promoveu em grande estilo o Dia D da Leitura na ter\u00e7a-feira, dia 4, com uma movimentada programa\u00e7\u00e3o, que incluiu a reinaugura\u00e7\u00e3o da Biblioteca Cec\u00edlia Meireles.<\/p>\n\n\n\n<p>E para abrilhantar ainda mais a programa\u00e7\u00e3o o col\u00e9gio contou com uma animada Roda de Conversa com o consagrado escritor e jornalista Zacarias Martins, imortal da Academia Tocantinense de Letras (ATL), onde ele, de forma l\u00fadica e descontra\u00edda explanou aos presentes sobre a import\u00e2ncia de ler e adquirir conhecimento e n\u00e3o apenas absorver informa\u00e7\u00f5es.&nbsp;<\/p>\n\n\n\n<p>Al\u00e9m da presen\u00e7a ilustre&nbsp; de Zacarias Martins, a unidade escolar foi ainda&nbsp; &nbsp;agraciada com a participa\u00e7\u00e3o da equipe de servidores e estudantes da Apae de Cristal\u00e2ndia, bem como, da secret\u00e1ria municipal de Educa\u00e7\u00e3o de Cristal\u00e2ndia, Liamar Bido Gellen.<\/p>\n\n\n\n<p><strong>Sobre a import\u00e2ncia da leitura<\/strong><\/p>\n\n\n\n<p>A diretora da Unidade Escolar, a sargento PM Marlyn\u00e9ia Dorta, afirmou que a realiza\u00e7\u00e3o de um evento onde se destaca a literatura e a import\u00e2ncia do conhecimento dentro do col\u00e9gio \u00e9 de suma import\u00e2ncia, uma vez que \u00e9&nbsp; onde se desperta e se&nbsp; estimula a capacidade de buscar aprender sempre mais.<\/p>\n\n\n\n<p>\u201cA leitura \u00e9 respons\u00e1vel por contribuir com a forma\u00e7\u00e3o universal do indiv\u00edduo, levando-o \u00e0 conscientiza\u00e7\u00e3o \u00e9tica e cr\u00edtica do cotidiano, modificando as formas de pensar e agir nas interpreta\u00e7\u00f5es sobre o mundo e nas rela\u00e7\u00f5es entre si e os outros\u201d declarou, enfatizando que a&nbsp; presen\u00e7a do escritor e jornalista Zacarias Martins \u201ctorna este momento ainda mais enriquecedor, trazendo para o CMTO o acesso \u00e0 literatura tocantinense por meio de t\u00e3o ilustre representante\u201d, concluiu.<\/p>\n\n\n\n<p><strong>Proporcionando conhecimento<\/strong><\/p>\n\n\n\n<p>Para o estudante da 2\u00aa s\u00e9rie, Carlos Fran\u00e7a \u201ccom a excepcional palestra do grand\u00edssimo escritor e jornalista tocantinense Zacarias Martins, compreendemos que \u00e9 de suma import\u00e2ncia a leitura em nossas vidas. Eu, como ouvinte da palestra percebi que o h\u00e1bito de ler se torna um ato fundamental para todas as idades, promovendo a reflex\u00e3o e favorecendo&nbsp; um racioc\u00ednio e um vocabul\u00e1rio claro, aprimorando a capacidade interpretativa, al\u00e9m de proporcionar&nbsp; conhecimento amplo e diversificado sobre v\u00e1rios assuntos, ampliando o senso cr\u00edtico e a habilidade na escrita,\u201d&nbsp; afirmou.<\/p>\n\n\n\n<figure class=\"wp-block-image size-full is-resized\"><img loading=\"lazy\" decoding=\"async\" src=\"https:\/\/focotocantinense.com.br\/wp-content\/uploads\/2023\/04\/eeeeeeeeeee.jpg\" alt=\"\" class=\"wp-image-4377\" width=\"663\" height=\"673\" srcset=\"https:\/\/focotocantinense.com.br\/wp-content\/uploads\/2023\/04\/eeeeeeeeeee.jpg 433w, https:\/\/focotocantinense.com.br\/wp-content\/uploads\/2023\/04\/eeeeeeeeeee-295x300.jpg 295w\" sizes=\"auto, (max-width: 663px) 100vw, 663px\" \/><\/figure>\n\n\n\n<p><strong>Biblioteca com acervo digitalizado<\/strong><\/p>\n\n\n\n<p>Em virtude da dedica\u00e7\u00e3o e empenho da equipe do Col\u00e9gio Militar de Cristal\u00e2ndia, coordenada pela professora Maria da Concei\u00e7\u00e3o Nunes Brito, foi devolvida uma biblioteca com um acervo de mais de 6.000 exemplares 100% digitalizada, um trabalho diuturno de mais de 30 dias que possibilitar\u00e1 uma melhor utiliza\u00e7\u00e3o desse espa\u00e7o fundamental para a forma\u00e7\u00e3o de cidad\u00e3o capazes de mudar para melhor o mundo em que vivemos.&nbsp;<\/p>\n\n\n\n<p>No primeiro momento da movimentada programa\u00e7\u00e3o, os estudantes e convidados tiveram a oportunidade de conhecer um pouco mais sobre a patronesse do espa\u00e7o, a escritora Cec\u00edlia Meireles, por meio de apresenta\u00e7\u00f5es preparadas por nosso corpo docente e discente.&nbsp;<\/p>\n\n\n\n<p>Em seguida, os estudantes foram conduzidos por turma para fazerem a visita\u00e7\u00e3o \u00e0 biblioteca, onde foram repassadas as orienta\u00e7\u00f5es para a utiliza\u00e7\u00e3o e manuten\u00e7\u00e3o do espa\u00e7o.<\/p>\n\n\n\n<figure class=\"wp-block-image size-large\"><img loading=\"lazy\" decoding=\"async\" width=\"1024\" height=\"436\" src=\"https:\/\/focotocantinense.com.br\/wp-content\/uploads\/2023\/04\/image-1024x436.png\" alt=\"\" class=\"wp-image-4379\" srcset=\"https:\/\/focotocantinense.com.br\/wp-content\/uploads\/2023\/04\/image-1024x436.png 1024w, https:\/\/focotocantinense.com.br\/wp-content\/uploads\/2023\/04\/image-300x128.png 300w, https:\/\/focotocantinense.com.br\/wp-content\/uploads\/2023\/04\/image-768x327.png 768w, https:\/\/focotocantinense.com.br\/wp-content\/uploads\/2023\/04\/image.png 1268w\" sizes=\"auto, (max-width: 1024px) 100vw, 1024px\" \/><\/figure>\n\n\n\n<figure class=\"wp-block-image size-large\"><img loading=\"lazy\" decoding=\"async\" width=\"1024\" height=\"768\" src=\"https:\/\/focotocantinense.com.br\/wp-content\/uploads\/2023\/04\/1-O-poeta-Zacariaas-Martins-durante-a-Roda-de-Conversa-com-os-alunos-do-Colegio-Militar-de-Cristalandia-Foto-Pedro-Lucas-Gomes-1024x768.jpg\" alt=\"\" class=\"wp-image-4380\" srcset=\"https:\/\/focotocantinense.com.br\/wp-content\/uploads\/2023\/04\/1-O-poeta-Zacariaas-Martins-durante-a-Roda-de-Conversa-com-os-alunos-do-Colegio-Militar-de-Cristalandia-Foto-Pedro-Lucas-Gomes-1024x768.jpg 1024w, https:\/\/focotocantinense.com.br\/wp-content\/uploads\/2023\/04\/1-O-poeta-Zacariaas-Martins-durante-a-Roda-de-Conversa-com-os-alunos-do-Colegio-Militar-de-Cristalandia-Foto-Pedro-Lucas-Gomes-300x225.jpg 300w, https:\/\/focotocantinense.com.br\/wp-content\/uploads\/2023\/04\/1-O-poeta-Zacariaas-Martins-durante-a-Roda-de-Conversa-com-os-alunos-do-Colegio-Militar-de-Cristalandia-Foto-Pedro-Lucas-Gomes-768x576.jpg 768w, https:\/\/focotocantinense.com.br\/wp-content\/uploads\/2023\/04\/1-O-poeta-Zacariaas-Martins-durante-a-Roda-de-Conversa-com-os-alunos-do-Colegio-Militar-de-Cristalandia-Foto-Pedro-Lucas-Gomes-1536x1152.jpg 1536w, https:\/\/focotocantinense.com.br\/wp-content\/uploads\/2023\/04\/1-O-poeta-Zacariaas-Martins-durante-a-Roda-de-Conversa-com-os-alunos-do-Colegio-Militar-de-Cristalandia-Foto-Pedro-Lucas-Gomes.jpg 1600w\" sizes=\"auto, (max-width: 1024px) 100vw, 1024px\" \/><\/figure>\n\n\n\n<figure class=\"wp-block-image size-full\"><img loading=\"lazy\" decoding=\"async\" width=\"1011\" height=\"263\" src=\"https:\/\/focotocantinense.com.br\/wp-content\/uploads\/2023\/04\/VINI.jpg\" alt=\"\" class=\"wp-image-4365\" srcset=\"https:\/\/focotocantinense.com.br\/wp-content\/uploads\/2023\/04\/VINI.jpg 1011w, https:\/\/focotocantinense.com.br\/wp-content\/uploads\/2023\/04\/VINI-300x78.jpg 300w, https:\/\/focotocantinense.com.br\/wp-content\/uploads\/2023\/04\/VINI-768x200.jpg 768w\" sizes=\"auto, (max-width: 1011px) 100vw, 1011px\" \/><\/figure>\n","protected":false},"excerpt":{"rendered":"<p>Por Jonas Amaral O Col\u00e9gio Militar do Estado do Tocantins \u2013 Otac\u00edlio Marques Rosal (CMTO XVII), de Cristal\u00e2ndia, promoveu em grande estilo o Dia D da Leitura na ter\u00e7a-feira, dia 4, com uma movimentada programa\u00e7\u00e3o, que incluiu a reinaugura\u00e7\u00e3o da Biblioteca Cec\u00edlia Meireles. E para abrilhantar ainda mais a programa\u00e7\u00e3o o col\u00e9gio contou com uma &hellip;<\/p>\n","protected":false},"author":5,"featured_media":4375,"comment_status":"open","ping_status":"open","sticky":false,"template":"","format":"standard","meta":{"footnotes":""},"categories":[110],"tags":[],"class_list":["post-4374","post","type-post","status-publish","format-standard","has-post-thumbnail","","category-cristalandia"],"_links":{"self":[{"href":"https:\/\/focotocantinense.com.br\/index.php?rest_route=\/wp\/v2\/posts\/4374","targetHints":{"allow":["GET"]}}],"collection":[{"href":"https:\/\/focotocantinense.com.br\/index.php?rest_route=\/wp\/v2\/posts"}],"about":[{"href":"https:\/\/focotocantinense.com.br\/index.php?rest_route=\/wp\/v2\/types\/post"}],"author":[{"embeddable":true,"href":"https:\/\/focotocantinense.com.br\/index.php?rest_route=\/wp\/v2\/users\/5"}],"replies":[{"embeddable":true,"href":"https:\/\/focotocantinense.com.br\/index.php?rest_route=%2Fwp%2Fv2%2Fcomments&post=4374"}],"version-history":[{"count":4,"href":"https:\/\/focotocantinense.com.br\/index.php?rest_route=\/wp\/v2\/posts\/4374\/revisions"}],"predecessor-version":[{"id":4383,"href":"https:\/\/focotocantinense.com.br\/index.php?rest_route=\/wp\/v2\/posts\/4374\/revisions\/4383"}],"wp:featuredmedia":[{"embeddable":true,"href":"https:\/\/focotocantinense.com.br\/index.php?rest_route=\/wp\/v2\/media\/4375"}],"wp:attachment":[{"href":"https:\/\/focotocantinense.com.br\/index.php?rest_route=%2Fwp%2Fv2%2Fmedia&parent=4374"}],"wp:term":[{"taxonomy":"category","embeddable":true,"href":"https:\/\/focotocantinense.com.br\/index.php?rest_route=%2Fwp%2Fv2%2Fcategories&post=4374"},{"taxonomy":"post_tag","embeddable":true,"href":"https:\/\/focotocantinense.com.br\/index.php?rest_route=%2Fwp%2Fv2%2Ftags&post=4374"}],"curies":[{"name":"wp","href":"https:\/\/api.w.org\/{rel}","templated":true}]}}