{"id":4369,"date":"2023-04-03T08:10:53","date_gmt":"2023-04-03T11:10:53","guid":{"rendered":"https:\/\/focotocantinense.com.br\/?p=4369"},"modified":"2023-04-03T08:13:54","modified_gmt":"2023-04-03T11:13:54","slug":"as-bodas-de-perola-do-casal-eliane-de-abreu-silva-e-rogerio-alves-silvestre","status":"publish","type":"post","link":"https:\/\/focotocantinense.com.br\/?p=4369","title":{"rendered":"As\u00a0 Bodas de P\u00e9rola do casal Eliane de Abreu Silva e Rog\u00e9rio Alves Silvestre"},"content":{"rendered":"\n<figure class=\"wp-block-image size-large is-resized\"><img loading=\"lazy\" decoding=\"async\" src=\"https:\/\/focotocantinense.com.br\/wp-content\/uploads\/2023\/04\/bbbb-461x1024.jpg\" alt=\"\" class=\"wp-image-4362\" width=\"349\" height=\"775\" srcset=\"https:\/\/focotocantinense.com.br\/wp-content\/uploads\/2023\/04\/bbbb-461x1024.jpg 461w, https:\/\/focotocantinense.com.br\/wp-content\/uploads\/2023\/04\/bbbb-135x300.jpg 135w, https:\/\/focotocantinense.com.br\/wp-content\/uploads\/2023\/04\/bbbb.jpg 540w\" sizes=\"auto, (max-width: 349px) 100vw, 349px\" \/><\/figure>\n\n\n\n<p>Pessoas&nbsp; muito queridas da comunidade de Tocant\u00ednia, os empres\u00e1rios Eliane de Abreu Silva e Rog\u00e9rio &nbsp;Alves Silvestre, celebram hoje, dia 03 de abril, suas Bodas de P\u00e9rola.<\/p>\n\n\n\n<p>E j\u00e1 se v\u00e3o 30 anos de uma feliz&nbsp; uni\u00e3o, onde o casal foi aben\u00e7oado com tr\u00eas lindas filhas: Rayana,&nbsp; Alyandra e Alyci.<\/p>\n\n\n\n<p>As p\u00e9rolas s\u00e3o joias formadas dentro das ostras, como o resultado de um mecanismo de defesa destes moluscos.<\/p>\n\n\n\n<p>Quando alguma subst\u00e2ncia estranha invade a ostra, produzindo uma inflama\u00e7\u00e3o em seu interior, esta envolve o corpo invasor com diversas camadas de madrep\u00e9rola \u2013 uma subst\u00e2ncia dura e rica em calc\u00e1rio. Assim surgem as p\u00e9rolas.<\/p>\n\n\n\n<p>Ao chegar no trig\u00e9simo ano de matrim\u00f4nio, a forma\u00e7\u00e3o das p\u00e9rolas torna-se uma boa met\u00e1fora de como o casal teve que enfrentar diversos \u201cinvasores\u201d e adversidades ao longo dessas tr\u00eas d\u00e9cadas.<\/p>\n\n\n\n<p>O amor e o compromisso do casal fizeram com que todos os problemas enfrentados se transformassem em \u201cp\u00e9rolas\u201d, ou seja, ajudou a fortalecer ainda mais o relacionamento.<\/p>\n\n\n\n<p>Parab\u00e9ns, Eliane e Rog\u00e9rio. Que essa uni\u00e3o continue aben\u00e7oada para todo o sempre.<\/p>\n\n\n\n<figure class=\"wp-block-image\"><img loading=\"lazy\" decoding=\"async\" width=\"1011\" height=\"263\" src=\"https:\/\/focotocantinense.com.br\/wp-content\/uploads\/2023\/04\/VINI.jpg\" alt=\"\" class=\"wp-image-4365\" srcset=\"https:\/\/focotocantinense.com.br\/wp-content\/uploads\/2023\/04\/VINI.jpg 1011w, https:\/\/focotocantinense.com.br\/wp-content\/uploads\/2023\/04\/VINI-300x78.jpg 300w, https:\/\/focotocantinense.com.br\/wp-content\/uploads\/2023\/04\/VINI-768x200.jpg 768w\" sizes=\"auto, (max-width: 1011px) 100vw, 1011px\" \/><\/figure>\n","protected":false},"excerpt":{"rendered":"<p>Pessoas&nbsp; muito queridas da comunidade de Tocant\u00ednia, os empres\u00e1rios Eliane de Abreu Silva e Rog\u00e9rio &nbsp;Alves Silvestre, celebram hoje, dia 03 de abril, suas Bodas de P\u00e9rola. E j\u00e1 se v\u00e3o 30 anos de uma feliz&nbsp; uni\u00e3o, onde o casal foi aben\u00e7oado com tr\u00eas lindas filhas: Rayana,&nbsp; Alyandra e Alyci. As p\u00e9rolas s\u00e3o joias formadas &hellip;<\/p>\n","protected":false},"author":5,"featured_media":4360,"comment_status":"open","ping_status":"open","sticky":false,"template":"","format":"standard","meta":{"footnotes":""},"categories":[78],"tags":[],"class_list":["post-4369","post","type-post","status-publish","format-standard","has-post-thumbnail","","category-tocantinia"],"_links":{"self":[{"href":"https:\/\/focotocantinense.com.br\/index.php?rest_route=\/wp\/v2\/posts\/4369","targetHints":{"allow":["GET"]}}],"collection":[{"href":"https:\/\/focotocantinense.com.br\/index.php?rest_route=\/wp\/v2\/posts"}],"about":[{"href":"https:\/\/focotocantinense.com.br\/index.php?rest_route=\/wp\/v2\/types\/post"}],"author":[{"embeddable":true,"href":"https:\/\/focotocantinense.com.br\/index.php?rest_route=\/wp\/v2\/users\/5"}],"replies":[{"embeddable":true,"href":"https:\/\/focotocantinense.com.br\/index.php?rest_route=%2Fwp%2Fv2%2Fcomments&post=4369"}],"version-history":[{"count":3,"href":"https:\/\/focotocantinense.com.br\/index.php?rest_route=\/wp\/v2\/posts\/4369\/revisions"}],"predecessor-version":[{"id":4373,"href":"https:\/\/focotocantinense.com.br\/index.php?rest_route=\/wp\/v2\/posts\/4369\/revisions\/4373"}],"wp:featuredmedia":[{"embeddable":true,"href":"https:\/\/focotocantinense.com.br\/index.php?rest_route=\/wp\/v2\/media\/4360"}],"wp:attachment":[{"href":"https:\/\/focotocantinense.com.br\/index.php?rest_route=%2Fwp%2Fv2%2Fmedia&parent=4369"}],"wp:term":[{"taxonomy":"category","embeddable":true,"href":"https:\/\/focotocantinense.com.br\/index.php?rest_route=%2Fwp%2Fv2%2Fcategories&post=4369"},{"taxonomy":"post_tag","embeddable":true,"href":"https:\/\/focotocantinense.com.br\/index.php?rest_route=%2Fwp%2Fv2%2Ftags&post=4369"}],"curies":[{"name":"wp","href":"https:\/\/api.w.org\/{rel}","templated":true}]}}