{"id":4353,"date":"2023-03-31T21:18:46","date_gmt":"2023-04-01T00:18:46","guid":{"rendered":"https:\/\/focotocantinense.com.br\/?p=4353"},"modified":"2023-03-31T21:21:04","modified_gmt":"2023-04-01T00:21:04","slug":"unirg-e-homenageada-em-sessao-solene-na-assembleia-legislativa-do-tocantins","status":"publish","type":"post","link":"https:\/\/focotocantinense.com.br\/?p=4353","title":{"rendered":"UnirG \u00e9 homenageada em sess\u00e3o solene na Assembleia Legislativa do Tocantins"},"content":{"rendered":"\n<p>Foi realizada na manh\u00e3 de ontem, 30, uma sess\u00e3o solene na Assembleia Legislativa do Tocantins que homenageou a Universidade de Gurupi pelos seus 38 anos de cria\u00e7\u00e3o. Gestores, professores, vereadores de Gurupi, servidores e representantes de acad\u00eamicos participaram da solenidade, que tamb\u00e9m homenageou a Universidade do Tocantins (Unitins).<\/p>\n\n\n\n<p>Representantes da Associa\u00e7\u00e3o de Servidores T\u00e9cnico-administrativos da UnirG (AsaunirG) e da Associa\u00e7\u00e3o dos professores Universit\u00e1rios de Gurupi (Apug) tamb\u00e9m estiveram presentes. O Governador do Tocantins, Wanderlei Barbosa, foi representado pelo Dr. M\u00e1rcio Silveira, presidente da Funda\u00e7\u00e3o de Amparo \u00e0 Pesquisa do Tocantins (FAPT).<\/p>\n\n\n\n<p>Segundo o autor do requerimento, o Deputado Gutierres Torquato, a UnirG faz parte da Historia do Tocantins. \u201c\u00c9 importante analtecer o trabalho que essa universidade tem feito em quase quatro d\u00e9cadas. A partir do nosso requerimento e, de forma un\u00e2nime, os deputados aprovaram a realiza\u00e7\u00e3o dessa solenidade que ressalta a import\u00e2ncia de uma Institui\u00e7\u00e3o pioneira no Estado. Sou egresso dos cursos de Direito e Fisioterapia e hoje, na condi\u00e7\u00e3o de deputado, tenho muito orgulho de falar de algo que mudou a minha vida\u201d disse.<\/p>\n\n\n\n<p>Ele ainda falou que pretende fazer um projeto de resolu\u00e7\u00e3o para que, anualmente, representantes da UnirG e Unitins compare\u00e7am ao plen\u00e1rio da Assembleia para apresentem o trabalho das universidades, e fa\u00e7am a presta\u00e7\u00e3o de contas. \u201d O nosso Estado ter\u00e1 ainda mais o orgulho dessas Institui\u00e7\u00f5es\u201d, ressaltou.<\/p>\n\n\n\n<p>A Prefeita Josi Nunes manifestou a sua alegria pela homenagem. \u201cMe sinto muito feliz por esse momento. A UnirG foi fundada pelo meu pai no ent\u00e3o Norte Goiano, em 1985, cresceu e hoje est\u00e1 alcan\u00e7ando outras cidades. Naquela \u00e9poca os desafios eram imensos, mas ele tinha a inten\u00e7\u00e3o era oferecer o ensino superior mais perto de casa. A UnirG nasceu faculdade e hoje \u00e9 Universidade, a partir da contribui\u00e7\u00e3o de muitas m\u00e3os. Jacinto Nunes tinha raz\u00e3o: a educa\u00e7\u00e3o \u00e9 a mola propulsora de uma regi\u00e3o\u201d disse ela.<\/p>\n\n\n\n<p>O presidente da Funda\u00e7\u00e3o UnirG, Thiago Miranda, agradeceu aos parlamentares e o apoio do Governo do Estado na expans\u00e3o do ensino superior.<\/p>\n\n\n\n<p>\u201cTemos em nossa Institui\u00e7\u00e3o o compromisso, a vis\u00e3o e valores com a certeza que os esfor\u00e7os empregados em muitos anos trar\u00e3o muitas conquistas. Somos refer\u00eancia em forma\u00e7\u00e3o cidad\u00e3, ensino e desenvolvimento regional\u201d, falou.<\/p>\n\n\n\n<p>Para a Reitora, Dr\u00aa Sara Falc\u00e3o, o momento era de gratid\u00e3o. \u201cTemos muito a agradecer. A UnirG passou de uma Faculdade, a Centro Universit\u00e1rio e hoje \u00e9 uma Universidade de excel\u00eancia. Foram anos de muitas lutas, mas tamb\u00e9m de conquistas. Temos hoje o desafio do recredenciamento e muitos sonhos a serem alcan\u00e7ados, como a expans\u00e3o e at\u00e9 a implanta\u00e7\u00e3o de uma escola de aplica\u00e7\u00e3o, de ensino fundamental e m\u00e9dio. O resultado que j\u00e1 temos colhido at\u00e9 hoje demonstra que estamos no caminho certo e isso foi poss\u00edvel a partir do dedicado trabalho de todos que comp\u00f5em a UnirG\u201d disse ela.<\/p>\n\n\n\n<p>Os presentes tamb\u00e9m puderam prestigiar a apresenta\u00e7\u00e3o musical do grupo Lira Jovem, da Casa de Cultura da UnirG Maestro Othonio Benvenuto, que interpretou a m\u00fasica \u201cPara sempre UnirG\u201d, de autoria de Paulo Albuquerque. O grupo \u00e9 formado pelo professor Mois\u00e9s Ribeiro, Let\u00edcia Melo, Matheus Jonathan, Bruna Freire e Sara Grahl.<\/p>\n\n\n\n<p><strong>Homenagens<\/strong><\/p>\n\n\n\n<p>Servidores de diferentes setores da Universidade de Gurupi receberam o reconhecimento pelos relevantes servi\u00e7os prestados, ao longo dos 38 anos de hist\u00f3ria da Institui\u00e7\u00e3o.<\/p>\n\n\n\n<p>Entre eles estava o professor e e ex-presidente da Funda\u00e7\u00e3o UnirG, Me. S\u00e1vio Barbalho. Ele \u00e9 egresso do curso de Direito da UnirG, desde 1999 pertence ao quadro de docentes e foi presidente da Funda\u00e7\u00e3o UnriG de 2013 a 2017.<\/p>\n\n\n\n<p>\u201cMe sinto lisonjeado por participar desse momento como um representante de um conjunto de docentes, servidores e alunos que diariamente lutam por essa Institui\u00e7\u00e3o. Buscamos fazer um trabalho participativo, transparente e hoje estamos felizes com esse reconhecimento\u201d, disse Barbalho.<\/p>\n\n\n\n<figure class=\"wp-block-image size-large\"><img loading=\"lazy\" decoding=\"async\" width=\"1024\" height=\"635\" src=\"https:\/\/focotocantinense.com.br\/wp-content\/uploads\/2023\/03\/Homeagem-AL-6-1024x635.jpeg\" alt=\"\" class=\"wp-image-4354\" srcset=\"https:\/\/focotocantinense.com.br\/wp-content\/uploads\/2023\/03\/Homeagem-AL-6-1024x635.jpeg 1024w, https:\/\/focotocantinense.com.br\/wp-content\/uploads\/2023\/03\/Homeagem-AL-6-300x186.jpeg 300w, https:\/\/focotocantinense.com.br\/wp-content\/uploads\/2023\/03\/Homeagem-AL-6-768x476.jpeg 768w, https:\/\/focotocantinense.com.br\/wp-content\/uploads\/2023\/03\/Homeagem-AL-6.jpeg 1280w\" sizes=\"auto, (max-width: 1024px) 100vw, 1024px\" \/><\/figure>\n\n\n\n<figure class=\"wp-block-image is-resized\"><img loading=\"lazy\" decoding=\"async\" src=\"https:\/\/rotatocantins.com.br\/wp-content\/uploads\/2023\/03\/cccc-300x199.jpg\" alt=\"\" class=\"wp-image-3920\" width=\"842\" height=\"559\"\/><\/figure>\n\n\n\n<p><strong>Os demais homenageados foram:<\/strong><\/p>\n\n\n\n<p>\u2013 C\u00e9lia Maria Agustini Lima: ingressou na UnirG em 1986 como professora auxiliar. Na Institui\u00e7\u00e3o, j\u00e1 atuou tamb\u00e9m como professora assistente, secret\u00e1ria acad\u00eamica e assessora da Reitoria. Possui gradua\u00e7\u00e3o em Letras, Pedagogia, Psicologia da Educa\u00e7\u00e3o; Sociologia da Educa\u00e7\u00e3o; Hist\u00f3ria da Educa\u00e7\u00e3o e Habilita\u00e7\u00e3o em Orienta\u00e7\u00e3o Educacional. Na solenidade, ela foi representada pelo seu esposo Gleydson Moraes.<\/p>\n\n\n\n<p>\u2013 Hernande Fernandes da Costa: servidor da UnirG desde 1999, quando ingressou no Setor de Vigil\u00e2ncia onde atuou at\u00e9 2003. Atuou ainda no Departamento de Audiovisual, onde trabalhou at\u00e9 2012. Desde 2013 desempenha suas atividades laborais no cargo de auxiliar de servi\u00e7os gerais.<\/p>\n\n\n\n<p>\u2013 Josi Nunes: filha de Jacinto Nunes da Silva, ex-prefeito de Gurupi e Dolores Nunes. \u00c9 a atual prefeita de Gurupi e uma das primeiras professoras a compor o quadro efetivo de docentes da UnirG. Tomou posse em 1986, como professora assistente I.<\/p>\n\n\n\n<p>\u2013 Neureny Martins dos Santos Silva: Servidora atuante da UnirG desde 1988. Come\u00e7ou sua carreira como auxiliar da Secretaria, passando a exercer o cargo de assistente administrativo. Posteriormente foi assessora T\u00e9cnica da Secretaria Geral Acad\u00eamica, Coordenadora de N\u00facleo, Secret\u00e1ria Acad\u00eamica Adjunta e Secret\u00e1ria Acad\u00eamica. Na solenidade, Neureny foi representada pela servidora Let\u00edcia Melo.<\/p>\n\n\n\n<p>Atualmente a UnirG conta com 3700 alunos, quase 400 docentes e mais de 500 servidores do quadro t\u00e9cnico administrativo. \u00c9 a Institui\u00e7\u00e3o com o quarto maior or\u00e7amento p\u00fablico do Tocantins e uma das maiores empregadoras na cidade de Gurupi.<\/p>\n\n\n\n<p>O v\u00eddeo com transmiss\u00e3o da sess\u00e3o solene est\u00e1 dispon\u00edvel no canal da TV Assembleia no YouTube.&nbsp;<a href=\"https:\/\/www.youtube.com\/watch?v=_8yEcdgttsQ\"><strong>Assista clicando aqui<\/strong><\/a><\/p>\n\n\n\n<figure class=\"wp-block-image is-resized\"><img loading=\"lazy\" decoding=\"async\" src=\"https:\/\/rotatocantins.com.br\/wp-content\/uploads\/2023\/03\/bbbbb-300x225.jpg\" alt=\"\" class=\"wp-image-3919\" width=\"835\" height=\"626\"\/><\/figure>\n\n\n\n<figure class=\"wp-block-image\"><img decoding=\"async\" src=\"http:\/\/n1to.com.br\/img\/uploads\/VINI_16.jpg\" alt=\"\"\/><\/figure>\n","protected":false},"excerpt":{"rendered":"<p>Foi realizada na manh\u00e3 de ontem, 30, uma sess\u00e3o solene na Assembleia Legislativa do Tocantins que homenageou a Universidade de Gurupi pelos seus 38 anos de cria\u00e7\u00e3o. Gestores, professores, vereadores de Gurupi, servidores e representantes de acad\u00eamicos participaram da solenidade, que tamb\u00e9m homenageou a Universidade do Tocantins (Unitins). Representantes da Associa\u00e7\u00e3o de Servidores T\u00e9cnico-administrativos da &hellip;<\/p>\n","protected":false},"author":5,"featured_media":4354,"comment_status":"open","ping_status":"open","sticky":false,"template":"","format":"standard","meta":{"footnotes":""},"categories":[38],"tags":[],"class_list":["post-4353","post","type-post","status-publish","format-standard","has-post-thumbnail","","category-gurupi"],"_links":{"self":[{"href":"https:\/\/focotocantinense.com.br\/index.php?rest_route=\/wp\/v2\/posts\/4353","targetHints":{"allow":["GET"]}}],"collection":[{"href":"https:\/\/focotocantinense.com.br\/index.php?rest_route=\/wp\/v2\/posts"}],"about":[{"href":"https:\/\/focotocantinense.com.br\/index.php?rest_route=\/wp\/v2\/types\/post"}],"author":[{"embeddable":true,"href":"https:\/\/focotocantinense.com.br\/index.php?rest_route=\/wp\/v2\/users\/5"}],"replies":[{"embeddable":true,"href":"https:\/\/focotocantinense.com.br\/index.php?rest_route=%2Fwp%2Fv2%2Fcomments&post=4353"}],"version-history":[{"count":3,"href":"https:\/\/focotocantinense.com.br\/index.php?rest_route=\/wp\/v2\/posts\/4353\/revisions"}],"predecessor-version":[{"id":4357,"href":"https:\/\/focotocantinense.com.br\/index.php?rest_route=\/wp\/v2\/posts\/4353\/revisions\/4357"}],"wp:featuredmedia":[{"embeddable":true,"href":"https:\/\/focotocantinense.com.br\/index.php?rest_route=\/wp\/v2\/media\/4354"}],"wp:attachment":[{"href":"https:\/\/focotocantinense.com.br\/index.php?rest_route=%2Fwp%2Fv2%2Fmedia&parent=4353"}],"wp:term":[{"taxonomy":"category","embeddable":true,"href":"https:\/\/focotocantinense.com.br\/index.php?rest_route=%2Fwp%2Fv2%2Fcategories&post=4353"},{"taxonomy":"post_tag","embeddable":true,"href":"https:\/\/focotocantinense.com.br\/index.php?rest_route=%2Fwp%2Fv2%2Ftags&post=4353"}],"curies":[{"name":"wp","href":"https:\/\/api.w.org\/{rel}","templated":true}]}}