{"id":4346,"date":"2023-03-31T20:41:38","date_gmt":"2023-03-31T23:41:38","guid":{"rendered":"https:\/\/focotocantinense.com.br\/?p=4346"},"modified":"2023-03-31T20:43:44","modified_gmt":"2023-03-31T23:43:44","slug":"layne-com-15-dias-de-vida-e-a-mais-jovem-a-se-hospedar-na-casa-de-apoio-de-gurupi","status":"publish","type":"post","link":"https:\/\/focotocantinense.com.br\/?p=4346","title":{"rendered":"Layne, com 15 dias de vida, \u00e9 a mais jovem a se hospedar na Casa de Apoio de Gurupi"},"content":{"rendered":"\n<figure class=\"wp-block-image size-full is-resized\"><img loading=\"lazy\" decoding=\"async\" src=\"https:\/\/focotocantinense.com.br\/wp-content\/uploads\/2023\/03\/cccc.jpg\" alt=\"\" class=\"wp-image-4348\" width=\"349\" height=\"296\" srcset=\"https:\/\/focotocantinense.com.br\/wp-content\/uploads\/2023\/03\/cccc.jpg 418w, https:\/\/focotocantinense.com.br\/wp-content\/uploads\/2023\/03\/cccc-300x254.jpg 300w\" sizes=\"auto, (max-width: 349px) 100vw, 349px\" \/><\/figure>\n\n\n\n<p>Uma crian\u00e7a mais que especial se hospedou na Casa de Apoio de Gurupi,&nbsp; nesta sexta-feira 31. A pequena rec\u00e9m-nascida Layne estreou um dos ber\u00e7os do local e se sentiu bem \u00e0 vontade, como se estivesse em casa.&nbsp;<\/p>\n\n\n\n<p>\u201cSomos de Marilandia, povoado de Aragua\u00e7u (TO), e vim ter minha filha no Hospital Materno Infantil de Gurupi. Como ela nasceu com baixo peso, foi preciso ficar internada no hospital\u201d, contou a m\u00e3e que ficou hospedada tamb\u00e9m na Casa de Apoio enquanto a pequena Layne se recuperava e ganhava os quilos necess\u00e1rios.&nbsp;<\/p>\n\n\n\n<p>\u201cHoje, para a nossa alegria, a Layne teve alta e foi a vez dela se hospedar aqui na casa\u201d, comemorou a m\u00e3e que segue agora na Casa aguardando transporte para retornar para Aragua\u00e7u.&nbsp;<\/p>\n\n\n\n<p>\u201cEstou imensamente grata e feliz pelo acompanhamento recebido aqui na Casa Apoio. \u201cQue mais pessoas sejam aben\u00e7oadas e consigam ficar aqui\u201d, disse.<\/p>\n\n\n\n<p><strong>Casa de Apoio<\/strong><\/p>\n\n\n\n<p>\u00c9 um projeto idealizado e implantado pelo deputado Eduardo Fortes. Conta com v\u00e1rias parcerias e est\u00e1 em funcionamento h\u00e1 50 dias.<\/p>\n\n\n\n<figure class=\"wp-block-image size-full\"><img loading=\"lazy\" decoding=\"async\" width=\"1011\" height=\"263\" src=\"https:\/\/focotocantinense.com.br\/wp-content\/uploads\/2023\/03\/VINI-8.jpg\" alt=\"\" class=\"wp-image-4350\" srcset=\"https:\/\/focotocantinense.com.br\/wp-content\/uploads\/2023\/03\/VINI-8.jpg 1011w, https:\/\/focotocantinense.com.br\/wp-content\/uploads\/2023\/03\/VINI-8-300x78.jpg 300w, https:\/\/focotocantinense.com.br\/wp-content\/uploads\/2023\/03\/VINI-8-768x200.jpg 768w\" sizes=\"auto, (max-width: 1011px) 100vw, 1011px\" \/><\/figure>\n","protected":false},"excerpt":{"rendered":"<p>Uma crian\u00e7a mais que especial se hospedou na Casa de Apoio de Gurupi,&nbsp; nesta sexta-feira 31. A pequena rec\u00e9m-nascida Layne estreou um dos ber\u00e7os do local e se sentiu bem \u00e0 vontade, como se estivesse em casa.&nbsp; \u201cSomos de Marilandia, povoado de Aragua\u00e7u (TO), e vim ter minha filha no Hospital Materno Infantil de Gurupi. &hellip;<\/p>\n","protected":false},"author":5,"featured_media":4352,"comment_status":"open","ping_status":"open","sticky":false,"template":"","format":"standard","meta":{"footnotes":""},"categories":[38],"tags":[],"class_list":["post-4346","post","type-post","status-publish","format-standard","has-post-thumbnail","","category-gurupi"],"_links":{"self":[{"href":"https:\/\/focotocantinense.com.br\/index.php?rest_route=\/wp\/v2\/posts\/4346","targetHints":{"allow":["GET"]}}],"collection":[{"href":"https:\/\/focotocantinense.com.br\/index.php?rest_route=\/wp\/v2\/posts"}],"about":[{"href":"https:\/\/focotocantinense.com.br\/index.php?rest_route=\/wp\/v2\/types\/post"}],"author":[{"embeddable":true,"href":"https:\/\/focotocantinense.com.br\/index.php?rest_route=\/wp\/v2\/users\/5"}],"replies":[{"embeddable":true,"href":"https:\/\/focotocantinense.com.br\/index.php?rest_route=%2Fwp%2Fv2%2Fcomments&post=4346"}],"version-history":[{"count":3,"href":"https:\/\/focotocantinense.com.br\/index.php?rest_route=\/wp\/v2\/posts\/4346\/revisions"}],"predecessor-version":[{"id":4351,"href":"https:\/\/focotocantinense.com.br\/index.php?rest_route=\/wp\/v2\/posts\/4346\/revisions\/4351"}],"wp:featuredmedia":[{"embeddable":true,"href":"https:\/\/focotocantinense.com.br\/index.php?rest_route=\/wp\/v2\/media\/4352"}],"wp:attachment":[{"href":"https:\/\/focotocantinense.com.br\/index.php?rest_route=%2Fwp%2Fv2%2Fmedia&parent=4346"}],"wp:term":[{"taxonomy":"category","embeddable":true,"href":"https:\/\/focotocantinense.com.br\/index.php?rest_route=%2Fwp%2Fv2%2Fcategories&post=4346"},{"taxonomy":"post_tag","embeddable":true,"href":"https:\/\/focotocantinense.com.br\/index.php?rest_route=%2Fwp%2Fv2%2Ftags&post=4346"}],"curies":[{"name":"wp","href":"https:\/\/api.w.org\/{rel}","templated":true}]}}