{"id":4323,"date":"2023-03-30T15:53:20","date_gmt":"2023-03-30T18:53:20","guid":{"rendered":"https:\/\/focotocantinense.com.br\/?p=4323"},"modified":"2023-03-30T15:58:27","modified_gmt":"2023-03-30T18:58:27","slug":"4323","status":"publish","type":"post","link":"https:\/\/focotocantinense.com.br\/?p=4323","title":{"rendered":"Espet\u00e1culo teatral \u201cPiquenique no Front\u201d ser\u00e1 apresentado em Gurupi neste s\u00e1bado, 1\u00ba\/04"},"content":{"rendered":"\n<figure class=\"wp-block-image size-full is-resized\"><img loading=\"lazy\" decoding=\"async\" src=\"https:\/\/focotocantinense.com.br\/wp-content\/uploads\/2023\/03\/1111-2.jpg\" alt=\"\" class=\"wp-image-4333\" width=\"354\" height=\"186\"\/><\/figure>\n\n\n\n<p>Neste s\u00e1bado, 1\u00ba de abril, os gurupienses t\u00eam mais uma op\u00e7\u00e3o de lazer e entretenimento com a apresenta\u00e7\u00e3o do espet\u00e1culo teatral \u201cPiquenique no Front\u201d, que acontecer\u00e1 a partir das 20 horas, no Centro Cultural Mauro Cunha. A entrada \u00e9 gratuita e toda a comunidade est\u00e1 convidada para prestigiar o grupo de teatro Fora da Caixa, da Prefeitura de Gurupi, por meio da Secretaria Municipal de Cultura e Turismo.<\/p>\n\n\n\n<p>\u201cO espet\u00e1culo &#8216;Piquenique no Front&#8217; \u00e9 um cl\u00e1ssico do teatro espanhol, escrito por Fernando Arrabal. \u00c9 um espet\u00e1culo que tr\u00e1s uma cr\u00edtica social sobre o processo de banaliza\u00e7\u00e3o das guerras e como estas quest\u00f5es impactam diretamente a vida das pessoas. Mas \u00e9 uma pe\u00e7a contada com muito humor e irrever\u00eancia. Ent\u00e3o, apesar de tecermos esta cr\u00edtica, o p\u00fablico ter\u00e1 uma noite de muitos risos, alegrias e reflex\u00f5es sobre um tema que \u00e9 t\u00e3o popular e contempor\u00e2neo\u201d, destacou o diretor da pe\u00e7a, Audimar Dion\u00edzio, convidando a comunidade para prestigiar a apresenta\u00e7\u00e3o teatral neste s\u00e1bado.<\/p>\n\n\n\n<p>Al\u00e9m do diretor, tamb\u00e9m formam a equipe t\u00e9cnica Amanda Caroline e Gabriel Marinho. No elenco est\u00e3o Dyone Monizy (Zapo), Rayssa Alves (Zepo), Allegra Maazel (Sra T\u00e9pan), Leonardo Alves (Sr. T\u00e9pan), Luiza Guedes (Enfermeira), Igor Bento (Enfermeiro) e Nathiele Xavier (Sra. da Guerra), que faz uma performance corporal.<\/p>\n\n\n\n<p>Depois de Gurupi, a pe\u00e7a ser\u00e1 apresentada em v\u00e1rias cidades do Tocantins.<\/p>\n\n\n\n<p><strong>Sinopse Espet\u00e1culo \u201cPiquenique no Front\u201d<\/strong><\/p>\n\n\n\n<p>Um soldado confuso em meio ao cen\u00e1rio b\u00e9lico \u00e9 surpreendido pela presen\u00e7a dos pais, que estavam determinados a fazer um piquenique ali mesmo. \u00c9 nesse dia totalmente at\u00edpico que o enredo caminha. Associada aos elementos do teatro do absurdo, trabalho f\u00edsico intenso e imagens sonoras, a montagem desencadeia cr\u00edticas e reflex\u00f5es acerca da banaliza\u00e7\u00e3o da viol\u00eancia e da guerra.&nbsp;<\/p>\n\n\n\n<p>Um processo criativo que envolve a inquieta\u00e7\u00e3o art\u00edstica desse grupo, que sabe da import\u00e2ncia da arte teatral na sociedade como forma de estabelecimento de comunica\u00e7\u00e3o e di\u00e1logo com o p\u00fablico, numa incessante reflex\u00e3o atrav\u00e9s das artes da cena, ora densa, ora motivadora. Texto de Fernando Arrabal, dramaturgo espanhol, de 1954, a pe\u00e7a n\u00e3o obedece a uma objetividade nem temporalidade, o que pode provocar contextualiza\u00e7\u00f5es subjetivas<\/p>\n\n\n\n<figure class=\"wp-block-image size-full is-resized\"><img loading=\"lazy\" decoding=\"async\" src=\"https:\/\/focotocantinense.com.br\/wp-content\/uploads\/2023\/03\/2222.jpg\" alt=\"\" class=\"wp-image-4327\" width=\"838\" height=\"498\" srcset=\"https:\/\/focotocantinense.com.br\/wp-content\/uploads\/2023\/03\/2222.jpg 768w, https:\/\/focotocantinense.com.br\/wp-content\/uploads\/2023\/03\/2222-300x178.jpg 300w\" sizes=\"auto, (max-width: 838px) 100vw, 838px\" \/><\/figure>\n\n\n\n<figure class=\"wp-block-gallery has-nested-images columns-default is-cropped wp-block-gallery-1 is-layout-flex wp-block-gallery-is-layout-flex\">\n<figure class=\"wp-block-image size-large\"><img loading=\"lazy\" decoding=\"async\" width=\"768\" height=\"482\" data-id=\"4329\" src=\"https:\/\/focotocantinense.com.br\/wp-content\/uploads\/2023\/03\/33333.jpeg\" alt=\"\" class=\"wp-image-4329\" srcset=\"https:\/\/focotocantinense.com.br\/wp-content\/uploads\/2023\/03\/33333.jpeg 768w, https:\/\/focotocantinense.com.br\/wp-content\/uploads\/2023\/03\/33333-300x188.jpeg 300w\" sizes=\"auto, (max-width: 768px) 100vw, 768px\" \/><\/figure>\n<\/figure>\n\n\n\n<figure class=\"wp-block-image size-full\"><img loading=\"lazy\" decoding=\"async\" width=\"1011\" height=\"263\" src=\"https:\/\/focotocantinense.com.br\/wp-content\/uploads\/2023\/03\/VINI-6.jpg\" alt=\"\" class=\"wp-image-4330\" srcset=\"https:\/\/focotocantinense.com.br\/wp-content\/uploads\/2023\/03\/VINI-6.jpg 1011w, https:\/\/focotocantinense.com.br\/wp-content\/uploads\/2023\/03\/VINI-6-300x78.jpg 300w, https:\/\/focotocantinense.com.br\/wp-content\/uploads\/2023\/03\/VINI-6-768x200.jpg 768w\" sizes=\"auto, (max-width: 1011px) 100vw, 1011px\" \/><\/figure>\n\n\n\n<figure class=\"wp-block-image size-full is-resized\"><img loading=\"lazy\" decoding=\"async\" src=\"https:\/\/focotocantinense.com.br\/wp-content\/uploads\/2023\/03\/image-2.png\" alt=\"\" class=\"wp-image-4336\" width=\"837\" height=\"617\" srcset=\"https:\/\/focotocantinense.com.br\/wp-content\/uploads\/2023\/03\/image-2.png 380w, https:\/\/focotocantinense.com.br\/wp-content\/uploads\/2023\/03\/image-2-300x221.png 300w\" sizes=\"auto, (max-width: 837px) 100vw, 837px\" \/><\/figure>\n","protected":false},"excerpt":{"rendered":"<p>Neste s\u00e1bado, 1\u00ba de abril, os gurupienses t\u00eam mais uma op\u00e7\u00e3o de lazer e entretenimento com a apresenta\u00e7\u00e3o do espet\u00e1culo teatral \u201cPiquenique no Front\u201d, que acontecer\u00e1 a partir das 20 horas, no Centro Cultural Mauro Cunha. A entrada \u00e9 gratuita e toda a comunidade est\u00e1 convidada para prestigiar o grupo de teatro Fora da Caixa, &hellip;<\/p>\n","protected":false},"author":5,"featured_media":4324,"comment_status":"open","ping_status":"open","sticky":false,"template":"","format":"standard","meta":{"footnotes":""},"categories":[104,38],"tags":[],"class_list":["post-4323","post","type-post","status-publish","format-standard","has-post-thumbnail","","category-cultura","category-gurupi"],"_links":{"self":[{"href":"https:\/\/focotocantinense.com.br\/index.php?rest_route=\/wp\/v2\/posts\/4323","targetHints":{"allow":["GET"]}}],"collection":[{"href":"https:\/\/focotocantinense.com.br\/index.php?rest_route=\/wp\/v2\/posts"}],"about":[{"href":"https:\/\/focotocantinense.com.br\/index.php?rest_route=\/wp\/v2\/types\/post"}],"author":[{"embeddable":true,"href":"https:\/\/focotocantinense.com.br\/index.php?rest_route=\/wp\/v2\/users\/5"}],"replies":[{"embeddable":true,"href":"https:\/\/focotocantinense.com.br\/index.php?rest_route=%2Fwp%2Fv2%2Fcomments&post=4323"}],"version-history":[{"count":6,"href":"https:\/\/focotocantinense.com.br\/index.php?rest_route=\/wp\/v2\/posts\/4323\/revisions"}],"predecessor-version":[{"id":4337,"href":"https:\/\/focotocantinense.com.br\/index.php?rest_route=\/wp\/v2\/posts\/4323\/revisions\/4337"}],"wp:featuredmedia":[{"embeddable":true,"href":"https:\/\/focotocantinense.com.br\/index.php?rest_route=\/wp\/v2\/media\/4324"}],"wp:attachment":[{"href":"https:\/\/focotocantinense.com.br\/index.php?rest_route=%2Fwp%2Fv2%2Fmedia&parent=4323"}],"wp:term":[{"taxonomy":"category","embeddable":true,"href":"https:\/\/focotocantinense.com.br\/index.php?rest_route=%2Fwp%2Fv2%2Fcategories&post=4323"},{"taxonomy":"post_tag","embeddable":true,"href":"https:\/\/focotocantinense.com.br\/index.php?rest_route=%2Fwp%2Fv2%2Ftags&post=4323"}],"curies":[{"name":"wp","href":"https:\/\/api.w.org\/{rel}","templated":true}]}}