{"id":4311,"date":"2023-03-29T20:49:59","date_gmt":"2023-03-29T23:49:59","guid":{"rendered":"https:\/\/focotocantinense.com.br\/?p=4311"},"modified":"2023-03-29T20:51:32","modified_gmt":"2023-03-29T23:51:32","slug":"vereadores-de-formoso-do-araguaia-convocam-prefeito-e-secretarios-para-discutir-em-audiencia-publica-problemas-do-municipio","status":"publish","type":"post","link":"https:\/\/focotocantinense.com.br\/?p=4311","title":{"rendered":"Vereadores de Formoso do Araguaia convocam prefeito e secret\u00e1rios para discutir, em audi\u00eancia p\u00fablica, problemas do munic\u00edpio"},"content":{"rendered":"\n<p><strong><em>Por Jonas Amaral<\/em><\/strong><\/p>\n\n\n\n<figure class=\"wp-block-image size-full is-resized\"><img loading=\"lazy\" decoding=\"async\" src=\"https:\/\/focotocantinense.com.br\/wp-content\/uploads\/2023\/03\/aaaaaaaaaaaa-5.jpg\" alt=\"\" class=\"wp-image-4312\" width=\"351\" height=\"176\" srcset=\"https:\/\/focotocantinense.com.br\/wp-content\/uploads\/2023\/03\/aaaaaaaaaaaa-5.jpg 800w, https:\/\/focotocantinense.com.br\/wp-content\/uploads\/2023\/03\/aaaaaaaaaaaa-5-300x150.jpg 300w, https:\/\/focotocantinense.com.br\/wp-content\/uploads\/2023\/03\/aaaaaaaaaaaa-5-768x384.jpg 768w, https:\/\/focotocantinense.com.br\/wp-content\/uploads\/2023\/03\/aaaaaaaaaaaa-5-660x330.jpg 660w\" sizes=\"auto, (max-width: 351px) 100vw, 351px\" \/><\/figure>\n\n\n\n<p>O&nbsp; munic\u00edpio de Formoso do Araguaia tem passado por um per\u00edodo ca\u00f3tico, com diversos problemas em todas as \u00e1reas. A popula\u00e7\u00e3o tem cobrado solu\u00e7\u00f5es imediatas das autoridades, principalmente em rela\u00e7\u00e3o aos atrasos nos pagamentos dos aposentados e pensionistas do Formosoprev, falhas na regularidade do transporte escolar, situa\u00e7\u00e3o cr\u00edtica das ruas da zona urbana e estradas rurais, al\u00e9m da precariedade no transporte da sa\u00fade.<\/p>\n\n\n\n<p>Diante dessa situa\u00e7\u00e3o, o presidente da c\u00e2mara municipal de Formoso do Araguaia, juntamente com os demais vereadores, encaminhou um&nbsp;<a href=\"https:\/\/portaldoamaral.com.br\/wp-content\/uploads\/2023\/03\/Estado-do-Tocantins.pdf\" target=\"_blank\" rel=\"noreferrer noopener\"><strong>of\u00edcio<\/strong><\/a>&nbsp;para o prefeito Heno Rodrigues e os secret\u00e1rios das pastas de Finan\u00e7as, Administra\u00e7\u00e3o, Educa\u00e7\u00e3o, Infraestrutura, Sa\u00fade, Presidente do Formosoprev e Equipe T\u00e9cnica de Contabilidade. O objetivo \u00e9 realizar uma audi\u00eancia p\u00fablica no plen\u00e1rio da C\u00e2mara Municipal no pr\u00f3ximo dia 12 de abril.<\/p>\n\n\n\n<p>Os parlamentares afirmam que a audi\u00eancia p\u00fablica ser\u00e1 um mecanismo mais adequado para que a sociedade possa participar ativamente do processo, que \u00e9 de extrema import\u00e2ncia dentro do aspecto da democracia. Al\u00e9m disso, ser\u00e1 uma oportunidade para que o gestor traga esclarecimentos pertinentes acerca dos problemas frequentemente noticiados e veiculados pela m\u00eddia referentes a cada Secretaria listada acima.<\/p>\n\n\n\n<p>Segundo os parlamentares, a audi\u00eancia ser\u00e1 realizada dentro dos padr\u00f5es estabelecidos pelo regimento interno da Casa, obedecendo sempre aos princ\u00edpios \u00e9ticos de respeito, cordialidade, compreens\u00e3o e educa\u00e7\u00e3o. O objetivo \u00e9 encontrar solu\u00e7\u00f5es conjuntas para os problemas apresentados e alternativas que viabilizem o progresso do munic\u00edpio.<\/p>\n\n\n\n<p>A audi\u00eancia p\u00fablica \u00e9 uma importante ferramenta de participa\u00e7\u00e3o cidad\u00e3, que possibilita a discuss\u00e3o de temas relevantes e a busca de solu\u00e7\u00f5es para os problemas enfrentados pela comunidade. Por isso, \u00e9 fundamental que a popula\u00e7\u00e3o esteja presente e participe ativamente desse processo.<\/p>\n\n\n\n<p>Espera-se que essa audi\u00eancia p\u00fablica traga resultados positivos para a cidade de Formoso do Araguaia, contribuindo para o desenvolvimento do munic\u00edpio e a melhoria da qualidade de vida de sua popula\u00e7\u00e3o.<\/p>\n\n\n\n<figure class=\"wp-block-image\"><img decoding=\"async\" src=\"http:\/\/n1to.com.br\/img\/uploads\/VINI_14.jpg\" alt=\"\"\/><\/figure>\n\n\n\n<figure class=\"wp-block-image is-resized\"><a href=\"https:\/\/www.instagram.com\/mutucacast\/\" target=\"_blank\" rel=\"noreferrer noopener\"><img loading=\"lazy\" decoding=\"async\" src=\"https:\/\/www.n1to.com.br\/img\/cache\/380x280\/80\/crop\/Imagem-e7214b7e48a41e43e545ec7063ee81e8.jpeg\" alt=\"\" width=\"834\" height=\"615\" title=\"MUTUCA CAST\"\/><\/a><\/figure>\n","protected":false},"excerpt":{"rendered":"<p>Por Jonas Amaral O&nbsp; munic\u00edpio de Formoso do Araguaia tem passado por um per\u00edodo ca\u00f3tico, com diversos problemas em todas as \u00e1reas. A popula\u00e7\u00e3o tem cobrado solu\u00e7\u00f5es imediatas das autoridades, principalmente em rela\u00e7\u00e3o aos atrasos nos pagamentos dos aposentados e pensionistas do Formosoprev, falhas na regularidade do transporte escolar, situa\u00e7\u00e3o cr\u00edtica das ruas da zona &hellip;<\/p>\n","protected":false},"author":5,"featured_media":4312,"comment_status":"open","ping_status":"open","sticky":false,"template":"","format":"standard","meta":{"footnotes":""},"categories":[51],"tags":[],"class_list":["post-4311","post","type-post","status-publish","format-standard","has-post-thumbnail","","category-formoso-do-araguaia"],"_links":{"self":[{"href":"https:\/\/focotocantinense.com.br\/index.php?rest_route=\/wp\/v2\/posts\/4311","targetHints":{"allow":["GET"]}}],"collection":[{"href":"https:\/\/focotocantinense.com.br\/index.php?rest_route=\/wp\/v2\/posts"}],"about":[{"href":"https:\/\/focotocantinense.com.br\/index.php?rest_route=\/wp\/v2\/types\/post"}],"author":[{"embeddable":true,"href":"https:\/\/focotocantinense.com.br\/index.php?rest_route=\/wp\/v2\/users\/5"}],"replies":[{"embeddable":true,"href":"https:\/\/focotocantinense.com.br\/index.php?rest_route=%2Fwp%2Fv2%2Fcomments&post=4311"}],"version-history":[{"count":4,"href":"https:\/\/focotocantinense.com.br\/index.php?rest_route=\/wp\/v2\/posts\/4311\/revisions"}],"predecessor-version":[{"id":4316,"href":"https:\/\/focotocantinense.com.br\/index.php?rest_route=\/wp\/v2\/posts\/4311\/revisions\/4316"}],"wp:featuredmedia":[{"embeddable":true,"href":"https:\/\/focotocantinense.com.br\/index.php?rest_route=\/wp\/v2\/media\/4312"}],"wp:attachment":[{"href":"https:\/\/focotocantinense.com.br\/index.php?rest_route=%2Fwp%2Fv2%2Fmedia&parent=4311"}],"wp:term":[{"taxonomy":"category","embeddable":true,"href":"https:\/\/focotocantinense.com.br\/index.php?rest_route=%2Fwp%2Fv2%2Fcategories&post=4311"},{"taxonomy":"post_tag","embeddable":true,"href":"https:\/\/focotocantinense.com.br\/index.php?rest_route=%2Fwp%2Fv2%2Ftags&post=4311"}],"curies":[{"name":"wp","href":"https:\/\/api.w.org\/{rel}","templated":true}]}}