{"id":4301,"date":"2023-03-28T21:06:51","date_gmt":"2023-03-29T00:06:51","guid":{"rendered":"https:\/\/focotocantinense.com.br\/?p=4301"},"modified":"2023-03-28T21:07:31","modified_gmt":"2023-03-29T00:07:31","slug":"prefeito-de-sandolandia-e-equipe-participam-da-xxiv-marcha-a-brasilia-em-defesa-dos-municipios","status":"publish","type":"post","link":"https:\/\/focotocantinense.com.br\/?p=4301","title":{"rendered":"Prefeito de Sandol\u00e2ndia e equipe participam da XXIV Marcha a Bras\u00edlia em Defesa dos Munic\u00edpios"},"content":{"rendered":"\n<p><strong>Por Jonas Amaral<\/strong><\/p>\n\n\n\n<figure class=\"wp-block-image size-full is-resized\"><img loading=\"lazy\" decoding=\"async\" src=\"https:\/\/focotocantinense.com.br\/wp-content\/uploads\/2023\/03\/aaaaaaaaaaaa-3.jpg\" alt=\"\" class=\"wp-image-4303\" width=\"360\" height=\"180\" srcset=\"https:\/\/focotocantinense.com.br\/wp-content\/uploads\/2023\/03\/aaaaaaaaaaaa-3.jpg 800w, https:\/\/focotocantinense.com.br\/wp-content\/uploads\/2023\/03\/aaaaaaaaaaaa-3-300x150.jpg 300w, https:\/\/focotocantinense.com.br\/wp-content\/uploads\/2023\/03\/aaaaaaaaaaaa-3-768x384.jpg 768w, https:\/\/focotocantinense.com.br\/wp-content\/uploads\/2023\/03\/aaaaaaaaaaaa-3-660x330.jpg 660w\" sizes=\"auto, (max-width: 360px) 100vw, 360px\" \/><\/figure>\n\n\n\n<p>O prefeito de Sandol\u00e2ndia conhecida como a&nbsp;<em>\u201cPrincesinha do Sul do Tocantins\u201d<\/em>, Radilson Lima, juntamente com a primeira-dama e Secret\u00e1ria de Assist\u00eancia Social, Dra. Heiyana Lorena, o vice-prefeito Luciano Barreto e o Secret\u00e1rio de Planejamento S\u00e9rgio Teixeira<strong>,<\/strong>&nbsp;est\u00e3o em Bras\u00edlia participando da XXIV Marcha a Bras\u00edlia em Defesa dos Munic\u00edpios. A Marcha \u00e9 um movimento que busca defender e cobrar pautas municipalistas que est\u00e3o em discuss\u00e3o no Executivo, Legislativo e Judici\u00e1rio brasileiro. O evento ocorre de 27 a 30 de mar\u00e7o, na capital federal, e conta com a participa\u00e7\u00e3o de diversos prefeitos e representantes de munic\u00edpios de todo o pa\u00eds.<\/p>\n\n\n\n<p><strong><em>Um sistema de tributa\u00e7\u00e3o mais eficiente<\/em><\/strong><\/p>\n\n\n\n<p>Durante o encontro, a principal pauta do movimento est\u00e1 na cobran\u00e7a pela realiza\u00e7\u00e3o de uma reforma tribut\u00e1ria pelo Congresso Nacional. O objetivo \u00e9 deixar o sistema de tributa\u00e7\u00e3o mais eficiente e justo na partilha do bolo tribut\u00e1rio, com mais participa\u00e7\u00e3o dos munic\u00edpios. Essa \u00e9 uma demanda antiga dos prefeitos e gestores p\u00fablicos, que muitas vezes se veem prejudicados pela falta de recursos para investir em pol\u00edticas p\u00fablicas e projetos de desenvolvimento para suas cidades.<\/p>\n\n\n\n<p><strong><em>Acelerar o andamento de v\u00e1rias pautas<\/em><\/strong><\/p>\n\n\n\n<p>Radilson Lima destacou a import\u00e2ncia da uni\u00e3o dos munic\u00edpios neste encontro e acredita que isso contribuir\u00e1 para acelerar o andamento de v\u00e1rias pautas que hoje se encontram paradas tanto no STF quanto em algumas mat\u00e9rias em tramita\u00e7\u00e3o no Congresso. Al\u00e9m disso, o prefeito de Sandol\u00e2ndia afirmou que o encontro tamb\u00e9m ser\u00e1 uma oportunidade para discutir com o Governo Federal os reajustes necess\u00e1rios nas diversas parcerias entre Uni\u00e3o e Munic\u00edpios, o que pode representar mais recursos para as cidades.<\/p>\n\n\n\n<p><strong><em>Compromisso da gest\u00e3o com a melhoria e a qualidade de vida da popula\u00e7\u00e3o<\/em><\/strong><\/p>\n\n\n\n<p>A XXIV Marcha a Bras\u00edlia em Defesa dos Munic\u00edpios tamb\u00e9m contar\u00e1 com diversas palestras e debates sobre temas relevantes para a gest\u00e3o p\u00fablica municipal. Entre eles, destacam-se a sa\u00fade p\u00fablica, a educa\u00e7\u00e3o, o meio ambiente, a seguran\u00e7a p\u00fablica e o desenvolvimento econ\u00f4mico e social. A participa\u00e7\u00e3o desses representantes de Sandolandense demonstra o compromisso com a melhoria da qualidade de vida da popula\u00e7\u00e3o e com o fortalecimento da gest\u00e3o p\u00fablica municipal.<\/p>\n\n\n\n<p>O evento \u00e9 uma oportunidade para prefeitos, vice-prefeitos, secret\u00e1rios e demais gestores p\u00fablicos discutirem os principais desafios enfrentados pelos munic\u00edpios brasileiros e para buscar solu\u00e7\u00f5es conjuntas para esses problemas. A Marcha a Bras\u00edlia em Defesa dos Munic\u00edpios j\u00e1 se tornou uma refer\u00eancia no calend\u00e1rio de eventos para gestores p\u00fablicos e \u00e9 uma oportunidade \u00fanica para que prefeitos e demais representantes de munic\u00edpios de todo o pa\u00eds possam se reunir e discutir as principais demandas do setor.<\/p>\n\n\n\n<figure class=\"wp-block-image\"><img decoding=\"async\" src=\"http:\/\/n1to.com.br\/img\/uploads\/VINI_14.jpg\" alt=\"\"\/><\/figure>\n\n\n\n<figure class=\"wp-block-image is-resized\"><a href=\"https:\/\/www.instagram.com\/mutucacast\/\" target=\"_blank\" rel=\"noreferrer noopener\"><img loading=\"lazy\" decoding=\"async\" src=\"https:\/\/www.n1to.com.br\/img\/cache\/380x280\/80\/crop\/Imagem-e7214b7e48a41e43e545ec7063ee81e8.jpeg\" alt=\"\" width=\"718\" height=\"529\" title=\"MUTUCA CAST\"\/><\/a><\/figure>\n","protected":false},"excerpt":{"rendered":"<p>Por Jonas Amaral O prefeito de Sandol\u00e2ndia conhecida como a&nbsp;\u201cPrincesinha do Sul do Tocantins\u201d, Radilson Lima, juntamente com a primeira-dama e Secret\u00e1ria de Assist\u00eancia Social, Dra. Heiyana Lorena, o vice-prefeito Luciano Barreto e o Secret\u00e1rio de Planejamento S\u00e9rgio Teixeira,&nbsp;est\u00e3o em Bras\u00edlia participando da XXIV Marcha a Bras\u00edlia em Defesa dos Munic\u00edpios. A Marcha \u00e9 um &hellip;<\/p>\n","protected":false},"author":5,"featured_media":4303,"comment_status":"open","ping_status":"open","sticky":false,"template":"","format":"standard","meta":{"footnotes":""},"categories":[52],"tags":[],"class_list":["post-4301","post","type-post","status-publish","format-standard","has-post-thumbnail","","category-sandolandia"],"_links":{"self":[{"href":"https:\/\/focotocantinense.com.br\/index.php?rest_route=\/wp\/v2\/posts\/4301","targetHints":{"allow":["GET"]}}],"collection":[{"href":"https:\/\/focotocantinense.com.br\/index.php?rest_route=\/wp\/v2\/posts"}],"about":[{"href":"https:\/\/focotocantinense.com.br\/index.php?rest_route=\/wp\/v2\/types\/post"}],"author":[{"embeddable":true,"href":"https:\/\/focotocantinense.com.br\/index.php?rest_route=\/wp\/v2\/users\/5"}],"replies":[{"embeddable":true,"href":"https:\/\/focotocantinense.com.br\/index.php?rest_route=%2Fwp%2Fv2%2Fcomments&post=4301"}],"version-history":[{"count":2,"href":"https:\/\/focotocantinense.com.br\/index.php?rest_route=\/wp\/v2\/posts\/4301\/revisions"}],"predecessor-version":[{"id":4305,"href":"https:\/\/focotocantinense.com.br\/index.php?rest_route=\/wp\/v2\/posts\/4301\/revisions\/4305"}],"wp:featuredmedia":[{"embeddable":true,"href":"https:\/\/focotocantinense.com.br\/index.php?rest_route=\/wp\/v2\/media\/4303"}],"wp:attachment":[{"href":"https:\/\/focotocantinense.com.br\/index.php?rest_route=%2Fwp%2Fv2%2Fmedia&parent=4301"}],"wp:term":[{"taxonomy":"category","embeddable":true,"href":"https:\/\/focotocantinense.com.br\/index.php?rest_route=%2Fwp%2Fv2%2Fcategories&post=4301"},{"taxonomy":"post_tag","embeddable":true,"href":"https:\/\/focotocantinense.com.br\/index.php?rest_route=%2Fwp%2Fv2%2Ftags&post=4301"}],"curies":[{"name":"wp","href":"https:\/\/api.w.org\/{rel}","templated":true}]}}