{"id":4290,"date":"2023-03-27T19:43:30","date_gmt":"2023-03-27T22:43:30","guid":{"rendered":"https:\/\/focotocantinense.com.br\/?p=4290"},"modified":"2023-03-27T19:45:17","modified_gmt":"2023-03-27T22:45:17","slug":"cesar-da-farmacia-utiliza-do-repasse-da-emenda-impositiva-para-distribuir-fraldas-descartaveis","status":"publish","type":"post","link":"https:\/\/focotocantinense.com.br\/?p=4290","title":{"rendered":"C\u00e9sar da Farm\u00e1cia utiliza do repasse da Emenda Impositiva para distribuir Fraldas descart\u00e1veis"},"content":{"rendered":"\n<p><strong>Por Fernanda Dias<\/strong><\/p>\n\n\n\n<figure class=\"wp-block-image size-large is-resized\"><img loading=\"lazy\" decoding=\"async\" src=\"https:\/\/focotocantinense.com.br\/wp-content\/uploads\/2023\/03\/aaaaaaaaaaaa-1024x1024.jpg\" alt=\"\" class=\"wp-image-4291\" width=\"370\" height=\"370\" srcset=\"https:\/\/focotocantinense.com.br\/wp-content\/uploads\/2023\/03\/aaaaaaaaaaaa-1024x1024.jpg 1024w, https:\/\/focotocantinense.com.br\/wp-content\/uploads\/2023\/03\/aaaaaaaaaaaa-300x300.jpg 300w, https:\/\/focotocantinense.com.br\/wp-content\/uploads\/2023\/03\/aaaaaaaaaaaa-150x150.jpg 150w, https:\/\/focotocantinense.com.br\/wp-content\/uploads\/2023\/03\/aaaaaaaaaaaa-768x768.jpg 768w, https:\/\/focotocantinense.com.br\/wp-content\/uploads\/2023\/03\/aaaaaaaaaaaa.jpg 1080w\" sizes=\"auto, (max-width: 370px) 100vw, 370px\" \/><\/figure>\n\n\n\n<p>Com o objetivo de atender a popula\u00e7\u00e3o de Gurupi que n\u00e3o possuem recursos financeiros para aquisi\u00e7\u00e3o de fraldas descart\u00e1veis, o vereador C\u00e9sar da Farm\u00e1cia destinou o recurso da Emenda Impositiva do ano de 2022 n\u00b0 27\/2020, a compra de diversas fraldas descart\u00e1veis para os adultos.<\/p>\n\n\n\n<p>De acordo com o parlamentar, a distribui\u00e7\u00e3o tem o intuito de atender as pessoas que se encontram em situa\u00e7\u00e3o de vulnerabilidade.<\/p>\n\n\n\n<p>O vereador informa para aqueles que necessitam da aquisi\u00e7\u00e3o, deve apresentar c\u00f3pias originais do pedido m\u00e9dico e documentos pessoais (RG, CPF, cart\u00e3o do SUS e comprovante de endere\u00e7o. A Farm\u00e1cia Central \u00e9 o local da distribui\u00e7\u00e3o, situado no endere\u00e7o Avenida Alagoas esquina com a rua 5.<\/p>\n\n\n\n<p>\u201cVamos garantir uma maior qualidade de vida para as pessoas visando atender a popula\u00e7\u00e3o que n\u00e3o possuem recursos financeiros que se utilizam diariamente&#8221; disse C\u00e9sar da Farm\u00e1cia.<\/p>\n\n\n\n<figure class=\"wp-block-image\"><img decoding=\"async\" src=\"http:\/\/n1to.com.br\/img\/uploads\/VINI_9.jpg\" alt=\"\"\/><\/figure>\n","protected":false},"excerpt":{"rendered":"<p>Por Fernanda Dias Com o objetivo de atender a popula\u00e7\u00e3o de Gurupi que n\u00e3o possuem recursos financeiros para aquisi\u00e7\u00e3o de fraldas descart\u00e1veis, o vereador C\u00e9sar da Farm\u00e1cia destinou o recurso da Emenda Impositiva do ano de 2022 n\u00b0 27\/2020, a compra de diversas fraldas descart\u00e1veis para os adultos. De acordo com o parlamentar, a distribui\u00e7\u00e3o &hellip;<\/p>\n","protected":false},"author":5,"featured_media":4291,"comment_status":"open","ping_status":"open","sticky":false,"template":"","format":"standard","meta":{"footnotes":""},"categories":[38],"tags":[],"class_list":["post-4290","post","type-post","status-publish","format-standard","has-post-thumbnail","","category-gurupi"],"_links":{"self":[{"href":"https:\/\/focotocantinense.com.br\/index.php?rest_route=\/wp\/v2\/posts\/4290","targetHints":{"allow":["GET"]}}],"collection":[{"href":"https:\/\/focotocantinense.com.br\/index.php?rest_route=\/wp\/v2\/posts"}],"about":[{"href":"https:\/\/focotocantinense.com.br\/index.php?rest_route=\/wp\/v2\/types\/post"}],"author":[{"embeddable":true,"href":"https:\/\/focotocantinense.com.br\/index.php?rest_route=\/wp\/v2\/users\/5"}],"replies":[{"embeddable":true,"href":"https:\/\/focotocantinense.com.br\/index.php?rest_route=%2Fwp%2Fv2%2Fcomments&post=4290"}],"version-history":[{"count":4,"href":"https:\/\/focotocantinense.com.br\/index.php?rest_route=\/wp\/v2\/posts\/4290\/revisions"}],"predecessor-version":[{"id":4295,"href":"https:\/\/focotocantinense.com.br\/index.php?rest_route=\/wp\/v2\/posts\/4290\/revisions\/4295"}],"wp:featuredmedia":[{"embeddable":true,"href":"https:\/\/focotocantinense.com.br\/index.php?rest_route=\/wp\/v2\/media\/4291"}],"wp:attachment":[{"href":"https:\/\/focotocantinense.com.br\/index.php?rest_route=%2Fwp%2Fv2%2Fmedia&parent=4290"}],"wp:term":[{"taxonomy":"category","embeddable":true,"href":"https:\/\/focotocantinense.com.br\/index.php?rest_route=%2Fwp%2Fv2%2Fcategories&post=4290"},{"taxonomy":"post_tag","embeddable":true,"href":"https:\/\/focotocantinense.com.br\/index.php?rest_route=%2Fwp%2Fv2%2Ftags&post=4290"}],"curies":[{"name":"wp","href":"https:\/\/api.w.org\/{rel}","templated":true}]}}