{"id":4274,"date":"2023-03-25T19:30:41","date_gmt":"2023-03-25T22:30:41","guid":{"rendered":"https:\/\/focotocantinense.com.br\/?p=4274"},"modified":"2023-03-25T19:31:40","modified_gmt":"2023-03-25T22:31:40","slug":"instituto-presbiteriano-araguaia-celebra-aniversario-de-60-anos-com-caminhada-ate-o-parque-mutuca","status":"publish","type":"post","link":"https:\/\/focotocantinense.com.br\/?p=4274","title":{"rendered":"Instituto Presbiteriano Araguaia celebra anivers\u00e1rio de 60 anos com caminhada at\u00e9 o Parque Mutuca"},"content":{"rendered":"\n<p><strong>Por Jonas Amaral<\/strong><\/p>\n\n\n\n<p>Na manh\u00e3 deste s\u00e1bado, dia 25 de mar\u00e7o, a sociedade gurupiense celebrou os 60 anos do Instituto Presbiteriano Araguaia. A festa teve in\u00edcio com uma caminhada que saiu da Rua 7, em frente \u00e0 Primeira Igreja Presbiteriana de Gurupi, seguindo pela Avenida Goi\u00e1s e finalizando no Parque Mutuca. A celebra\u00e7\u00e3o contou com a presen\u00e7a de alunos, pais, diretora, professores, coordenadores, orientadores e demais servidores da institui\u00e7\u00e3o, al\u00e9m do secret\u00e1rio municipal de Educa\u00e7\u00e3o de Gurupi, professor Dai Abrantes.<\/p>\n\n\n\n<p><strong><em>Anima\u00e7\u00e3o e alegria de todos<\/em><\/strong><\/p>\n\n\n\n<p>Durante o percurso, que teve a narra\u00e7\u00e3o e anima\u00e7\u00e3o do professor e Digital influencer&nbsp;Roberto Carlos, foi vis\u00edvel ver a anima\u00e7\u00e3o e alegria de todos em participar da celebra\u00e7\u00e3o de uma institui\u00e7\u00e3o que muito tem contribu\u00eddo com a sociedade gurupiense. Ao final do percurso, no Parque Mutuca, o&nbsp;Reverendo Thiago Dancona, o&nbsp;Reverendo Guilherme Graciano&nbsp;e a Diretora do Instituto Presbiteriano Araguaia,&nbsp;Adriana Beatriz Martins Lemes, destacaram a alegria e o sentimento de fazerem parte de uma institui\u00e7\u00e3o t\u00e3o conceituada na terceira maior cidade do estado.<\/p>\n\n\n\n<figure class=\"wp-block-image is-resized\"><img loading=\"lazy\" decoding=\"async\" src=\"https:\/\/i2.wp.com\/portaldoamaral.com.br\/wp-content\/uploads\/2023\/03\/Capa.jpeg?fit=1600%2C900&amp;ssl=1\" alt=\"\" width=\"339\" height=\"190\"\/><\/figure>\n\n\n\n<p><strong><em>Cumprido em Gurupi sua miss\u00e3o<\/em><\/strong><\/p>\n\n\n\n<p>O&nbsp;Reverendo Thiago Dancona, da Primeira IPG e Presidente do Conselho Deliberativo do IPA, comentou sobre a participa\u00e7\u00e3o dos alunos com seus familiares e ex-alunos no evento:<em>&nbsp;\u201cTudo isso nos deixa realizados, por saber que nessas seis d\u00e9cadas o presbiterianismo tem cumprido em Gurupi sua miss\u00e3o de proclamar a salva\u00e7\u00e3o em Cristo e de contribuir na educa\u00e7\u00e3o e forma\u00e7\u00e3o dos nossos cidad\u00e3os. Nosso maior prop\u00f3sito \u00e9 que Cristo seja honrado atrav\u00e9s desse minist\u00e9rio\u201d.<\/em><\/p>\n\n\n\n<p><em>O&nbsp;Reverendo Guilherme Graciano&nbsp;da Congrega\u00e7\u00e3o da IPG no Setor Waldir Lins destacou o privil\u00e9gio de fazer parte dessa hist\u00f3ria:&nbsp;\u201cPara n\u00f3s \u00e9 um privil\u00e9gio poder fazer parte desta hist\u00f3ria, podendo olhar para tr\u00e1s e ver como Deus usou homens e mulheres para influenciar a nossa cidade, n\u00e3o apenas com ensino, mas com princ\u00edpios e valores crist\u00e3os. Cabe a n\u00f3s, agora, prosseguir influenciando nossa sociedade, educando e marcando as futuras gera\u00e7\u00f5es\u201d.<\/em><\/p>\n\n\n\n<figure class=\"wp-block-image\"><img decoding=\"async\" src=\"https:\/\/i2.wp.com\/portaldoamaral.com.br\/wp-content\/uploads\/2023\/03\/IPA-60-Anos-6.jpeg?resize=971%2C564&amp;ssl=1\" alt=\"\"\/><\/figure>\n\n\n\n<p><strong><em>IPA faz parte da sua hist\u00f3ria<\/em><\/strong><\/p>\n\n\n\n<p>O secret\u00e1rio municipal de Educa\u00e7\u00e3o de Gurupi,&nbsp;Davi Abrantes, externou sua alegria em participar dessa celebra\u00e7\u00e3o que, segundo ele, \u00e9 uma grande honra. Ele destacou que o Instituto Presbiteriano Araguaia faz parte da sua hist\u00f3ria e que sempre teve e tem um carinho muito grande tanto pela institui\u00e7\u00e3o quanto pelos seus colaboradores.<\/p>\n\n\n\n<figure class=\"wp-block-image\"><img decoding=\"async\" src=\"https:\/\/i2.wp.com\/portaldoamaral.com.br\/wp-content\/uploads\/2023\/03\/IPA-60-Anos-29.jpeg?resize=1600%2C900&amp;ssl=1\" alt=\"\"\/><\/figure>\n\n\n\n<p><strong><em>Excelente trabalho e muitas alegrias<\/em><\/strong><\/p>\n\n\n\n<p>Giseli Graciotto, m\u00e3e da aluna Gabriela Graciotto da turma 92.02, expressou seu orgulho pela institui\u00e7\u00e3o de ensino. \u201cEstou extremamente feliz por fazer parte deste momento t\u00e3o importante, tanto para a escola quanto para a minha filha. Parab\u00e9ns ao Instituto Presbiteriano Araguaia pelo excelente trabalho e pelas muitas alegrias que proporcionaram. A equipe do IPA fez um trabalho not\u00e1vel cuidando das nossas crian\u00e7as. Durante a caminhada, aprendi sobre a hist\u00f3ria da escola atrav\u00e9s da fala do Professor Roberto Carlos. Todos os envolvidos est\u00e3o de parab\u00e9ns! Este \u00e9 um momento muito especial para mim e para minha fam\u00edlia\u201d, comentou.<\/p>\n\n\n\n<p><strong><em>Um trabalho de excel\u00eancia<\/em><\/strong><\/p>\n\n\n\n<p>De acordo com a&nbsp;diretora da Institui\u00e7\u00e3o, fazer parte do Instituto Presbiteriano Araguaia \u00e9 uma d\u00e1diva de Deus.&nbsp;<em>\u201cCelebrar os 60 anos do Instituto Presbiteriano Araguaia junto com toda a comunidade de Gurupi \u00e9 uma imensa alegria para todos n\u00f3s. Agradecemos a Deus por todos que j\u00e1 passaram por aqui e fizeram um trabalho de excel\u00eancia, permitindo que hoje pud\u00e9ssemos celebrar esta data novamente. Tamb\u00e9m agradecemos a Deus por cada pessoa que faz parte da institui\u00e7\u00e3o, j\u00e1 que nossa comunidade escolar agora conta com quase quatro mil pessoas, e lidamos com elas diariamente\u201d<\/em>, destacou.<\/p>\n\n\n\n<p><strong><em>Profunda gratid\u00e3o<\/em><\/strong><\/p>\n\n\n\n<p>A&nbsp;diretora&nbsp;expressou sua gratid\u00e3o a todos os que participaram do evento.&nbsp;<em>\u201cGostaria de expressar minha profunda gratid\u00e3o a todos os nossos alunos, pais, familiares e colaboradores que estiveram presentes na nossa linda festa. Tamb\u00e9m gostaria de agradecer especialmente ao comandante da Pol\u00edcia Militar \u2013 Cel. W. Costa, ao Comandante do Corpo de Bombeiro Militar \u2013 Major Moura e ao Diretor da Ag\u00eancia Municipal de Tr\u00e2nsito e Transporte (AMTT) \u2013 Colemar C\u00e2mara, que gentilmente nos apoiaram respondendo \u00e0 nossa solicita\u00e7\u00e3o de apoio\u201d,<\/em>&nbsp;finalizou&nbsp;Adriana Beatriz.<\/p>\n\n\n\n<p><strong><em>Valores crist\u00e3os e os desafios da vida<\/em><\/strong><\/p>\n\n\n\n<p>O Instituto Presbiteriano Araguaia tem uma grande import\u00e2ncia para a comunidade gurupiense, n\u00e3o s\u00f3 por ser uma institui\u00e7\u00e3o de ensino de qualidade, mas tamb\u00e9m por ter uma miss\u00e3o muito bem definida de proclamar a salva\u00e7\u00e3o em Cristo Jesus e de contribuir na educa\u00e7\u00e3o e forma\u00e7\u00e3o dos cidad\u00e3os. Ao longo de seus 60 anos de hist\u00f3ria, o IPA tem formado gera\u00e7\u00f5es de alunos comprometidos com a sociedade, com os valores crist\u00e3os e preparados para os desafios da vida, contribuindo significativamente para o desenvolvimento da cidade, regi\u00e3o e Brasil.<\/p>\n\n\n\n<p><strong><em>Homenagem merecida<\/em><\/strong><\/p>\n\n\n\n<p>A celebra\u00e7\u00e3o dos 60 anos do Instituto Presbiteriano Araguaia foi uma homenagem merecida a uma institui\u00e7\u00e3o que tem contribu\u00eddo significativamente para a educa\u00e7\u00e3o e forma\u00e7\u00e3o dos cidad\u00e3os de Gurupi e regi\u00e3o. A caminhada foi uma forma simb\u00f3lica de mostrar a import\u00e2ncia da institui\u00e7\u00e3o para a comunidade e de celebrar a sua hist\u00f3ria de sucesso e realiza\u00e7\u00f5es. Que o Instituto Presbiteriano Araguaia continue cumprindo sua miss\u00e3o com excel\u00eancia e formando cidad\u00e3os comprometidos com a sociedade e com os valores crist\u00e3os. Parab\u00e9ns, IPA!<\/p>\n\n\n\n<p><strong><em>A Hist\u00f3ria&nbsp;<a href=\"https:\/\/www.facebook.com\/InstitutoPresbiteriano\/posts\/pfbid0211T2gABTgKJnhzr52167Y26XZzPTsEPCy1fL3qdqw1thgJLBHa3ztdwLpKw2hJ8Hl\" target=\"_blank\" rel=\"noreferrer noopener\">Aqui<\/a>&nbsp;\/ Album de fotos&nbsp;<a href=\"https:\/\/www.facebook.com\/InstitutoPresbiteriano\/posts\/pfbid02WHZKLgCEjiep6EwCXyN1wCZR27jWoKytzhgks9V5z1JQQFErhMmvUcEMYHMChSkil\" target=\"_blank\" rel=\"noreferrer noopener\">aqui<\/a><\/em><\/strong><\/p>\n\n\n\n<figure class=\"wp-block-image\"><img decoding=\"async\" src=\"http:\/\/n1to.com.br\/img\/uploads\/VINI_6.jpg\" alt=\"\"\/><\/figure>\n","protected":false},"excerpt":{"rendered":"<p>Por Jonas Amaral Na manh\u00e3 deste s\u00e1bado, dia 25 de mar\u00e7o, a sociedade gurupiense celebrou os 60 anos do Instituto Presbiteriano Araguaia. A festa teve in\u00edcio com uma caminhada que saiu da Rua 7, em frente \u00e0 Primeira Igreja Presbiteriana de Gurupi, seguindo pela Avenida Goi\u00e1s e finalizando no Parque Mutuca. A celebra\u00e7\u00e3o contou com &hellip;<\/p>\n","protected":false},"author":5,"featured_media":4275,"comment_status":"open","ping_status":"open","sticky":false,"template":"","format":"standard","meta":{"footnotes":""},"categories":[38],"tags":[],"class_list":["post-4274","post","type-post","status-publish","format-standard","has-post-thumbnail","","category-gurupi"],"_links":{"self":[{"href":"https:\/\/focotocantinense.com.br\/index.php?rest_route=\/wp\/v2\/posts\/4274","targetHints":{"allow":["GET"]}}],"collection":[{"href":"https:\/\/focotocantinense.com.br\/index.php?rest_route=\/wp\/v2\/posts"}],"about":[{"href":"https:\/\/focotocantinense.com.br\/index.php?rest_route=\/wp\/v2\/types\/post"}],"author":[{"embeddable":true,"href":"https:\/\/focotocantinense.com.br\/index.php?rest_route=\/wp\/v2\/users\/5"}],"replies":[{"embeddable":true,"href":"https:\/\/focotocantinense.com.br\/index.php?rest_route=%2Fwp%2Fv2%2Fcomments&post=4274"}],"version-history":[{"count":1,"href":"https:\/\/focotocantinense.com.br\/index.php?rest_route=\/wp\/v2\/posts\/4274\/revisions"}],"predecessor-version":[{"id":4276,"href":"https:\/\/focotocantinense.com.br\/index.php?rest_route=\/wp\/v2\/posts\/4274\/revisions\/4276"}],"wp:featuredmedia":[{"embeddable":true,"href":"https:\/\/focotocantinense.com.br\/index.php?rest_route=\/wp\/v2\/media\/4275"}],"wp:attachment":[{"href":"https:\/\/focotocantinense.com.br\/index.php?rest_route=%2Fwp%2Fv2%2Fmedia&parent=4274"}],"wp:term":[{"taxonomy":"category","embeddable":true,"href":"https:\/\/focotocantinense.com.br\/index.php?rest_route=%2Fwp%2Fv2%2Fcategories&post=4274"},{"taxonomy":"post_tag","embeddable":true,"href":"https:\/\/focotocantinense.com.br\/index.php?rest_route=%2Fwp%2Fv2%2Ftags&post=4274"}],"curies":[{"name":"wp","href":"https:\/\/api.w.org\/{rel}","templated":true}]}}