{"id":4263,"date":"2023-03-22T21:10:05","date_gmt":"2023-03-23T00:10:05","guid":{"rendered":"https:\/\/focotocantinense.com.br\/?p=4263"},"modified":"2023-03-22T21:24:57","modified_gmt":"2023-03-23T00:24:57","slug":"descaso-do-poder-publico-em-formoso-do-araguaia-mobiliza-sociedade-e-autoridades-locais","status":"publish","type":"post","link":"https:\/\/focotocantinense.com.br\/?p=4263","title":{"rendered":"Descaso do poder p\u00fablico em Formoso do Araguaia mobiliza sociedade e autoridades locais"},"content":{"rendered":"\n<figure class=\"wp-block-image size-full is-resized\"><img loading=\"lazy\" decoding=\"async\" src=\"https:\/\/focotocantinense.com.br\/wp-content\/uploads\/2023\/03\/bbb-5.jpg\" alt=\"\" class=\"wp-image-4268\" width=\"381\" height=\"245\" srcset=\"https:\/\/focotocantinense.com.br\/wp-content\/uploads\/2023\/03\/bbb-5.jpg 689w, https:\/\/focotocantinense.com.br\/wp-content\/uploads\/2023\/03\/bbb-5-300x192.jpg 300w\" sizes=\"auto, (max-width: 381px) 100vw, 381px\" \/><\/figure>\n\n\n\n<p><em><strong>Por Jonas Amaral<\/strong><\/em><\/p>\n\n\n\n<p>A cidade de Formoso do Araguaia, na regi\u00e3o sul do estado, vem sendo alvo de cr\u00edticas e den\u00fancias nas redes sociais e na imprensa nos \u00faltimos meses devido ao descaso do poder executivo municipal. A situa\u00e7\u00e3o j\u00e1 repercutida \u00e9 de caos, com ruas esburacadas, sal\u00e1rios, at\u00e9 13\u00ba e fornecedores com pagamentos atrasados, falta de infraestrutura e servi\u00e7os b\u00e1sicos para a popula\u00e7\u00e3o. A falta de \u00e1gua encanada em pleno s\u00e9culo 21 em parte de um dos setores mais velhos da cidade, o S\u00e3o Jos\u00e9 II, foi o mais recente caso que chamou a aten\u00e7\u00e3o de um empres\u00e1rio local que denunciou a situa\u00e7\u00e3o em suas redes sociais.<\/p>\n\n\n\n<p>Ap\u00f3s a den\u00fancia do empres\u00e1rio, o suplente de deputado estadual Guilherme Gama (PDT) visitou o local e sensibilizado com a situa\u00e7\u00e3o sem \u00e1gua encanada e tratada em que vivem aproximadamente 50 fam\u00edlias, totalizando cerca de 250 pessoas entre crian\u00e7as e adultos. Ele encaminhou de imediato um\u00a0<a rel=\"noreferrer noopener\" href=\"https:\/\/portaldoamaral.com.br\/wp-content\/uploads\/2023\/03\/WhatsApp-Image-2023-03-22-at-18.06.05.jpeg\" target=\"_blank\"><strong>of\u00edcio<\/strong><\/a>\u00a0\u00e0 Ag\u00eancia Tocantinense de Regula\u00e7\u00e3o \u2013 ATR Tocantins, solicitando uma interven\u00e7\u00e3o junto \u00e0 BRK Ambiental, respons\u00e1vel pelo abastecimento de \u00e1gua na cidade.<\/p>\n\n\n\n<p>\u00c9 importante ressaltar que a situa\u00e7\u00e3o de descaso e abandono da cidade de Formoso do Araguaia n\u00e3o \u00e9 recente e precisa de uma atua\u00e7\u00e3o mais efetiva do poder p\u00fablico para resolver os problemas da popula\u00e7\u00e3o. A mobiliza\u00e7\u00e3o da sociedade civil, como a den\u00fancia do empres\u00e1rio e a atua\u00e7\u00e3o do suplente de deputado, s\u00e3o fundamentais para pressionar as autoridades a tomarem medidas efetivas para melhorar a qualidade de vida da popula\u00e7\u00e3o.<\/p>\n\n\n\n<p>Em momentos como este, \u00e9 essencial que as autoridades estejam abertas ao di\u00e1logo e dispostas a trabalhar em conjunto com a sociedade civil para encontrar solu\u00e7\u00f5es para os problemas da cidade. Somente com o envolvimento e a uni\u00e3o de todos, ser\u00e1 poss\u00edvel superar a crise e melhorar a situa\u00e7\u00e3o de Formoso do Araguaia.<\/p>\n\n\n\n<figure class=\"wp-block-image size-full is-resized\"><img loading=\"lazy\" decoding=\"async\" src=\"https:\/\/focotocantinense.com.br\/wp-content\/uploads\/2023\/03\/aaa-22.jpg\" alt=\"\" class=\"wp-image-4264\" width=\"837\" height=\"421\" srcset=\"https:\/\/focotocantinense.com.br\/wp-content\/uploads\/2023\/03\/aaa-22.jpg 1001w, https:\/\/focotocantinense.com.br\/wp-content\/uploads\/2023\/03\/aaa-22-300x151.jpg 300w, https:\/\/focotocantinense.com.br\/wp-content\/uploads\/2023\/03\/aaa-22-768x387.jpg 768w\" sizes=\"auto, (max-width: 837px) 100vw, 837px\" \/><\/figure>\n\n\n\n<figure class=\"wp-block-image size-full\"><img loading=\"lazy\" decoding=\"async\" width=\"1011\" height=\"263\" src=\"https:\/\/focotocantinense.com.br\/wp-content\/uploads\/2023\/03\/VINI-4.jpg\" alt=\"\" class=\"wp-image-4267\" srcset=\"https:\/\/focotocantinense.com.br\/wp-content\/uploads\/2023\/03\/VINI-4.jpg 1011w, https:\/\/focotocantinense.com.br\/wp-content\/uploads\/2023\/03\/VINI-4-300x78.jpg 300w, https:\/\/focotocantinense.com.br\/wp-content\/uploads\/2023\/03\/VINI-4-768x200.jpg 768w\" sizes=\"auto, (max-width: 1011px) 100vw, 1011px\" \/><\/figure>\n","protected":false},"excerpt":{"rendered":"<p>Por Jonas Amaral A cidade de Formoso do Araguaia, na regi\u00e3o sul do estado, vem sendo alvo de cr\u00edticas e den\u00fancias nas redes sociais e na imprensa nos \u00faltimos meses devido ao descaso do poder executivo municipal. A situa\u00e7\u00e3o j\u00e1 repercutida \u00e9 de caos, com ruas esburacadas, sal\u00e1rios, at\u00e9 13\u00ba e fornecedores com pagamentos atrasados, &hellip;<\/p>\n","protected":false},"author":5,"featured_media":4264,"comment_status":"open","ping_status":"open","sticky":false,"template":"","format":"standard","meta":{"footnotes":""},"categories":[51],"tags":[],"class_list":["post-4263","post","type-post","status-publish","format-standard","has-post-thumbnail","","category-formoso-do-araguaia"],"_links":{"self":[{"href":"https:\/\/focotocantinense.com.br\/index.php?rest_route=\/wp\/v2\/posts\/4263","targetHints":{"allow":["GET"]}}],"collection":[{"href":"https:\/\/focotocantinense.com.br\/index.php?rest_route=\/wp\/v2\/posts"}],"about":[{"href":"https:\/\/focotocantinense.com.br\/index.php?rest_route=\/wp\/v2\/types\/post"}],"author":[{"embeddable":true,"href":"https:\/\/focotocantinense.com.br\/index.php?rest_route=\/wp\/v2\/users\/5"}],"replies":[{"embeddable":true,"href":"https:\/\/focotocantinense.com.br\/index.php?rest_route=%2Fwp%2Fv2%2Fcomments&post=4263"}],"version-history":[{"count":5,"href":"https:\/\/focotocantinense.com.br\/index.php?rest_route=\/wp\/v2\/posts\/4263\/revisions"}],"predecessor-version":[{"id":4273,"href":"https:\/\/focotocantinense.com.br\/index.php?rest_route=\/wp\/v2\/posts\/4263\/revisions\/4273"}],"wp:featuredmedia":[{"embeddable":true,"href":"https:\/\/focotocantinense.com.br\/index.php?rest_route=\/wp\/v2\/media\/4264"}],"wp:attachment":[{"href":"https:\/\/focotocantinense.com.br\/index.php?rest_route=%2Fwp%2Fv2%2Fmedia&parent=4263"}],"wp:term":[{"taxonomy":"category","embeddable":true,"href":"https:\/\/focotocantinense.com.br\/index.php?rest_route=%2Fwp%2Fv2%2Fcategories&post=4263"},{"taxonomy":"post_tag","embeddable":true,"href":"https:\/\/focotocantinense.com.br\/index.php?rest_route=%2Fwp%2Fv2%2Ftags&post=4263"}],"curies":[{"name":"wp","href":"https:\/\/api.w.org\/{rel}","templated":true}]}}