{"id":4258,"date":"2023-03-22T20:29:17","date_gmt":"2023-03-22T23:29:17","guid":{"rendered":"https:\/\/focotocantinense.com.br\/?p=4258"},"modified":"2023-03-22T20:30:24","modified_gmt":"2023-03-22T23:30:24","slug":"unirg-publica-novo-edital-de-inscricoes-para-selecao-de-pedagogo","status":"publish","type":"post","link":"https:\/\/focotocantinense.com.br\/?p=4258","title":{"rendered":"UnirG publica novo edital de inscri\u00e7\u00f5es para sele\u00e7\u00e3o de pedagogo"},"content":{"rendered":"\n<p>O interessado em inscrever-se no processo seletivo simplificado da Universidade de Gurupi \u2013 UnirG, para o preenchimento de vaga para T\u00e9cnico Acad\u00eamico\/Administrativo tempor\u00e1rio, com forma\u00e7\u00e3o em Pedagogia tem at\u00e9 28 de mar\u00e7o. As inscri\u00e7\u00f5es ser\u00e3o feitas pelo e-mail&nbsp;rhselecao@unirg.edu.br, conforme as orienta\u00e7\u00f5es expressas no edital.<\/p>\n\n\n\n<p>Est\u00e1 sendo oferecida uma&nbsp;vaga, com jornada de trabalho de 40h semanais. A remunera\u00e7\u00e3o \u00e9 de R$ 3.629,76.<\/p>\n\n\n\n<p>A sele\u00e7\u00e3o ser\u00e1 feita em tr\u00eas etapas: an\u00e1lise curricular e documental,&nbsp;prova escrita, al\u00e9m de entrevista.&nbsp;Os aprovados atuar\u00e3o na Pr\u00f3-reitoria de Gradua\u00e7\u00e3o \u2013 Prograd da Universidade de Gurupi \u2013 UnirG.&nbsp; O resultado final est\u00e1 previsto para 05 de abril.<\/p>\n\n\n\n<p>O edital completo est\u00e1 dispon\u00edvel no endere\u00e7o&nbsp;unirg.edu.br\/concursos&nbsp;(link \u201cprocesso seletivo pedagogo\u201d)<\/p>\n\n\n\n<figure class=\"wp-block-image size-full is-resized\"><img loading=\"lazy\" decoding=\"async\" src=\"https:\/\/focotocantinense.com.br\/wp-content\/uploads\/2023\/03\/Imagem-7780b754737b67457e858de0696e7ee0.jpg\" alt=\"\" class=\"wp-image-4259\" width=\"408\" height=\"205\" srcset=\"https:\/\/focotocantinense.com.br\/wp-content\/uploads\/2023\/03\/Imagem-7780b754737b67457e858de0696e7ee0.jpg 800w, https:\/\/focotocantinense.com.br\/wp-content\/uploads\/2023\/03\/Imagem-7780b754737b67457e858de0696e7ee0-300x150.jpg 300w, https:\/\/focotocantinense.com.br\/wp-content\/uploads\/2023\/03\/Imagem-7780b754737b67457e858de0696e7ee0-768x384.jpg 768w, https:\/\/focotocantinense.com.br\/wp-content\/uploads\/2023\/03\/Imagem-7780b754737b67457e858de0696e7ee0-660x330.jpg 660w\" sizes=\"auto, (max-width: 408px) 100vw, 408px\" \/><\/figure>\n\n\n\n<figure class=\"wp-block-image\"><img decoding=\"async\" src=\"http:\/\/n1to.com.br\/img\/uploads\/VINI_6.jpg\" alt=\"\"\/><\/figure>\n","protected":false},"excerpt":{"rendered":"<p>O interessado em inscrever-se no processo seletivo simplificado da Universidade de Gurupi \u2013 UnirG, para o preenchimento de vaga para T\u00e9cnico Acad\u00eamico\/Administrativo tempor\u00e1rio, com forma\u00e7\u00e3o em Pedagogia tem at\u00e9 28 de mar\u00e7o. As inscri\u00e7\u00f5es ser\u00e3o feitas pelo e-mail&nbsp;rhselecao@unirg.edu.br, conforme as orienta\u00e7\u00f5es expressas no edital. Est\u00e1 sendo oferecida uma&nbsp;vaga, com jornada de trabalho de 40h semanais. &hellip;<\/p>\n","protected":false},"author":5,"featured_media":4259,"comment_status":"open","ping_status":"open","sticky":false,"template":"","format":"standard","meta":{"footnotes":""},"categories":[38],"tags":[],"class_list":["post-4258","post","type-post","status-publish","format-standard","has-post-thumbnail","","category-gurupi"],"_links":{"self":[{"href":"https:\/\/focotocantinense.com.br\/index.php?rest_route=\/wp\/v2\/posts\/4258","targetHints":{"allow":["GET"]}}],"collection":[{"href":"https:\/\/focotocantinense.com.br\/index.php?rest_route=\/wp\/v2\/posts"}],"about":[{"href":"https:\/\/focotocantinense.com.br\/index.php?rest_route=\/wp\/v2\/types\/post"}],"author":[{"embeddable":true,"href":"https:\/\/focotocantinense.com.br\/index.php?rest_route=\/wp\/v2\/users\/5"}],"replies":[{"embeddable":true,"href":"https:\/\/focotocantinense.com.br\/index.php?rest_route=%2Fwp%2Fv2%2Fcomments&post=4258"}],"version-history":[{"count":3,"href":"https:\/\/focotocantinense.com.br\/index.php?rest_route=\/wp\/v2\/posts\/4258\/revisions"}],"predecessor-version":[{"id":4262,"href":"https:\/\/focotocantinense.com.br\/index.php?rest_route=\/wp\/v2\/posts\/4258\/revisions\/4262"}],"wp:featuredmedia":[{"embeddable":true,"href":"https:\/\/focotocantinense.com.br\/index.php?rest_route=\/wp\/v2\/media\/4259"}],"wp:attachment":[{"href":"https:\/\/focotocantinense.com.br\/index.php?rest_route=%2Fwp%2Fv2%2Fmedia&parent=4258"}],"wp:term":[{"taxonomy":"category","embeddable":true,"href":"https:\/\/focotocantinense.com.br\/index.php?rest_route=%2Fwp%2Fv2%2Fcategories&post=4258"},{"taxonomy":"post_tag","embeddable":true,"href":"https:\/\/focotocantinense.com.br\/index.php?rest_route=%2Fwp%2Fv2%2Ftags&post=4258"}],"curies":[{"name":"wp","href":"https:\/\/api.w.org\/{rel}","templated":true}]}}