{"id":4243,"date":"2023-03-21T20:01:27","date_gmt":"2023-03-21T23:01:27","guid":{"rendered":"https:\/\/focotocantinense.com.br\/?p=4243"},"modified":"2023-03-21T20:02:09","modified_gmt":"2023-03-21T23:02:09","slug":"farmacia-escola-do-campo-bello-implantada-pela-prefeitura-de-gurupi-entra-em-funcionamento","status":"publish","type":"post","link":"https:\/\/focotocantinense.com.br\/?p=4243","title":{"rendered":"Farm\u00e1cia Escola do Campo Bello implantada pela Prefeitura de Gurupi entra em funcionamento"},"content":{"rendered":"\n<figure class=\"wp-block-image size-full is-resized\"><img loading=\"lazy\" decoding=\"async\" src=\"https:\/\/focotocantinense.com.br\/wp-content\/uploads\/2023\/03\/bbbbbbbbbbbbbbbb-1.jpg\" alt=\"\" class=\"wp-image-4244\" width=\"369\" height=\"213\" srcset=\"https:\/\/focotocantinense.com.br\/wp-content\/uploads\/2023\/03\/bbbbbbbbbbbbbbbb-1.jpg 928w, https:\/\/focotocantinense.com.br\/wp-content\/uploads\/2023\/03\/bbbbbbbbbbbbbbbb-1-300x173.jpg 300w, https:\/\/focotocantinense.com.br\/wp-content\/uploads\/2023\/03\/bbbbbbbbbbbbbbbb-1-768x443.jpg 768w\" sizes=\"auto, (max-width: 369px) 100vw, 369px\" \/><\/figure>\n\n\n\n<p>Na tarde de segunda-feira, 20, a prefeita Josi Nunes participou de mais uma importante inaugura\u00e7\u00e3o para o munic\u00edpio de Gurupi: a implanta\u00e7\u00e3o da Farm\u00e1cia Escola UBS Campo Bello. O trabalho \u00e9 realizado pela Prefeitura da cidade, por meio da Secretaria Municipal de Sa\u00fade e com a parceria da Universidade UnirG. A Farm\u00e1cia Escola \u00e9 um projeto, no qual estudantes do curso de Farm\u00e1cia e comunidade local s\u00e3o mutuamente beneficiados.<\/p>\n\n\n\n<p>\u201cPara n\u00f3s acad\u00eamicos isso aqui hoje \u00e9 important\u00edssimo! Porque \u00e9 mais um campo de est\u00e1gio e ter esta farm\u00e1cia que n\u00f3s tamb\u00e9m estamos contribuindo \u00e9 de uma alegria muito grande! Porque n\u00f3s tamb\u00e9m fizemos parte deste projeto na \u00edntegra, tudo com muito carinho e amor para popula\u00e7\u00e3o daqui do Campo Bello. E eles ficaram t\u00e3o felizes, desde o primeiro dia quando a gente chegou aqui para organizar\u201d, disse Albetiza Lopes Fernandes, acad\u00eamica do 5\u00ba per\u00edodo do curso de Farm\u00e1cia da UnirG.&nbsp;<\/p>\n\n\n\n<p>\u201cEstamos fazendo estas parcerias, como esta com a UnirG, para que as nossas a\u00e7\u00f5es sejam cada dia mais integradoras e com resultados melhores para nossa popula\u00e7\u00e3o. Na \u00e1rea da sa\u00fade s\u00e3o v\u00e1rios os avan\u00e7os que estamos alcan\u00e7ando: manuten\u00e7\u00e3o em v\u00e1rias UBSs e pr\u00e9dios da sa\u00fade, reforma e amplia\u00e7\u00e3o da Cl\u00ednica da Mulher e da Policl\u00ednica e a constru\u00e7\u00e3o da Cl\u00ednica de Especialidades. Isso, al\u00e9m de diversas parcerias como esta da Farm\u00e1cia Escola aqui na UBS Campo Bello que trar\u00e1 um apoio grande quando se refere \u00e0 distribui\u00e7\u00e3o e cuidado com os medicamentos que ir\u00e3o atender a comunidade local\u201d, destacou a prefeita Josi Nunes.&nbsp;<\/p>\n\n\n\n<p>\u201c\u00c9 um passo muito importante para a sa\u00fade do nosso munic\u00edpio, poder ampliar o acesso aos medicamentos que \u00e9 um dos objetivos da Assist\u00eancia Farmac\u00eautica. Com esta Farm\u00e1cia Escola os alunos poder\u00e3o ter uma pr\u00e1tica diferenciada, porque n\u00f3s j\u00e1 temos uma outra unidade no setor Vila Nova, com outro p\u00fablico. Com mais este p\u00fablico n\u00f3s vamos ampliar a pr\u00e1tica dos acad\u00eamicos e compensa\u00e7\u00e3o a comunidade vai ter um ganho muito grande\u201d, explicou a coordenadora da assist\u00eancia farmac\u00eautica de Gurupi, Christiane Rodrigues de Paula.&nbsp;<\/p>\n\n\n\n<p>\u201cImplantamos uma estrutura totalmente otimizada para o ensino, com capacidade para atender pacientes e para receber diariamente os estudantes de Farm\u00e1cia. A \u00e1rea f\u00edsica inclui consult\u00f3rio para atendimento farmac\u00eautico e local para dispensa\u00e7\u00e3o de medicamentos. Estamos com nossa farm\u00e1cia completa e organizada. Aqui os estudantes v\u00e3o acompanhar todo processo de sele\u00e7\u00e3o, aquisi\u00e7\u00e3o, armazenamento, distribui\u00e7\u00e3o, dispensa\u00e7\u00e3o que \u00e9 a entrega adequada e racional de medicamentos. Uma a\u00e7\u00e3o que beneficiar\u00e1 eles e tamb\u00e9m a comunidade atendida pela UBS Campo Bello\u201d, frisou o secret\u00e1rio municipal de sa\u00fade, Sinvaldo Moraes.&nbsp;<\/p>\n\n\n\n<p>O evento ainda contou com a presen\u00e7a do deputado estadual Eduardo do Dertins, vereadores, secret\u00e1rios da gest\u00e3o, do presidente da UnirG Thiago Miranda e da reitora da universidade Sara Falc\u00e3o.<\/p>\n\n\n\n<p>&nbsp; \u201cJ\u00e1 \u00e9 a segunda Farm\u00e1cia Escola que a gente implanta na cidade, com profissionais da nossa institui\u00e7\u00e3o em conv\u00eanio com o munic\u00edpio. A Assist\u00eancia Farmac\u00eautica prestada diretamente ao paciente, \u00e9 o que faz com que ele veja a necessidade da atua\u00e7\u00e3o do farmac\u00eautico para comunidade. Ent\u00e3o, \u00e9 muito gratificante beneficiar a comunidade de Gurupi atrav\u00e9s dos nossos acad\u00eamicos e professores\u201d, ressaltou a reitora da UnirG, Sara Falc\u00e3o.<\/p>\n\n\n\n<p>\u201cAs parcerias com a Prefeitura Municipal de Gurupi, por meio da Semus, s\u00e3o muito importantes para a UnirG. Esta parceria ir\u00e1 proporcionar aos acad\u00eamicos do curso de farm\u00e1cia a viv\u00eancia dentro de uma farm\u00e1cia p\u00fablica municipal com um grande volume de trabalho, dando aos mesmos uma experi\u00eancia que certamente ser\u00e1 o diferencial na sua forma\u00e7\u00e3o e no mercado de trabalho\u201d, disse o presidente da UnirG, Thiago Miranda. &nbsp;&nbsp;<\/p>\n\n\n\n<figure class=\"wp-block-image\"><img decoding=\"async\" src=\"http:\/\/n1to.com.br\/img\/uploads\/VINI_6.jpg\" alt=\"\"\/><\/figure>\n","protected":false},"excerpt":{"rendered":"<p>Na tarde de segunda-feira, 20, a prefeita Josi Nunes participou de mais uma importante inaugura\u00e7\u00e3o para o munic\u00edpio de Gurupi: a implanta\u00e7\u00e3o da Farm\u00e1cia Escola UBS Campo Bello. O trabalho \u00e9 realizado pela Prefeitura da cidade, por meio da Secretaria Municipal de Sa\u00fade e com a parceria da Universidade UnirG. A Farm\u00e1cia Escola \u00e9 um &hellip;<\/p>\n","protected":false},"author":5,"featured_media":4244,"comment_status":"open","ping_status":"open","sticky":false,"template":"","format":"standard","meta":{"footnotes":""},"categories":[38],"tags":[],"class_list":["post-4243","post","type-post","status-publish","format-standard","has-post-thumbnail","","category-gurupi"],"_links":{"self":[{"href":"https:\/\/focotocantinense.com.br\/index.php?rest_route=\/wp\/v2\/posts\/4243","targetHints":{"allow":["GET"]}}],"collection":[{"href":"https:\/\/focotocantinense.com.br\/index.php?rest_route=\/wp\/v2\/posts"}],"about":[{"href":"https:\/\/focotocantinense.com.br\/index.php?rest_route=\/wp\/v2\/types\/post"}],"author":[{"embeddable":true,"href":"https:\/\/focotocantinense.com.br\/index.php?rest_route=\/wp\/v2\/users\/5"}],"replies":[{"embeddable":true,"href":"https:\/\/focotocantinense.com.br\/index.php?rest_route=%2Fwp%2Fv2%2Fcomments&post=4243"}],"version-history":[{"count":2,"href":"https:\/\/focotocantinense.com.br\/index.php?rest_route=\/wp\/v2\/posts\/4243\/revisions"}],"predecessor-version":[{"id":4246,"href":"https:\/\/focotocantinense.com.br\/index.php?rest_route=\/wp\/v2\/posts\/4243\/revisions\/4246"}],"wp:featuredmedia":[{"embeddable":true,"href":"https:\/\/focotocantinense.com.br\/index.php?rest_route=\/wp\/v2\/media\/4244"}],"wp:attachment":[{"href":"https:\/\/focotocantinense.com.br\/index.php?rest_route=%2Fwp%2Fv2%2Fmedia&parent=4243"}],"wp:term":[{"taxonomy":"category","embeddable":true,"href":"https:\/\/focotocantinense.com.br\/index.php?rest_route=%2Fwp%2Fv2%2Fcategories&post=4243"},{"taxonomy":"post_tag","embeddable":true,"href":"https:\/\/focotocantinense.com.br\/index.php?rest_route=%2Fwp%2Fv2%2Ftags&post=4243"}],"curies":[{"name":"wp","href":"https:\/\/api.w.org\/{rel}","templated":true}]}}