{"id":4238,"date":"2023-03-20T19:30:55","date_gmt":"2023-03-20T22:30:55","guid":{"rendered":"https:\/\/focotocantinense.com.br\/?p=4238"},"modified":"2023-03-20T19:32:46","modified_gmt":"2023-03-20T22:32:46","slug":"sebrae-realiza-o-papo-sebrae-chaves-do-empreendedor-de-sucesso-nesta-quinta-feira-23","status":"publish","type":"post","link":"https:\/\/focotocantinense.com.br\/?p=4238","title":{"rendered":"Sebrae realiza o \u201cPapo Sebrae: Chaves do Empreendedor de Sucesso\u201d nesta quinta-feira, 23"},"content":{"rendered":"\n<figure class=\"wp-block-image size-full is-resized\"><img loading=\"lazy\" decoding=\"async\" src=\"https:\/\/focotocantinense.com.br\/wp-content\/uploads\/2023\/03\/nnnnnnnnnnnnnnnnn.jpg\" alt=\"\" class=\"wp-image-4241\" width=\"379\" height=\"348\" srcset=\"https:\/\/focotocantinense.com.br\/wp-content\/uploads\/2023\/03\/nnnnnnnnnnnnnnnnn.jpg 518w, https:\/\/focotocantinense.com.br\/wp-content\/uploads\/2023\/03\/nnnnnnnnnnnnnnnnn-300x276.jpg 300w\" sizes=\"auto, (max-width: 379px) 100vw, 379px\" \/><\/figure>\n\n\n\n<p>O Sebrae Tocantins oferta na pr\u00f3xima quinta-feira, 23, o Papo Sebrae: Descubra quais as chaves do empreendedor de sucesso, para voc\u00ea que empreende ou sonha em abrir o pr\u00f3prio neg\u00f3cio. O evento \u00e9 online e gratuito. A iniciativa tem a ideia de mostrar aos participantes a import\u00e2ncia do comportamento empreendedor como diferencial de mercado.<\/p>\n\n\n\n<p>Raquel Montelo Moura Carvalho, coordenadora estadual do Semin\u00e1rio de Empreendedorismo (Empretec), enfatiza que uma das principais caracter\u00edsticas de um empreendedor \u00e9 a capacidade de identificar oportunidades de neg\u00f3cios e transform\u00e1-las em realidade. \u201cO empreendedor \u00e9 uma pessoa que est\u00e1 sempre atenta ao mercado e \u00e0s tend\u00eancias, buscando ideias inovadoras e criativas que possam ser transformadas em produtos ou servi\u00e7os\u201d enfatiza.<\/p>\n\n\n\n<p>A coordenadora destaca ainda que \u00e9 necess\u00e1rio desenvolver solu\u00e7\u00f5es pensadas para esse p\u00fablico. \u201cA palestra vem para conscientizar os participantes da import\u00e2ncia de desenvolver o comportamento empreendedor, para que assim, eles possam investir e impulsionar seus empreendimentos e obter cada vez mais sucesso. Al\u00e9m de apresentar e convid\u00e1-los a participar do Empretec, para que tenham a oportunidade de desenvolver tais aspectos,\u201d finaliza.<\/p>\n\n\n\n<p>O \u201cPapo Sebrae: Descubra quais as chaves do empreendedor de sucesso\u201d poder\u00e1 ser acessado a partir das 19h30, na pr\u00f3xima quinta-feira, por meio de link.<\/p>\n\n\n\n<p><strong>Empretec<\/strong><\/p>\n\n\n\n<p>O Empretec est\u00e1 presente em mais de 40 pa\u00edses, e no Brasil, \u00e9 aplicado exclusivamente pelo Sebrae. O programa ensina t\u00e9cnicas para que o participante descubra o seu perfil empreendedor e como desenvolver suas habilidades. A iniciativa possui atividades pr\u00e1ticas e cientificamente fundamentadas, que mostram como agem os empreendedores de sucesso. <\/p>\n\n\n\n<p><\/p>\n\n\n\n<figure class=\"wp-block-image size-full\"><img loading=\"lazy\" decoding=\"async\" width=\"720\" height=\"105\" src=\"https:\/\/focotocantinense.com.br\/wp-content\/uploads\/2023\/03\/image-1.png\" alt=\"\" class=\"wp-image-4230\" srcset=\"https:\/\/focotocantinense.com.br\/wp-content\/uploads\/2023\/03\/image-1.png 720w, https:\/\/focotocantinense.com.br\/wp-content\/uploads\/2023\/03\/image-1-300x44.png 300w\" sizes=\"auto, (max-width: 720px) 100vw, 720px\" \/><\/figure>\n","protected":false},"excerpt":{"rendered":"<p>O Sebrae Tocantins oferta na pr\u00f3xima quinta-feira, 23, o Papo Sebrae: Descubra quais as chaves do empreendedor de sucesso, para voc\u00ea que empreende ou sonha em abrir o pr\u00f3prio neg\u00f3cio. O evento \u00e9 online e gratuito. A iniciativa tem a ideia de mostrar aos participantes a import\u00e2ncia do comportamento empreendedor como diferencial de mercado. Raquel &hellip;<\/p>\n","protected":false},"author":5,"featured_media":4241,"comment_status":"open","ping_status":"open","sticky":false,"template":"","format":"standard","meta":{"footnotes":""},"categories":[39],"tags":[],"class_list":["post-4238","post","type-post","status-publish","format-standard","has-post-thumbnail","","category-estado"],"_links":{"self":[{"href":"https:\/\/focotocantinense.com.br\/index.php?rest_route=\/wp\/v2\/posts\/4238","targetHints":{"allow":["GET"]}}],"collection":[{"href":"https:\/\/focotocantinense.com.br\/index.php?rest_route=\/wp\/v2\/posts"}],"about":[{"href":"https:\/\/focotocantinense.com.br\/index.php?rest_route=\/wp\/v2\/types\/post"}],"author":[{"embeddable":true,"href":"https:\/\/focotocantinense.com.br\/index.php?rest_route=\/wp\/v2\/users\/5"}],"replies":[{"embeddable":true,"href":"https:\/\/focotocantinense.com.br\/index.php?rest_route=%2Fwp%2Fv2%2Fcomments&post=4238"}],"version-history":[{"count":3,"href":"https:\/\/focotocantinense.com.br\/index.php?rest_route=\/wp\/v2\/posts\/4238\/revisions"}],"predecessor-version":[{"id":4242,"href":"https:\/\/focotocantinense.com.br\/index.php?rest_route=\/wp\/v2\/posts\/4238\/revisions\/4242"}],"wp:featuredmedia":[{"embeddable":true,"href":"https:\/\/focotocantinense.com.br\/index.php?rest_route=\/wp\/v2\/media\/4241"}],"wp:attachment":[{"href":"https:\/\/focotocantinense.com.br\/index.php?rest_route=%2Fwp%2Fv2%2Fmedia&parent=4238"}],"wp:term":[{"taxonomy":"category","embeddable":true,"href":"https:\/\/focotocantinense.com.br\/index.php?rest_route=%2Fwp%2Fv2%2Fcategories&post=4238"},{"taxonomy":"post_tag","embeddable":true,"href":"https:\/\/focotocantinense.com.br\/index.php?rest_route=%2Fwp%2Fv2%2Ftags&post=4238"}],"curies":[{"name":"wp","href":"https:\/\/api.w.org\/{rel}","templated":true}]}}