{"id":4235,"date":"2023-03-18T21:35:33","date_gmt":"2023-03-19T00:35:33","guid":{"rendered":"https:\/\/focotocantinense.com.br\/?p=4235"},"modified":"2023-03-18T21:35:34","modified_gmt":"2023-03-19T00:35:34","slug":"prf-apreende-arma-de-fogo-dentro-de-onibus-rodoviario-em-palmeiras-do-tocantins","status":"publish","type":"post","link":"https:\/\/focotocantinense.com.br\/?p=4235","title":{"rendered":"PRF apreende arma de fogo dentro de \u00f4nibus rodovi\u00e1rio em Palmeiras do Tocantins"},"content":{"rendered":"\n<figure class=\"wp-block-image size-full is-resized\"><img loading=\"lazy\" decoding=\"async\" src=\"https:\/\/focotocantinense.com.br\/wp-content\/uploads\/2023\/03\/bbbbbbbbbbbbbbbb.jpg\" alt=\"\" class=\"wp-image-4236\" width=\"380\" height=\"285\" srcset=\"https:\/\/focotocantinense.com.br\/wp-content\/uploads\/2023\/03\/bbbbbbbbbbbbbbbb.jpg 1000w, https:\/\/focotocantinense.com.br\/wp-content\/uploads\/2023\/03\/bbbbbbbbbbbbbbbb-300x225.jpg 300w, https:\/\/focotocantinense.com.br\/wp-content\/uploads\/2023\/03\/bbbbbbbbbbbbbbbb-768x576.jpg 768w\" sizes=\"auto, (max-width: 380px) 100vw, 380px\" \/><\/figure>\n\n\n\n<p>Na manh\u00e3 desta quinta-feira (16), a Pol\u00edcia Rodovi\u00e1ria Federal (PRF) prendeu um homem pelo porte ilegal de arma de fogo de uso restrito, em Palmeiras do Tocantins.<\/p>\n\n\n\n<p>Em ato de fiscaliza\u00e7\u00e3o, por volta das 11 horas e 30 minutos, no km 8 da BR 226, foi dada ordem de parada ao \u00f4nibus da marca Scania\/Comil Campione de cor branca, que fazia a linha Palmas para Bel\u00e9m\/PA.&nbsp;<\/p>\n\n\n\n<p>Durante fiscaliza\u00e7\u00e3o no compartimento de bagagens, a equipe PRF localizou dentro de uma mala, um rev\u00f3lver cal. .44-40 com o n\u00famero de s\u00e9rie suprimido e 05 muni\u00e7\u00f5es intactas. Logo depois, a equipe adentrou no \u00f4nibus e identificou o propriet\u00e1rio do armamento entre os passageiros, um homem de 28 anos.&nbsp;<\/p>\n\n\n\n<p>Diante dos fatos, foi constatada, a princ\u00edpio, a ocorr\u00eancia de&nbsp;posse ou porte ilegal de arma de fogo de uso restrito. O homem e o armamento foram encaminhados para a Delegacia de Pol\u00edcia Civil de Tocantin\u00f3polis, na regi\u00e3o do Bico do Papagaio, para os procedimentos cab\u00edveis.<\/p>\n\n\n\n<figure class=\"wp-block-image\"><a href=\"https:\/\/www.instagram.com\/viniciusmartinsto\/\" target=\"_blank\" rel=\"noreferrer noopener\"><img decoding=\"async\" src=\"https:\/\/www.n1to.com.br\/img\/cache\/720x105\/80\/crop\/Imagem-eef442e8e75cae0362296529067458d6.png\" alt=\"\" title=\"Vin\u00edcius Martins - Consultor de Pol\u00edticas P\u00fablicas\"\/><\/a><\/figure>\n","protected":false},"excerpt":{"rendered":"<p>Na manh\u00e3 desta quinta-feira (16), a Pol\u00edcia Rodovi\u00e1ria Federal (PRF) prendeu um homem pelo porte ilegal de arma de fogo de uso restrito, em Palmeiras do Tocantins. Em ato de fiscaliza\u00e7\u00e3o, por volta das 11 horas e 30 minutos, no km 8 da BR 226, foi dada ordem de parada ao \u00f4nibus da marca Scania\/Comil &hellip;<\/p>\n","protected":false},"author":5,"featured_media":4236,"comment_status":"open","ping_status":"open","sticky":false,"template":"","format":"standard","meta":{"footnotes":""},"categories":[41],"tags":[],"class_list":["post-4235","post","type-post","status-publish","format-standard","has-post-thumbnail","","category-policia"],"_links":{"self":[{"href":"https:\/\/focotocantinense.com.br\/index.php?rest_route=\/wp\/v2\/posts\/4235","targetHints":{"allow":["GET"]}}],"collection":[{"href":"https:\/\/focotocantinense.com.br\/index.php?rest_route=\/wp\/v2\/posts"}],"about":[{"href":"https:\/\/focotocantinense.com.br\/index.php?rest_route=\/wp\/v2\/types\/post"}],"author":[{"embeddable":true,"href":"https:\/\/focotocantinense.com.br\/index.php?rest_route=\/wp\/v2\/users\/5"}],"replies":[{"embeddable":true,"href":"https:\/\/focotocantinense.com.br\/index.php?rest_route=%2Fwp%2Fv2%2Fcomments&post=4235"}],"version-history":[{"count":1,"href":"https:\/\/focotocantinense.com.br\/index.php?rest_route=\/wp\/v2\/posts\/4235\/revisions"}],"predecessor-version":[{"id":4237,"href":"https:\/\/focotocantinense.com.br\/index.php?rest_route=\/wp\/v2\/posts\/4235\/revisions\/4237"}],"wp:featuredmedia":[{"embeddable":true,"href":"https:\/\/focotocantinense.com.br\/index.php?rest_route=\/wp\/v2\/media\/4236"}],"wp:attachment":[{"href":"https:\/\/focotocantinense.com.br\/index.php?rest_route=%2Fwp%2Fv2%2Fmedia&parent=4235"}],"wp:term":[{"taxonomy":"category","embeddable":true,"href":"https:\/\/focotocantinense.com.br\/index.php?rest_route=%2Fwp%2Fv2%2Fcategories&post=4235"},{"taxonomy":"post_tag","embeddable":true,"href":"https:\/\/focotocantinense.com.br\/index.php?rest_route=%2Fwp%2Fv2%2Ftags&post=4235"}],"curies":[{"name":"wp","href":"https:\/\/api.w.org\/{rel}","templated":true}]}}