{"id":4229,"date":"2023-03-17T18:25:44","date_gmt":"2023-03-17T21:25:44","guid":{"rendered":"https:\/\/focotocantinense.com.br\/?p=4229"},"modified":"2023-03-17T18:26:49","modified_gmt":"2023-03-17T21:26:49","slug":"cidades-do-tocantins-recebem-medicos-que-participam-da-revalidacao-de-diplomas-na-unirg","status":"publish","type":"post","link":"https:\/\/focotocantinense.com.br\/?p=4229","title":{"rendered":"<strong>Cidades do Tocantins recebem m\u00e9dicos que participam da revalida\u00e7\u00e3o de diplomas na UnirG<\/strong>"},"content":{"rendered":"\n<figure class=\"wp-block-image size-full is-resized\"><img loading=\"lazy\" decoding=\"async\" src=\"https:\/\/focotocantinense.com.br\/wp-content\/uploads\/2023\/03\/1111.jpg\" alt=\"\" class=\"wp-image-4232\" width=\"402\" height=\"306\" srcset=\"https:\/\/focotocantinense.com.br\/wp-content\/uploads\/2023\/03\/1111.jpg 601w, https:\/\/focotocantinense.com.br\/wp-content\/uploads\/2023\/03\/1111-300x229.jpg 300w\" sizes=\"auto, (max-width: 402px) 100vw, 402px\" \/><\/figure>\n\n\n\n<p>Desde outubro do ano passado, m\u00e9dicos de v\u00e1rias partes do Brasil e do mundo, formados no exterior, est\u00e3o participando dos estudos complementares de Revalida\u00e7\u00e3o de Diplomas de Gradua\u00e7\u00e3o, da Universidade de Gurupi \u2013 UnirG. Cerca de 140&nbsp;profissionais est\u00e3o em internatos&nbsp;em 25cidades do Tocantins.<\/p>\n\n\n\n<p>O M\u00e9dico Regente dos Estudos de Complementa\u00e7\u00e3o, Me. Rodrigo Disconzi, percorreu algumas das cidades visitando os internos e afirmou estar muito satisfeito com o andamento das aulas. \u201cTivemos boas not\u00edcias, tanto dos preceptores quanto dos revalidandos quando estivemos&nbsp;<em>in loco.&nbsp;<\/em>Foi uma grata surpresa acompanhar o trabalho realizado nas cidades, ouvi v\u00e1rios relatos da popula\u00e7\u00e3o elogiando os atendimentos dos m\u00e9dicos, ressaltando o incremento \u00e0 sa\u00fade nesses munic\u00edpios\u201d, destacou.<\/p>\n\n\n\n<p>O professor disse ainda que no pr\u00f3ximo semestre ir\u00e1 acompanhar pessoalmente as a\u00e7\u00f5es desenvolvidas pelos m\u00e9dicos, em todas as cidades. \u201cAl\u00e9m das aulas pr\u00e1ticas, foi feito um cronograma de aulas te\u00f3ricas com especialistas que ministram aulas sobre Sa\u00fade P\u00fablica. Um projeto de interven\u00e7\u00e3o junto \u00e0 comunidade tamb\u00e9m est\u00e1 sendo desenvolvido com o aprendizado complementar\u201d, explicou o coordenador.<\/p>\n\n\n\n<p>A m\u00e9dica&nbsp;Rayna Cristina Mota Magalh\u00e3es, 29 anos, veio de Benjamin Constant \u2013 Alto Solim\u00f5es (AM), na Tr\u00edplice Fronteira com o Peru e a Col\u00f4mbia, \u00e9 uma das internas de Talism\u00e3 (TO). Ela formou-se em 2020 na Universidad Cristiana de Bolivia \u2013 UCEBOL, e diz que escolheu a profiss\u00e3o com o intuito de oferecer melhor qualidade de vida aos moradores de sua regi\u00e3o.<\/p>\n\n\n\n<p>\u201cSempre pensei em contribuir com a garantia do direito social \u00e0 sa\u00fade, como promulga nossa Constitui\u00e7\u00e3o Federal. Meu sonho tamb\u00e9m \u00e9 alimentado pela extrema vontade de contribuir com as popula\u00e7\u00f5es mais carentes da minha regi\u00e3o, que s\u00e3o os ribeirinhos e ind\u00edgenas\u201d, disse<\/p>\n\n\n\n<p>\u201cUma das maiores tristezas que vivi, como m\u00e9dica, foi n\u00e3o poder atuar durante a Pandemia. Ver o Amazonas e, principalmente, o interior, sem estrutura hospitalar e com car\u00eancia de m\u00e9dicos foi muito dif\u00edcil.&nbsp; O Pa\u00eds precisa de mais m\u00e9dicos, tem lugares na minha regi\u00e3o que nunca teve o profissional\u201d, completou.<\/p>\n\n\n\n<p>Para ela, o programa de estudos complementares da UnirG est\u00e1 proporcionando a concretiza\u00e7\u00e3o do sonho. \u201cUma oportunidade \u00edmpar em minha vida. Estou depositando toda a minha esperan\u00e7a de revalida\u00e7\u00e3o nesse processo, me dedicando integralmente, cumprindo com todas as minhas obriga\u00e7\u00f5es e orienta\u00e7\u00f5es da Universidade e do meu preceptor para alcan\u00e7ar esse objetivo de revalidar meu diploma\u201d, refor\u00e7ou.<\/p>\n\n\n\n<p>As aulas&nbsp;pr\u00e1ticas em internato&nbsp;ser\u00e3o ofertadas no per\u00edodo de 12 meses. Ap\u00f3s a conclus\u00e3o dos estudos, o m\u00e9dico ter\u00e1 seu diploma apostilado pela UnirG.<\/p>\n\n\n\n<p>\u201cA UnirG est\u00e1 contribuindo com a realiza\u00e7\u00e3o de um sonho de toda uma vida. N\u00e3o existem palavras para descrever a emo\u00e7\u00e3o que sinto pela oportunidade de clinicar e de salvar vidas. A complementa\u00e7\u00e3o est\u00e1 sendo um leque de oportunidades de crescimento profissional que se estende em diversos campos, como os procedimentos pr\u00e1ticos m\u00e9dicos, a forma de atendimento aos pacientes, aprofundamento do conhecimento do Sistema \u00danico de Sa\u00fade, relacionados aos tipos de tratamentos b\u00e1sicos de doen\u00e7as\u201d, completou Rayna Magalh\u00e3es. &nbsp;<\/p>\n\n\n\n<p>\u201cA Bol\u00edvia ainda est\u00e1 come\u00e7ando a implementar um sistema de sa\u00fade, como o nosso SUS. Essa complementa\u00e7\u00e3o de estudos \u00e9 um diferencial para a nossa forma\u00e7\u00e3o pr\u00e1tica, \u00e9 uma instrumentaliza\u00e7\u00e3o para compreender o seu funcionamento\u201d, falou a interna.&nbsp;&nbsp;&nbsp;<\/p>\n\n\n\n<p>Os 140 m\u00e9dicos foram distribu\u00eddos em grupos e est\u00e3o atendendo nas seguintes cidades: Dian\u00f3polis, Divin\u00f3polis, Dois Irm\u00e3os, Talism\u00e3, Lagoa da Confus\u00e3o, Pium, S\u00e3o Salvador, Santa Rita, Araguacema, Colm\u00e9ia, Cristal\u00e2ndia, Duer\u00e9, Pugmil, Baba\u00e7ulandia, Itaguatins, Ponte Alta do Tocantins, S\u00e3o Miguel, Arraias, Novo Acordo, Paran\u00e3, Tupirama, Formoso do Araguaia, Marianop\u00f3lis, Sampaio e S\u00e3o Val\u00e9rio da Natividade.<\/p>\n\n\n\n<p>&nbsp;\u201cA presen\u00e7a deles nos munic\u00edpios ir\u00e1 contribuir com a sa\u00fade p\u00fablica, junto com os profissionais que j\u00e1 atendem nesses locais. Estamos muito felizes com esse trabalho que acrescentar\u00e1 com o desenvolvimento do nosso Tocantins deixando uma marca em nosso Estado e na nossa Institui\u00e7\u00e3o\u201d, disse o presidente da Funda\u00e7\u00e3o UnirG, Thiago Miranda.<\/p>\n\n\n\n<p>A Reitora da Universidade de Gurupi \u2013 UnirG, Dr\u00aa Sara Falc\u00e3o, relata que s\u00e3o&nbsp;profissionais que est\u00e3o fazendo a diferen\u00e7a para os munic\u00edpios parceiros. \u201cEst\u00e3o levando a experi\u00eancia de cada um a essas comunidades e, respectivamente, aprendendo com os nossos preceptores m\u00e9dicos, al\u00e9m de outros profissionais de sa\u00fade lotados nos 25 munic\u00edpios. \u00c9 uma troca de experi\u00eancia enriquecedora em que todos n\u00f3s somos beneficiados e somos extremamente felizes por poder colaborar dessa forma\u201d, finalizou a reitora.<\/p>\n\n\n\n<figure class=\"wp-block-image size-full\"><img loading=\"lazy\" decoding=\"async\" width=\"720\" height=\"105\" src=\"https:\/\/focotocantinense.com.br\/wp-content\/uploads\/2023\/03\/image-1.png\" alt=\"\" class=\"wp-image-4230\" srcset=\"https:\/\/focotocantinense.com.br\/wp-content\/uploads\/2023\/03\/image-1.png 720w, https:\/\/focotocantinense.com.br\/wp-content\/uploads\/2023\/03\/image-1-300x44.png 300w\" sizes=\"auto, (max-width: 720px) 100vw, 720px\" \/><\/figure>\n","protected":false},"excerpt":{"rendered":"<p>Desde outubro do ano passado, m\u00e9dicos de v\u00e1rias partes do Brasil e do mundo, formados no exterior, est\u00e3o participando dos estudos complementares de Revalida\u00e7\u00e3o de Diplomas de Gradua\u00e7\u00e3o, da Universidade de Gurupi \u2013 UnirG. Cerca de 140&nbsp;profissionais est\u00e3o em internatos&nbsp;em 25cidades do Tocantins. O M\u00e9dico Regente dos Estudos de Complementa\u00e7\u00e3o, Me. Rodrigo Disconzi, percorreu algumas &hellip;<\/p>\n","protected":false},"author":5,"featured_media":4232,"comment_status":"open","ping_status":"open","sticky":false,"template":"","format":"standard","meta":{"footnotes":""},"categories":[38],"tags":[],"class_list":["post-4229","post","type-post","status-publish","format-standard","has-post-thumbnail","","category-gurupi"],"_links":{"self":[{"href":"https:\/\/focotocantinense.com.br\/index.php?rest_route=\/wp\/v2\/posts\/4229","targetHints":{"allow":["GET"]}}],"collection":[{"href":"https:\/\/focotocantinense.com.br\/index.php?rest_route=\/wp\/v2\/posts"}],"about":[{"href":"https:\/\/focotocantinense.com.br\/index.php?rest_route=\/wp\/v2\/types\/post"}],"author":[{"embeddable":true,"href":"https:\/\/focotocantinense.com.br\/index.php?rest_route=\/wp\/v2\/users\/5"}],"replies":[{"embeddable":true,"href":"https:\/\/focotocantinense.com.br\/index.php?rest_route=%2Fwp%2Fv2%2Fcomments&post=4229"}],"version-history":[{"count":3,"href":"https:\/\/focotocantinense.com.br\/index.php?rest_route=\/wp\/v2\/posts\/4229\/revisions"}],"predecessor-version":[{"id":4234,"href":"https:\/\/focotocantinense.com.br\/index.php?rest_route=\/wp\/v2\/posts\/4229\/revisions\/4234"}],"wp:featuredmedia":[{"embeddable":true,"href":"https:\/\/focotocantinense.com.br\/index.php?rest_route=\/wp\/v2\/media\/4232"}],"wp:attachment":[{"href":"https:\/\/focotocantinense.com.br\/index.php?rest_route=%2Fwp%2Fv2%2Fmedia&parent=4229"}],"wp:term":[{"taxonomy":"category","embeddable":true,"href":"https:\/\/focotocantinense.com.br\/index.php?rest_route=%2Fwp%2Fv2%2Fcategories&post=4229"},{"taxonomy":"post_tag","embeddable":true,"href":"https:\/\/focotocantinense.com.br\/index.php?rest_route=%2Fwp%2Fv2%2Ftags&post=4229"}],"curies":[{"name":"wp","href":"https:\/\/api.w.org\/{rel}","templated":true}]}}