{"id":4215,"date":"2023-03-16T16:29:00","date_gmt":"2023-03-16T19:29:00","guid":{"rendered":"https:\/\/focotocantinense.com.br\/?p=4215"},"modified":"2023-03-16T16:35:21","modified_gmt":"2023-03-16T19:35:21","slug":"professor-andre-goveia-toma-posse-na-academia-de-letras-de-paraiso-do-tocantins","status":"publish","type":"post","link":"https:\/\/focotocantinense.com.br\/?p=4215","title":{"rendered":"<strong>Professor Andr\u00e9 Goveia toma posse na Academia de Letras de Para\u00edso do Tocantins<\/strong>"},"content":{"rendered":"\n<figure class=\"wp-block-image size-full is-resized\"><img loading=\"lazy\" decoding=\"async\" src=\"https:\/\/focotocantinense.com.br\/wp-content\/uploads\/2023\/03\/5-GOVEIA.jpg\" alt=\"\" class=\"wp-image-4221\" width=\"379\" height=\"633\" srcset=\"https:\/\/focotocantinense.com.br\/wp-content\/uploads\/2023\/03\/5-GOVEIA.jpg 497w, https:\/\/focotocantinense.com.br\/wp-content\/uploads\/2023\/03\/5-GOVEIA-180x300.jpg 180w\" sizes=\"auto, (max-width: 379px) 100vw, 379px\" \/><\/figure>\n\n\n\n<p>O professor e poeta Andr\u00e9 Goveia, secret\u00e1rio de Educa\u00e7\u00e3o de Tocant\u00ednia, tomou posse, na noite de ter\u00e7a-feira, dia 14, &nbsp;na Academia de Letras de Para\u00edso do Tocantins (ALP), durante&nbsp; concorrida&nbsp; sess\u00e3o solene realizada no Plen\u00e1rio da C\u00e2mara de Vereadores. Goveia passa a integrar o quadro de membros correspondentes daquela institui\u00e7\u00e3o.<\/p>\n\n\n\n<p>Essa sess\u00e3o solene marcou os 10 anos de funda\u00e7\u00e3o da APL, que tem como presidente o poeta Toni Ferreira. Ele destacou sobre o papel dessa Academia para o fomento do fazer liter\u00e1rio na cidade e disse que se sentia muito gratificado ao constatar importantes conquistas para a cultura paraisense desde a funda\u00e7\u00e3o dessa institui\u00e7\u00e3o liter\u00e1ria at\u00e9 aos dias de hoje.<\/p>\n\n\n\n<p>O presidente tamb\u00e9m parabenizou o novo integrante da APL. \u201cO professor e poeta Andr\u00e9 Goveia \u00e9 mais do que merecedor do nosso reconhecimento e das nossas homenagens. \u00c9 muito louv\u00e1vel o trabalho que ele desenvolve de incentivo a leitura e a produ\u00e7\u00e3o textual junto aos alunos das escolas municipais de Tocant\u00ednia\u201d<\/p>\n\n\n\n<p><strong>Recep\u00e7\u00e3o<\/strong><\/p>\n\n\n\n<p>O professor Andr\u00e9 Goveia tamb\u00e9m foi saudado pelo escritor e acad\u00eamico Dourival Santiago que, em seu discurso de recep\u00e7\u00e3o ao novo integrante da APL, disse que o secret\u00e1rio de Educa\u00e7\u00e3o de Tocant\u00ednia destacando n\u00e3o s\u00f3&nbsp;as qualidades liter\u00e1rias desse autor tocantiniense, mas, tamb\u00e9m, o seu amor pela educa\u00e7\u00e3o e pela forma\u00e7\u00e3o de novos leitores. \u201cO ingresso do professor Andr\u00e9 Goveia nesta Casa de Letras enriquece ainda mais esta Casa de Letras. Seja bem-vindo, nobre confrade!\u201d asseverou.<\/p>\n\n\n\n<p><strong>Agradecimentos<\/strong><\/p>\n\n\n\n<p>No seu pronunciamento de posse como o mais novo integrante da Academia de Letras de Para\u00edso, o professor Andr\u00e9 Goveia agradeceu pela calorosa acolhida que recebeu e disse que, a partir de agora, aumenta ainda mais a sua responsabilidade como autor tocantinense. \u201cIsso me incentiva cada vez mais a trabalhar&nbsp;para a produ\u00e7\u00e3o de uma literatura de mais qualidade, comprometida com o despertar da cultura tocantinense\u201d, afirmou.<\/p>\n\n\n\n<p>Goveia aproveito para fazer um agradecimento especial a todos aqueles que o incentivaram a seguir nos caminhos da literatura, citando, dentre outros, &nbsp;sua m\u00e3e, Narci Ribeiro de Goveia, e o poeta, ativista cultural e jornalista Zacarias Martins,&nbsp; titular da Academia Tocantinense de Letras e a quem&nbsp; o considera como padrinho liter\u00e1rio.<\/p>\n\n\n\n<p>Tamb\u00e9m agradeceu ao prefeito de Tocant\u00ednia, Manoel Silvino, que lhe deu as condi\u00e7\u00f5es para realizar um bom trabalho na Secretaria Municipal de Educa\u00e7\u00e3o e que serve de refer\u00eancia para outros munic\u00edpios. \u201cConv\u00e9m lembrar que sem o apoio de uma aguerrida equipe de colaboradores n\u00e3o&nbsp;conseguiria realizar um bom trabalho. Minha gratid\u00e3o a todos\u201d, finalizou.<\/p>\n\n\n\n<figure class=\"wp-block-image size-full is-resized\"><img loading=\"lazy\" decoding=\"async\" src=\"https:\/\/focotocantinense.com.br\/wp-content\/uploads\/2023\/03\/image.png\" alt=\"\" class=\"wp-image-4219\" width=\"832\" height=\"607\" srcset=\"https:\/\/focotocantinense.com.br\/wp-content\/uploads\/2023\/03\/image.png 510w, https:\/\/focotocantinense.com.br\/wp-content\/uploads\/2023\/03\/image-300x219.png 300w\" sizes=\"auto, (max-width: 832px) 100vw, 832px\" \/><\/figure>\n\n\n\n<figure class=\"wp-block-image size-full is-resized\"><img loading=\"lazy\" decoding=\"async\" src=\"https:\/\/focotocantinense.com.br\/wp-content\/uploads\/2023\/03\/3-GOVEIA.jpg\" alt=\"\" class=\"wp-image-4223\" width=\"835\" height=\"515\" srcset=\"https:\/\/focotocantinense.com.br\/wp-content\/uploads\/2023\/03\/3-GOVEIA.jpg 680w, https:\/\/focotocantinense.com.br\/wp-content\/uploads\/2023\/03\/3-GOVEIA-300x185.jpg 300w\" sizes=\"auto, (max-width: 835px) 100vw, 835px\" \/><\/figure>\n\n\n\n<figure class=\"wp-block-image size-full is-resized\"><img loading=\"lazy\" decoding=\"async\" src=\"https:\/\/focotocantinense.com.br\/wp-content\/uploads\/2023\/03\/4-GOVEIA.jpg\" alt=\"\" class=\"wp-image-4225\" width=\"841\" height=\"585\" srcset=\"https:\/\/focotocantinense.com.br\/wp-content\/uploads\/2023\/03\/4-GOVEIA.jpg 666w, https:\/\/focotocantinense.com.br\/wp-content\/uploads\/2023\/03\/4-GOVEIA-300x209.jpg 300w\" sizes=\"auto, (max-width: 841px) 100vw, 841px\" \/><\/figure>\n\n\n\n<figure class=\"wp-block-image size-full\"><img loading=\"lazy\" decoding=\"async\" width=\"967\" height=\"524\" src=\"https:\/\/focotocantinense.com.br\/wp-content\/uploads\/2023\/03\/aaaaaaaaaaaaaaaaaaaa.jpg\" alt=\"\" class=\"wp-image-4217\" srcset=\"https:\/\/focotocantinense.com.br\/wp-content\/uploads\/2023\/03\/aaaaaaaaaaaaaaaaaaaa.jpg 967w, https:\/\/focotocantinense.com.br\/wp-content\/uploads\/2023\/03\/aaaaaaaaaaaaaaaaaaaa-300x163.jpg 300w, https:\/\/focotocantinense.com.br\/wp-content\/uploads\/2023\/03\/aaaaaaaaaaaaaaaaaaaa-768x416.jpg 768w\" sizes=\"auto, (max-width: 967px) 100vw, 967px\" \/><\/figure>\n\n\n\n<figure class=\"wp-block-image size-full is-resized\"><img loading=\"lazy\" decoding=\"async\" src=\"https:\/\/focotocantinense.com.br\/wp-content\/uploads\/2023\/03\/1-GOVEIA.jpg\" alt=\"\" class=\"wp-image-4227\" width=\"821\" height=\"856\" srcset=\"https:\/\/focotocantinense.com.br\/wp-content\/uploads\/2023\/03\/1-GOVEIA.jpg 472w, https:\/\/focotocantinense.com.br\/wp-content\/uploads\/2023\/03\/1-GOVEIA-288x300.jpg 288w\" sizes=\"auto, (max-width: 821px) 100vw, 821px\" \/><\/figure>\n","protected":false},"excerpt":{"rendered":"<p>O professor e poeta Andr\u00e9 Goveia, secret\u00e1rio de Educa\u00e7\u00e3o de Tocant\u00ednia, tomou posse, na noite de ter\u00e7a-feira, dia 14, &nbsp;na Academia de Letras de Para\u00edso do Tocantins (ALP), durante&nbsp; concorrida&nbsp; sess\u00e3o solene realizada no Plen\u00e1rio da C\u00e2mara de Vereadores. Goveia passa a integrar o quadro de membros correspondentes daquela institui\u00e7\u00e3o. Essa sess\u00e3o solene marcou os &hellip;<\/p>\n","protected":false},"author":5,"featured_media":4217,"comment_status":"open","ping_status":"open","sticky":false,"template":"","format":"standard","meta":{"footnotes":""},"categories":[104,91],"tags":[],"class_list":["post-4215","post","type-post","status-publish","format-standard","has-post-thumbnail","","category-cultura","category-zacarias-martins"],"_links":{"self":[{"href":"https:\/\/focotocantinense.com.br\/index.php?rest_route=\/wp\/v2\/posts\/4215","targetHints":{"allow":["GET"]}}],"collection":[{"href":"https:\/\/focotocantinense.com.br\/index.php?rest_route=\/wp\/v2\/posts"}],"about":[{"href":"https:\/\/focotocantinense.com.br\/index.php?rest_route=\/wp\/v2\/types\/post"}],"author":[{"embeddable":true,"href":"https:\/\/focotocantinense.com.br\/index.php?rest_route=\/wp\/v2\/users\/5"}],"replies":[{"embeddable":true,"href":"https:\/\/focotocantinense.com.br\/index.php?rest_route=%2Fwp%2Fv2%2Fcomments&post=4215"}],"version-history":[{"count":5,"href":"https:\/\/focotocantinense.com.br\/index.php?rest_route=\/wp\/v2\/posts\/4215\/revisions"}],"predecessor-version":[{"id":4228,"href":"https:\/\/focotocantinense.com.br\/index.php?rest_route=\/wp\/v2\/posts\/4215\/revisions\/4228"}],"wp:featuredmedia":[{"embeddable":true,"href":"https:\/\/focotocantinense.com.br\/index.php?rest_route=\/wp\/v2\/media\/4217"}],"wp:attachment":[{"href":"https:\/\/focotocantinense.com.br\/index.php?rest_route=%2Fwp%2Fv2%2Fmedia&parent=4215"}],"wp:term":[{"taxonomy":"category","embeddable":true,"href":"https:\/\/focotocantinense.com.br\/index.php?rest_route=%2Fwp%2Fv2%2Fcategories&post=4215"},{"taxonomy":"post_tag","embeddable":true,"href":"https:\/\/focotocantinense.com.br\/index.php?rest_route=%2Fwp%2Fv2%2Ftags&post=4215"}],"curies":[{"name":"wp","href":"https:\/\/api.w.org\/{rel}","templated":true}]}}