{"id":4203,"date":"2023-03-15T20:12:15","date_gmt":"2023-03-15T23:12:15","guid":{"rendered":"https:\/\/focotocantinense.com.br\/?p=4203"},"modified":"2023-03-15T20:15:34","modified_gmt":"2023-03-15T23:15:34","slug":"empossados-os-novos-conselheiros-do-conselho-municipal-de-educacao-de-tocantinia","status":"publish","type":"post","link":"https:\/\/focotocantinense.com.br\/?p=4203","title":{"rendered":"Empossados os novos conselheiros do Conselho Municipal de Educa\u00e7\u00e3o de Tocant\u00ednia"},"content":{"rendered":"\n<p><strong>Por Zacarias Martins<\/strong><\/p>\n\n\n\n<figure class=\"wp-block-image size-large is-resized\"><img loading=\"lazy\" decoding=\"async\" src=\"https:\/\/focotocantinense.com.br\/wp-content\/uploads\/2023\/03\/1-CONSELHEIROS-DO-CONSELHO-MUNICIPAL-DE-EDUCA.CAO-DE-TOCANTINIA-FOTO-EDVALDO-XERENTE-1024x797.jpg\" alt=\"\" class=\"wp-image-4205\" width=\"377\" height=\"293\" srcset=\"https:\/\/focotocantinense.com.br\/wp-content\/uploads\/2023\/03\/1-CONSELHEIROS-DO-CONSELHO-MUNICIPAL-DE-EDUCA.CAO-DE-TOCANTINIA-FOTO-EDVALDO-XERENTE-1024x797.jpg 1024w, https:\/\/focotocantinense.com.br\/wp-content\/uploads\/2023\/03\/1-CONSELHEIROS-DO-CONSELHO-MUNICIPAL-DE-EDUCA.CAO-DE-TOCANTINIA-FOTO-EDVALDO-XERENTE-300x234.jpg 300w, https:\/\/focotocantinense.com.br\/wp-content\/uploads\/2023\/03\/1-CONSELHEIROS-DO-CONSELHO-MUNICIPAL-DE-EDUCA.CAO-DE-TOCANTINIA-FOTO-EDVALDO-XERENTE-768x598.jpg 768w, https:\/\/focotocantinense.com.br\/wp-content\/uploads\/2023\/03\/1-CONSELHEIROS-DO-CONSELHO-MUNICIPAL-DE-EDUCA.CAO-DE-TOCANTINIA-FOTO-EDVALDO-XERENTE-1536x1196.jpg 1536w, https:\/\/focotocantinense.com.br\/wp-content\/uploads\/2023\/03\/1-CONSELHEIROS-DO-CONSELHO-MUNICIPAL-DE-EDUCA.CAO-DE-TOCANTINIA-FOTO-EDVALDO-XERENTE.jpg 1600w\" sizes=\"auto, (max-width: 377px) 100vw, 377px\" \/><\/figure>\n\n\n\n<p>Na tarde destaquarta-feira, 15 de mar\u00e7o, na sede da Secretaria Municipal de Educa\u00e7\u00e3o de Tocant\u00ednia (Semed), aconteceu a solenidade de posse dos novos conselheiros do Conselho Municipal de Educa\u00e7\u00e3o (CME).<\/p>\n\n\n\n<p>O secret\u00e1rio de Educa\u00e7\u00e3o do munic\u00edpio, professor Andr\u00e9 Goveia, destacou que com a posse dos novos integrantes do colegiado do CME, fica consolidado ainda mais, o fortalecimento do Sistema Municipal de Educa\u00e7\u00e3o e, quem ganha com essa iniciativa \u00e9 o processo de ensino e aprendizagem com mais autonomia e uma educa\u00e7\u00e3o centrada na realidade local, dando sequ\u00eancia, assim, \u00e0 pol\u00edtica de valoriza\u00e7\u00e3o do setor educacional do munic\u00edpio, que vem sendo colocada em pr\u00e1tica ao longa da administra\u00e7\u00e3o do prefeito Manoel Silvino.&nbsp;<\/p>\n\n\n\n<p>J\u00e1 o presidente do CME, Vagner Pereira argumentou que o \u00f3rg\u00e3o tem conseguido configurar uma educa\u00e7\u00e3o com mais&nbsp; qualidade e respeito \u00e0 cultura e as necessidades pedag\u00f3gicas, favorecendo o acesso e a perman\u00eancia do aluno na escola.<\/p>\n\n\n\n<p><strong>Conselheiros empossados<\/strong><\/p>\n\n\n\n<p>Como representantes da Secretaria Municipal de Educa\u00e7\u00e3o tomaram posse Ant\u00f4nio Luiz Campos, como titular e Elizete Vieira Lopes Oliveira, como suplente. Vagner Pereira da Silva, como titular e&nbsp; Rita de C\u00e1ssia Silva Oliveira, assumiram como representantes do&nbsp; Magist\u00e9rio P\u00fablico Municipal. Sueli Borges Lima, na qualidade de titular,&nbsp; e Nilton Nonato da Costa Gomes, como suplente, s\u00e3o os representantes&nbsp; dos diretores de unidade escolar&nbsp; e ensino da rede p\u00fablica municipal.&nbsp;<\/p>\n\n\n\n<p>J\u00e1 a dupla Fatima da Silva Nunes, como titular e Josiane Santana Aguiar, na qualidade de suplente, s\u00e3o as representantes dos conselhos escolares municipais no Conselho Municipal de Educa\u00e7\u00e3o de Tocant\u00ednia.&nbsp;&nbsp;<\/p>\n\n\n\n<p>Representando o Conselho dos Direitos da Crian\u00e7a e do Adolescente, foram empossadas Elizete Vieira Lopes (titular) e Sueli Borges Lima (suplente).&nbsp; Ant\u00f4nio Lu\u00eds Vieira (titular) e Maguiania Ferreira Xavier Santos (suplente), tomaram posse representando os servidores t\u00e9cnicos administrativos da Rede P\u00fablica Municipal.&nbsp;<\/p>\n\n\n\n<p>Os representantes da Secretaria Municipal&nbsp; de&nbsp; Assist\u00eancia Social que foram empossados s\u00e3o: Diego Reis Ramos e Valdete Brupahi Xerente (titular e suplente, respectivamente). O professor Ant\u00f4nio Sidney Rosendo, diretor do Col\u00e9gio Batista de Tocant\u00ednia e Rosimar Neres deSousa Oliveira, foram empossados como representantes do Sistema Estadual de Ensino, enquanto que a dupla Camelita Kritidi Xerente e Marcos Aur\u00e9lio Suwate Xerente, s\u00e3o os representantes da Comunidade Ind\u00edgena. J\u00e1 os empres\u00e1rios Luzimar de Souza Ara\u00fajo e Valmir Batista da Silva, ficaram como representantes da Associa\u00e7\u00e3o Comercial Municipal.<\/p>\n\n\n\n<figure class=\"wp-block-image is-resized\"><a href=\"https:\/\/blogger.googleusercontent.com\/img\/b\/R29vZ2xl\/AVvXsEhba7dRyEeMwx3UNGcYaxzHzwZV7Oq14lEk3YuMooyEGDOEx8m_Ziv7A3_lprn4x_rQjAWfQfgCaiwODdohOqPQyvAI5Nt180aoUypkvhsgX-YwoSeaM43DrzF6Sa33s8vSuXd7YUKAfRCq1uGoD7S6sPVpPWRlHeyz8XOz-Z2FvjNrU1ssE1oxkUK3zA\/s686\/bbb.jpg\"><img loading=\"lazy\" decoding=\"async\" src=\"https:\/\/blogger.googleusercontent.com\/img\/b\/R29vZ2xl\/AVvXsEhba7dRyEeMwx3UNGcYaxzHzwZV7Oq14lEk3YuMooyEGDOEx8m_Ziv7A3_lprn4x_rQjAWfQfgCaiwODdohOqPQyvAI5Nt180aoUypkvhsgX-YwoSeaM43DrzF6Sa33s8vSuXd7YUKAfRCq1uGoD7S6sPVpPWRlHeyz8XOz-Z2FvjNrU1ssE1oxkUK3zA\/w466-h354\/bbb.jpg\" alt=\"\" width=\"842\" height=\"641\"\/><\/a><\/figure>\n\n\n\n<figure class=\"wp-block-image is-resized\"><a href=\"https:\/\/blogger.googleusercontent.com\/img\/b\/R29vZ2xl\/AVvXsEjVTsmtN8_yyehYN8P_MYUA9ZRiBvzWCe9Pwkgy8Qe__O4--cH5Z3dNJomT1q6sjLJYECGV2gL9LGxsbgQVVwhj_uPNiCZvkVhNj9ZK1sMjqnsOkvAXHNweq7NdlVANQ6fhLHK1RZSYi31FSqMkGyIXAeFTHoUu5M8-VnJInILbp_41FsNRUGa4WqKTVw\/s692\/ccccccccc.jpg\"><img loading=\"lazy\" decoding=\"async\" src=\"https:\/\/blogger.googleusercontent.com\/img\/b\/R29vZ2xl\/AVvXsEjVTsmtN8_yyehYN8P_MYUA9ZRiBvzWCe9Pwkgy8Qe__O4--cH5Z3dNJomT1q6sjLJYECGV2gL9LGxsbgQVVwhj_uPNiCZvkVhNj9ZK1sMjqnsOkvAXHNweq7NdlVANQ6fhLHK1RZSYi31FSqMkGyIXAeFTHoUu5M8-VnJInILbp_41FsNRUGa4WqKTVw\/w471-h353\/ccccccccc.jpg\" alt=\"\" width=\"835\" height=\"626\"\/><\/a><\/figure>\n\n\n\n<figure class=\"wp-block-image is-resized\"><a href=\"hhttps:\/\/www.instagram.com\/zacamartinsto\/\"><img loading=\"lazy\" decoding=\"async\" src=\"https:\/\/blogger.googleusercontent.com\/img\/b\/R29vZ2xl\/AVvXsEhz6yXwi3Xit9eZvpk831rFkvwjjgiUJ16eP-aSCV1DApR90M6rvdRoDbQD95qGLwbOIjU_dwG4t76JTs_U0cFIT4iA30Hzb79IS1wkNkOZV-R3Guo1e-rCwl5Rfx_nlu7zCA18iFVVacEzfsDc79eF9atVM7Lnxo73ZWuKc5gdtePX_cMgED696byhfA\/w474-h123\/VINI.jpg\" alt=\"\" width=\"838\" height=\"217\"\/><\/a><\/figure>\n\n\n\n<figure class=\"wp-block-image is-resized\"><a href=\"https:\/\/www.instagram.com\/mutucacast\/\" target=\"_blank\" rel=\"noreferrer noopener\"><img loading=\"lazy\" decoding=\"async\" src=\"https:\/\/www.n1to.com.br\/img\/cache\/380x280\/80\/crop\/Imagem-e7214b7e48a41e43e545ec7063ee81e8.jpeg\" alt=\"\" width=\"827\" height=\"609\" title=\"MUTUCA CAST\"\/><\/a><\/figure>\n","protected":false},"excerpt":{"rendered":"<p>Por Zacarias Martins Na tarde destaquarta-feira, 15 de mar\u00e7o, na sede da Secretaria Municipal de Educa\u00e7\u00e3o de Tocant\u00ednia (Semed), aconteceu a solenidade de posse dos novos conselheiros do Conselho Municipal de Educa\u00e7\u00e3o (CME). O secret\u00e1rio de Educa\u00e7\u00e3o do munic\u00edpio, professor Andr\u00e9 Goveia, destacou que com a posse dos novos integrantes do colegiado do CME, fica &hellip;<\/p>\n","protected":false},"author":5,"featured_media":4205,"comment_status":"open","ping_status":"open","sticky":false,"template":"","format":"standard","meta":{"footnotes":""},"categories":[78],"tags":[],"class_list":["post-4203","post","type-post","status-publish","format-standard","has-post-thumbnail","","category-tocantinia"],"_links":{"self":[{"href":"https:\/\/focotocantinense.com.br\/index.php?rest_route=\/wp\/v2\/posts\/4203","targetHints":{"allow":["GET"]}}],"collection":[{"href":"https:\/\/focotocantinense.com.br\/index.php?rest_route=\/wp\/v2\/posts"}],"about":[{"href":"https:\/\/focotocantinense.com.br\/index.php?rest_route=\/wp\/v2\/types\/post"}],"author":[{"embeddable":true,"href":"https:\/\/focotocantinense.com.br\/index.php?rest_route=\/wp\/v2\/users\/5"}],"replies":[{"embeddable":true,"href":"https:\/\/focotocantinense.com.br\/index.php?rest_route=%2Fwp%2Fv2%2Fcomments&post=4203"}],"version-history":[{"count":4,"href":"https:\/\/focotocantinense.com.br\/index.php?rest_route=\/wp\/v2\/posts\/4203\/revisions"}],"predecessor-version":[{"id":4208,"href":"https:\/\/focotocantinense.com.br\/index.php?rest_route=\/wp\/v2\/posts\/4203\/revisions\/4208"}],"wp:featuredmedia":[{"embeddable":true,"href":"https:\/\/focotocantinense.com.br\/index.php?rest_route=\/wp\/v2\/media\/4205"}],"wp:attachment":[{"href":"https:\/\/focotocantinense.com.br\/index.php?rest_route=%2Fwp%2Fv2%2Fmedia&parent=4203"}],"wp:term":[{"taxonomy":"category","embeddable":true,"href":"https:\/\/focotocantinense.com.br\/index.php?rest_route=%2Fwp%2Fv2%2Fcategories&post=4203"},{"taxonomy":"post_tag","embeddable":true,"href":"https:\/\/focotocantinense.com.br\/index.php?rest_route=%2Fwp%2Fv2%2Ftags&post=4203"}],"curies":[{"name":"wp","href":"https:\/\/api.w.org\/{rel}","templated":true}]}}