{"id":4182,"date":"2023-03-13T18:44:57","date_gmt":"2023-03-13T21:44:57","guid":{"rendered":"https:\/\/focotocantinense.com.br\/?p=4182"},"modified":"2023-03-13T18:46:42","modified_gmt":"2023-03-13T21:46:42","slug":"prefeitura-de-gurupi-e-cmdca-abrem-inscricoes-para-3a-conferencia-municipal-dos-direitos-da-crianca-e-do-adolescente","status":"publish","type":"post","link":"https:\/\/focotocantinense.com.br\/?p=4182","title":{"rendered":"Prefeitura de Gurupi e CMDCA abrem inscri\u00e7\u00f5es para 3\u00aa Confer\u00eancia Municipal dos Direitos da Crian\u00e7a e do Adolescente"},"content":{"rendered":"\n<p>A Prefeitura de Gurupi, por meio da Secretaria Municipal de Assist\u00eancia Social e Cidadania, e o Conselho Municipal dos Direitos da Crian\u00e7a e do Adolescente (CMDCA), abriram nesta segunda-feira, 13, as inscri\u00e7\u00f5es para a III Confer\u00eancia Municipal dos Direitos da Crian\u00e7a e do Adolescente, que ser\u00e1 realizada no dia 14 de abril no Centro Cultural Mauro Cunha, a partir das 08h.<\/p>\n\n\n\n<p>As inscri\u00e7\u00f5es s\u00e3o gratuitas e os interessados devem apenas preencher um formul\u00e1rio online (<a href=\"https:\/\/docs.google.com\/forms\/d\/e\/1FAIpQLSe5AVctmExBXjUIZnTZc_trLDvcvNSyyMzdzEQsI_pYj0WILA\/viewform\">Clique aqui<\/a>), com as seguintes informa\u00e7\u00f5es: Nome; E-mail; Telefone; \u00d3rg\u00e3o que estar\u00e1 representando; e o Eixo Tem\u00e1tico que ir\u00e1 participar entre os cinco dispon\u00edveis. As inscri\u00e7\u00f5es online estar\u00e3o abertas at\u00e9 o dia 13 de abril, e no dia do evento, ser\u00e3o realizadas apenas presencialmente na confer\u00eancia.<\/p>\n\n\n\n<figure class=\"wp-block-image size-full is-resized\"><img loading=\"lazy\" decoding=\"async\" src=\"https:\/\/focotocantinense.com.br\/wp-content\/uploads\/2023\/03\/aaa-18.jpg\" alt=\"\" class=\"wp-image-4183\" width=\"393\" height=\"210\" srcset=\"https:\/\/focotocantinense.com.br\/wp-content\/uploads\/2023\/03\/aaa-18.jpg 896w, https:\/\/focotocantinense.com.br\/wp-content\/uploads\/2023\/03\/aaa-18-300x160.jpg 300w, https:\/\/focotocantinense.com.br\/wp-content\/uploads\/2023\/03\/aaa-18-768x411.jpg 768w, https:\/\/focotocantinense.com.br\/wp-content\/uploads\/2023\/03\/aaa-18-310x165.jpg 310w\" sizes=\"auto, (max-width: 393px) 100vw, 393px\" \/><\/figure>\n\n\n\n<p><strong>O evento<\/strong><\/p>\n\n\n\n<p>A III Confer\u00eancia Municipal dos Direitos da Crian\u00e7a e do Adolescente tem como tema central a \u201cSitua\u00e7\u00e3o dos direitos humanos de crian\u00e7as e adolescentes em tempo de pandemia de Covid-19: Viola\u00e7\u00f5es e vulnerabilidades, a\u00e7\u00f5es necess\u00e1rias para repara\u00e7\u00e3o e garantia de pol\u00edticas de prote\u00e7\u00e3o integral, com respeito \u00e0 diversidade\u201d, definido pelo Conselho Nacional dos Direitos da Crian\u00e7a e do Adolescente \u2013 CONANDA.<\/p>\n\n\n\n<p>A presidente do CMDCA de Gurupi, Adrielle Matias, destacou que o evento tem como objetivo aprofundar as discuss\u00f5es diante do cen\u00e1rio pand\u00eamico e p\u00f3s-pand\u00eamico relacionadas a viola\u00e7\u00e3o, vulnerabilidade e a\u00e7\u00f5es de repara\u00e7\u00e3o que visem a prote\u00e7\u00e3o integral de crian\u00e7as e adolescentes. Al\u00e9m disso, promover uma ampla mobiliza\u00e7\u00e3o para a constru\u00e7\u00e3o de propostas de a\u00e7\u00f5es e pol\u00edticas p\u00fablicas que garantam os seus direitos no contexto da pandemia.<\/p>\n\n\n\n<p>\u201cOs Eixos que ser\u00e3o ministrados na Confer\u00eancia garantem que a sociedade entenda o diagn\u00f3stico social que afetaram e afetam as crian\u00e7as e adolescentes em situa\u00e7\u00e3o de vulnerabilidade de acordo com a com o cen\u00e1rio de pandemia de Covid-19 vivenciado. A participa\u00e7\u00e3o da sociedade, sobretudo \u00f3rg\u00e3os da rede de prote\u00e7\u00e3o, \u00e9 primordial para o debate e para que Crian\u00e7as e Adolescentes tenham voz ativa e poder de voto em plen\u00e1ria\u201d, disse a Presidente.<\/p>\n\n\n\n<p><strong>Eixos tem\u00e1ticos<\/strong><\/p>\n\n\n\n<p>As discuss\u00f5es ser\u00e3o divididas em cinco eixos tem\u00e1ticos:<\/p>\n\n\n\n<p>(1) Promo\u00e7\u00e3o e garantia dos direitos humanos de crian\u00e7as e adolescentes no contexto pand\u00eamico e p\u00f3s-pandemia;<\/p>\n\n\n\n<p>(2) Enfrentamento das viola\u00e7\u00f5es e vulnerabilidades resultantes da pandemia de Covid 19;<\/p>\n\n\n\n<p>(3) Amplia\u00e7\u00e3o e consolida\u00e7\u00e3o da participa\u00e7\u00e3o de crian\u00e7as e adolescentes nos espa\u00e7os de discuss\u00e3o e delibera\u00e7\u00e3o de pol\u00edticas p\u00fablicas de promo\u00e7\u00e3o, prote\u00e7\u00e3o e defesa dos seus direitos, durante e p\u00f3s-pandemia;<\/p>\n\n\n\n<p>(4) Participa\u00e7\u00e3o da Sociedade na delibera\u00e7\u00e3o, execu\u00e7\u00e3o, gest\u00e3o e controle social de pol\u00edticas p\u00fablicas de promo\u00e7\u00e3o, prote\u00e7\u00e3o e defesa dos direitos de crian\u00e7as e adolescentes considerando o cen\u00e1rio pand\u00eamico.<\/p>\n\n\n\n<p>(5) Garantia de recursos para as pol\u00edticas p\u00fablicas voltadas para crian\u00e7as e adolescentes durante e p\u00f3s-pandemia de Covid-19. Os documentos orientadores ser\u00e3o encaminhados aos Conselhos Estaduais pelo CONANDA.<\/p>\n\n\n\n<figure class=\"wp-block-image\"><a href=\"https:\/\/www.instagram.com\/viniciusmartinsto\/\" target=\"_blank\" rel=\"noreferrer noopener\"><img decoding=\"async\" src=\"https:\/\/www.n1to.com.br\/img\/cache\/720x105\/80\/crop\/Imagem-eef442e8e75cae0362296529067458d6.png\" alt=\"\" title=\"Vin\u00edcius Martins - Consultor de Pol\u00edticas P\u00fablicas\"\/><\/a><\/figure>\n","protected":false},"excerpt":{"rendered":"<p>A Prefeitura de Gurupi, por meio da Secretaria Municipal de Assist\u00eancia Social e Cidadania, e o Conselho Municipal dos Direitos da Crian\u00e7a e do Adolescente (CMDCA), abriram nesta segunda-feira, 13, as inscri\u00e7\u00f5es para a III Confer\u00eancia Municipal dos Direitos da Crian\u00e7a e do Adolescente, que ser\u00e1 realizada no dia 14 de abril no Centro Cultural &hellip;<\/p>\n","protected":false},"author":5,"featured_media":4183,"comment_status":"open","ping_status":"open","sticky":false,"template":"","format":"standard","meta":{"footnotes":""},"categories":[38],"tags":[],"class_list":["post-4182","post","type-post","status-publish","format-standard","has-post-thumbnail","","category-gurupi"],"_links":{"self":[{"href":"https:\/\/focotocantinense.com.br\/index.php?rest_route=\/wp\/v2\/posts\/4182","targetHints":{"allow":["GET"]}}],"collection":[{"href":"https:\/\/focotocantinense.com.br\/index.php?rest_route=\/wp\/v2\/posts"}],"about":[{"href":"https:\/\/focotocantinense.com.br\/index.php?rest_route=\/wp\/v2\/types\/post"}],"author":[{"embeddable":true,"href":"https:\/\/focotocantinense.com.br\/index.php?rest_route=\/wp\/v2\/users\/5"}],"replies":[{"embeddable":true,"href":"https:\/\/focotocantinense.com.br\/index.php?rest_route=%2Fwp%2Fv2%2Fcomments&post=4182"}],"version-history":[{"count":2,"href":"https:\/\/focotocantinense.com.br\/index.php?rest_route=\/wp\/v2\/posts\/4182\/revisions"}],"predecessor-version":[{"id":4185,"href":"https:\/\/focotocantinense.com.br\/index.php?rest_route=\/wp\/v2\/posts\/4182\/revisions\/4185"}],"wp:featuredmedia":[{"embeddable":true,"href":"https:\/\/focotocantinense.com.br\/index.php?rest_route=\/wp\/v2\/media\/4183"}],"wp:attachment":[{"href":"https:\/\/focotocantinense.com.br\/index.php?rest_route=%2Fwp%2Fv2%2Fmedia&parent=4182"}],"wp:term":[{"taxonomy":"category","embeddable":true,"href":"https:\/\/focotocantinense.com.br\/index.php?rest_route=%2Fwp%2Fv2%2Fcategories&post=4182"},{"taxonomy":"post_tag","embeddable":true,"href":"https:\/\/focotocantinense.com.br\/index.php?rest_route=%2Fwp%2Fv2%2Ftags&post=4182"}],"curies":[{"name":"wp","href":"https:\/\/api.w.org\/{rel}","templated":true}]}}