{"id":4176,"date":"2023-03-11T21:48:02","date_gmt":"2023-03-12T00:48:02","guid":{"rendered":"https:\/\/focotocantinense.com.br\/?p=4176"},"modified":"2023-03-11T21:50:09","modified_gmt":"2023-03-12T00:50:09","slug":"encontro-foraneo-movimenta-comunidade-catolica-no-municipio-de-nazare-to","status":"publish","type":"post","link":"https:\/\/focotocantinense.com.br\/?p=4176","title":{"rendered":"Encontro Foraneo movimenta comunidade cat\u00f3lica no munic\u00edpio de Nazar\u00e9 \u2013 TO."},"content":{"rendered":"\n<p><\/p>\n\n\n\n<p>A cidade de Nazar\u00e9, na regi\u00e3o norte do&nbsp; Tocantins, sediou neste s\u00e1bado, dia 11, o Encontro Foraneo de Capacita\u00e7\u00e3o para o Projeto de Inicia\u00e7\u00e3o \u00e0 Vida Crist\u00e3, promovido pela Igreja Cat\u00f3lica.<\/p>\n\n\n\n<p>O evento aconteceu na Par\u00f3quia Nossa Senhora de Nazar\u00e9, e contou com o apoio dos Padres, Josimar, de Nazar\u00e9, Antonio, de Luzinopolis, Jos\u00e9 Iran, &nbsp;de Anan\u00e1s, Rusio, de Araguatins, Padres Wenderson e Paulo S\u00e9rgio de Tocantin\u00f3polis, al\u00e9m do&nbsp; &nbsp;Coordenador Diocesano da Catequese, o Catequista Josivaldo, &nbsp;de Aragua\u00edna.<\/p>\n\n\n\n<figure class=\"wp-block-image size-large is-resized\"><img loading=\"lazy\" decoding=\"async\" src=\"https:\/\/focotocantinense.com.br\/wp-content\/uploads\/2023\/03\/AAA-17-1024x766.jpg\" alt=\"\" class=\"wp-image-4177\" width=\"405\" height=\"303\" srcset=\"https:\/\/focotocantinense.com.br\/wp-content\/uploads\/2023\/03\/AAA-17-1024x766.jpg 1024w, https:\/\/focotocantinense.com.br\/wp-content\/uploads\/2023\/03\/AAA-17-300x224.jpg 300w, https:\/\/focotocantinense.com.br\/wp-content\/uploads\/2023\/03\/AAA-17-768x575.jpg 768w, https:\/\/focotocantinense.com.br\/wp-content\/uploads\/2023\/03\/AAA-17.jpg 1160w\" sizes=\"auto, (max-width: 405px) 100vw, 405px\" \/><\/figure>\n\n\n\n<figure class=\"wp-block-image size-full is-resized\"><img loading=\"lazy\" decoding=\"async\" src=\"https:\/\/focotocantinense.com.br\/wp-content\/uploads\/2023\/03\/VINI-3.jpg\" alt=\"\" class=\"wp-image-4179\" width=\"406\" height=\"105\" srcset=\"https:\/\/focotocantinense.com.br\/wp-content\/uploads\/2023\/03\/VINI-3.jpg 1011w, https:\/\/focotocantinense.com.br\/wp-content\/uploads\/2023\/03\/VINI-3-300x78.jpg 300w, https:\/\/focotocantinense.com.br\/wp-content\/uploads\/2023\/03\/VINI-3-768x200.jpg 768w\" sizes=\"auto, (max-width: 406px) 100vw, 406px\" \/><\/figure>\n","protected":false},"excerpt":{"rendered":"<p>A cidade de Nazar\u00e9, na regi\u00e3o norte do&nbsp; Tocantins, sediou neste s\u00e1bado, dia 11, o Encontro Foraneo de Capacita\u00e7\u00e3o para o Projeto de Inicia\u00e7\u00e3o \u00e0 Vida Crist\u00e3, promovido pela Igreja Cat\u00f3lica. O evento aconteceu na Par\u00f3quia Nossa Senhora de Nazar\u00e9, e contou com o apoio dos Padres, Josimar, de Nazar\u00e9, Antonio, de Luzinopolis, Jos\u00e9 Iran, &hellip;<\/p>\n","protected":false},"author":5,"featured_media":4177,"comment_status":"open","ping_status":"open","sticky":false,"template":"","format":"standard","meta":{"footnotes":""},"categories":[109],"tags":[],"class_list":["post-4176","post","type-post","status-publish","format-standard","has-post-thumbnail","","category-nazare-to"],"_links":{"self":[{"href":"https:\/\/focotocantinense.com.br\/index.php?rest_route=\/wp\/v2\/posts\/4176","targetHints":{"allow":["GET"]}}],"collection":[{"href":"https:\/\/focotocantinense.com.br\/index.php?rest_route=\/wp\/v2\/posts"}],"about":[{"href":"https:\/\/focotocantinense.com.br\/index.php?rest_route=\/wp\/v2\/types\/post"}],"author":[{"embeddable":true,"href":"https:\/\/focotocantinense.com.br\/index.php?rest_route=\/wp\/v2\/users\/5"}],"replies":[{"embeddable":true,"href":"https:\/\/focotocantinense.com.br\/index.php?rest_route=%2Fwp%2Fv2%2Fcomments&post=4176"}],"version-history":[{"count":3,"href":"https:\/\/focotocantinense.com.br\/index.php?rest_route=\/wp\/v2\/posts\/4176\/revisions"}],"predecessor-version":[{"id":4181,"href":"https:\/\/focotocantinense.com.br\/index.php?rest_route=\/wp\/v2\/posts\/4176\/revisions\/4181"}],"wp:featuredmedia":[{"embeddable":true,"href":"https:\/\/focotocantinense.com.br\/index.php?rest_route=\/wp\/v2\/media\/4177"}],"wp:attachment":[{"href":"https:\/\/focotocantinense.com.br\/index.php?rest_route=%2Fwp%2Fv2%2Fmedia&parent=4176"}],"wp:term":[{"taxonomy":"category","embeddable":true,"href":"https:\/\/focotocantinense.com.br\/index.php?rest_route=%2Fwp%2Fv2%2Fcategories&post=4176"},{"taxonomy":"post_tag","embeddable":true,"href":"https:\/\/focotocantinense.com.br\/index.php?rest_route=%2Fwp%2Fv2%2Ftags&post=4176"}],"curies":[{"name":"wp","href":"https:\/\/api.w.org\/{rel}","templated":true}]}}