{"id":4169,"date":"2023-03-09T22:46:35","date_gmt":"2023-03-10T01:46:35","guid":{"rendered":"https:\/\/focotocantinense.com.br\/?p=4169"},"modified":"2023-03-09T23:28:32","modified_gmt":"2023-03-10T02:28:32","slug":"aula-inaugural-movimenta-o-polo-da-universidade-da-maturidade-em-tocantinia","status":"publish","type":"post","link":"https:\/\/focotocantinense.com.br\/?p=4169","title":{"rendered":"<a href=\"https:\/\/zacamartins.blogspot.com\/2023\/03\/aula-inaugural-movimenta-o-polo-da.html\">Aula inaugural movimenta o polo da Universidade da Maturidade em Tocant\u00ednia<\/a>"},"content":{"rendered":"\n<p><strong>Por Zacarias Martins<\/strong><\/p>\n\n\n\n<p>A Prefeitura de Tocant\u00ednia, por meio da Secretaria Municipal de Educa\u00e7\u00e3o \u2013 Semed, promoveu na tarde de quinta-feira, dia, 09,&nbsp; a realiza\u00e7\u00e3o da aula inaugural do primeiro semestre de 2023, do curso de&nbsp;<strong>Educador Pol\u00edtico Social do Envelhecimento Humano<\/strong>&nbsp;da Universidade da Maturidade (UMA), que \u00e9 um programa de Extens\u00e3o da Universidade Federal do Tocantins\/UFT, &nbsp;polo de Tocant\u00ednia. O evento aconteceu no &nbsp;no sal\u00e3o nobre Margarida Lemos Gon\u00e7alves do &nbsp;audit\u00f3rio do Col\u00e9gio Estadual Batista Professora Beatriz Rodrigues da Silva.<\/p>\n\n\n\n<p>No primeiro momento do evento, &nbsp;a professora Maria L\u00facia realizou o acolhimento dos acad\u00eamicos por meio de uma dan\u00e7a ao som da m\u00fasica do Zeca Pagodinho \u201cDeixa a vida me levar\u201d. Em seguida, o padre &nbsp;Martins para a realizou um&nbsp; momento devocional.<\/p>\n\n\n\n<p>J\u00e1 o anci\u00e3o Valdeciano Kasumr\u00e3 Xerente e o senhor Marcos Aur\u00e9lio Xerente conduziram o&nbsp; momento devocional na L\u00edngua Akw\u1ebd Xerente. Tamb\u00e9m houve uma apresenta\u00e7\u00e3o do coral &nbsp;do grupo Bem Viver, que \u00e9 ligado ao Centro de Refer\u00eancia de Assist\u00eancia Social (CRAS), de Tocant\u00ednia.<\/p>\n\n\n\n<p><strong>Importante alternativa<\/strong><\/p>\n\n\n\n<p>O secret\u00e1rio de Educa\u00e7\u00e3o de Tocant\u00ednia, professor Andr\u00e9 Goveia, destacou a implanta\u00e7\u00e3o da Universidade da Maturidade no munic\u00edpio, com o apoio da Prefeitura Municipal, numa parceria com a UFT. \u201cEsta \u00e9 uma importante alternativa \u00e0s pessoas idosas da comunidade tocantiniense, especialmente, a comunidade Xerente, numa fase da vida em que det\u00e9m experi\u00eancia acumulada e sabedoria.<\/p>\n\n\n\n<p>Goveia frisou, &nbsp;ainda, que a Universidade da Maturidade, em Tocant\u00ednia, \u00e9 um espa\u00e7o de conviv\u00eancia social de aquisi\u00e7\u00e3o de novos conhecimentos voltados para o envelhecer sadio e digno, sobretudo, na tomada de consci\u00eancia da import\u00e2ncia de participa\u00e7\u00e3o do idoso na sociedade enquanto sujeito hist\u00f3rico.<\/p>\n\n\n\n<p>Tocant\u00ednia conta com tr\u00eas polos da Universidade da Maturidade: um na zona urbana: outra, na zona rural, especialmente, na regi\u00e3o dos assentamentos, e outra, numa comunidade Xerente, sendo, portanto, o primeiro polo desse g\u00eanero numa aldeia ind\u00edgena no Brasil.<\/p>\n\n\n\n<figure class=\"wp-block-image size-large\"><img loading=\"lazy\" decoding=\"async\" width=\"1024\" height=\"671\" src=\"https:\/\/focotocantinense.com.br\/wp-content\/uploads\/2023\/03\/AAA-16-1024x671.jpg\" alt=\"\" class=\"wp-image-4171\" srcset=\"https:\/\/focotocantinense.com.br\/wp-content\/uploads\/2023\/03\/AAA-16-1024x671.jpg 1024w, https:\/\/focotocantinense.com.br\/wp-content\/uploads\/2023\/03\/AAA-16-300x197.jpg 300w, https:\/\/focotocantinense.com.br\/wp-content\/uploads\/2023\/03\/AAA-16-768x504.jpg 768w, https:\/\/focotocantinense.com.br\/wp-content\/uploads\/2023\/03\/AAA-16-1536x1007.jpg 1536w, https:\/\/focotocantinense.com.br\/wp-content\/uploads\/2023\/03\/AAA-16.jpg 1600w\" sizes=\"auto, (max-width: 1024px) 100vw, 1024px\" \/><\/figure>\n\n\n\n<p><strong>Movimentada programa\u00e7\u00e3o<\/strong><\/p>\n\n\n\n<p>A &nbsp;professora Luciana Pegaroro Penteado, especialista em educa\u00e7\u00e3o f\u00edsica, representou &nbsp;a professora doutora Neila Os\u00f3rio e o professor doutor Sin\u00e9sio Neto., que coordenam a UMA no&nbsp; Tocantins.<\/p>\n\n\n\n<p>Houve uma narrativa emocionalmente produzida a partir da mem\u00f3rias da inf\u00e2ncia da professora Carmen L\u00facia, e o professor Leonardo Sampaio realizou uma din\u00e2mica com os acad\u00eamicos da UMA.<\/p>\n\n\n\n<p>Tamb\u00e9m foi empolgante a &nbsp;&nbsp;narrativa de um curioso causo que foi levado ao conhecimento dos presentes pelo professor doutorando em educa\u00e7\u00e3o pela UFT, Armando S\u00f5pre Xerente.<\/p>\n\n\n\n<p>J\u00e1 no encerramento da programa\u00e7\u00e3o,&nbsp; os professores Manoel Xerente, Jacira Xerente, Armando Xerente e a professora Eneida Brupahi Xerente encantaram o p\u00fablico&nbsp; durante a realiza\u00e7\u00e3o de uma dan\u00e7a cultural.<\/p>\n\n\n\n<p>A coordenadora da Universidade da Maturidade \u00a0polo de Tocant\u00ednia,\u00a0 Aragoneide Martins Barros, disse que se sentia gratificada em poder trabalhar com esses acad\u00eamicos\u00a0 da UMA. Ela lembrou que a pol\u00edtica de atendimento \u00e0 vida adulta e ao Envelhecimento Humano colocada em pr\u00e1tica pela institui\u00e7\u00e3o tem por miss\u00e3o desenvolver uma abordagem hol\u00edstica, com prioridade para a educa\u00e7\u00e3o, a sa\u00fade, o esporte, o lazer, a arte e a cultura, concretizando, desta forma um verdadeiro desenvolvimento integral dos alunos, buscando uma melhoria da qualidade de vida e o resgate da cidadania.<\/p>\n\n\n\n<figure class=\"wp-block-image\"><a href=\"https:\/\/blogger.googleusercontent.com\/img\/b\/R29vZ2xl\/AVvXsEg1d7xylAOrdHf3cJVXycdXpoxh7S5oVm8uSZnfYd-RtIZdaeOvUQXp2qfIM2dD6gfX7bZ-ehLSryeUeKvTJqfYBEfU1CwcJR3VWJAewBkQ8eWcOvvK6_nflBCBAWo8PXylDdZe6hFpXeMRYRfkUlI1yRlw1MBfwV1T9r9yBhjhWmxVp-FiXAsvvcmkuQ\/s1600\/CCC.jpeg\"><img decoding=\"async\" src=\"https:\/\/blogger.googleusercontent.com\/img\/b\/R29vZ2xl\/AVvXsEg1d7xylAOrdHf3cJVXycdXpoxh7S5oVm8uSZnfYd-RtIZdaeOvUQXp2qfIM2dD6gfX7bZ-ehLSryeUeKvTJqfYBEfU1CwcJR3VWJAewBkQ8eWcOvvK6_nflBCBAWo8PXylDdZe6hFpXeMRYRfkUlI1yRlw1MBfwV1T9r9yBhjhWmxVp-FiXAsvvcmkuQ\/w505-h338\/CCC.jpeg\" alt=\"\"\/><\/a><\/figure>\n\n\n\n<figure class=\"wp-block-image\"><a href=\"https:\/\/blogger.googleusercontent.com\/img\/b\/R29vZ2xl\/AVvXsEiJkz094Z4MncdnfYPJ_q8KrkWQDIfrebKD2G9ySJXFP1DZTp1PhIDyDTBuCpNLJMLYMbeNL1G---S6Ne7VWmyUM9pG4Ed1XGo3Aln_nusuZlOJhVS47C5BatoTInTP2xmYON4gFVhY_r2ix2Y6dLwHv-w0dk49buZ29ed7LF198rKPZ25wFgXn63A2hg\/s1600\/DDDDD.jpg\"><img decoding=\"async\" src=\"https:\/\/blogger.googleusercontent.com\/img\/b\/R29vZ2xl\/AVvXsEiJkz094Z4MncdnfYPJ_q8KrkWQDIfrebKD2G9ySJXFP1DZTp1PhIDyDTBuCpNLJMLYMbeNL1G---S6Ne7VWmyUM9pG4Ed1XGo3Aln_nusuZlOJhVS47C5BatoTInTP2xmYON4gFVhY_r2ix2Y6dLwHv-w0dk49buZ29ed7LF198rKPZ25wFgXn63A2hg\/w520-h343\/DDDDD.jpg\" alt=\"\"\/><\/a><\/figure>\n\n\n\n<figure class=\"wp-block-image\"><a href=\"https:\/\/blogger.googleusercontent.com\/img\/b\/R29vZ2xl\/AVvXsEiZE_suPiXATczViu_mPBynGyu-YMUFxOoVnDUkHhDebhOi_IuO9ISLDHT-KLEye-NGS4J7m6e9LjSZSoPBZXdeT6cFYrw70-C5ObJWp4mHBInrzgnJoHWFLnKDVE762zp2H1GFr5_UD8O8MObDXcmfPAo0O5OhD6v2uVnZyiJSkTbVhmgj6o7_Xl5oaA\/s1600\/EEEE.jpg\"><img decoding=\"async\" src=\"https:\/\/blogger.googleusercontent.com\/img\/b\/R29vZ2xl\/AVvXsEiZE_suPiXATczViu_mPBynGyu-YMUFxOoVnDUkHhDebhOi_IuO9ISLDHT-KLEye-NGS4J7m6e9LjSZSoPBZXdeT6cFYrw70-C5ObJWp4mHBInrzgnJoHWFLnKDVE762zp2H1GFr5_UD8O8MObDXcmfPAo0O5OhD6v2uVnZyiJSkTbVhmgj6o7_Xl5oaA\/w525-h349\/EEEE.jpg\" alt=\"\"\/><\/a><\/figure>\n\n\n\n<figure class=\"wp-block-image\"><a href=\"https:\/\/blogger.googleusercontent.com\/img\/b\/R29vZ2xl\/AVvXsEjYzCnWbgOt6pnIERHgHqf-EeK1oaN4aH7JtVUKl1xLQupqBkocqyV-phqmOKsrdFqB7E9LOs8kFti0o-NylL3ffki_10pXxwst0yMGV3ULAJ_Le2zyFgSzOg8GJTz4zqimr4YqvR1D2JVzOo82D6BcqQ5RkqD9gq3dhrBvc547a_ZyjshnBnjchIrGNQ\/s1280\/FFFF.jpg\"><img decoding=\"async\" src=\"https:\/\/blogger.googleusercontent.com\/img\/b\/R29vZ2xl\/AVvXsEjYzCnWbgOt6pnIERHgHqf-EeK1oaN4aH7JtVUKl1xLQupqBkocqyV-phqmOKsrdFqB7E9LOs8kFti0o-NylL3ffki_10pXxwst0yMGV3ULAJ_Le2zyFgSzOg8GJTz4zqimr4YqvR1D2JVzOo82D6BcqQ5RkqD9gq3dhrBvc547a_ZyjshnBnjchIrGNQ\/w506-h379\/FFFF.jpg\" alt=\"\"\/><\/a><\/figure>\n\n\n\n<figure class=\"wp-block-image\"><a href=\"https:\/\/blogger.googleusercontent.com\/img\/b\/R29vZ2xl\/AVvXsEgJIbS8lkC_ZX1--ezqCcRh2Qat3ZNUlRJTNtg2nW7Z-vStxGPb3tsnDgzMlfJEDKHkR3NN2OK44Vdm5Y5y75t37DZFnNuD0kEbsBcqB1RN3ol659mWMQDdJTBNGtsVWJfxmJCElGzNErAtnTiKzZnDp139D-uMcPuS5K0blRV2Iz3W3BHrZvWHbRDxQA\/s1600\/hhh.jpg\"><img decoding=\"async\" src=\"https:\/\/blogger.googleusercontent.com\/img\/b\/R29vZ2xl\/AVvXsEgJIbS8lkC_ZX1--ezqCcRh2Qat3ZNUlRJTNtg2nW7Z-vStxGPb3tsnDgzMlfJEDKHkR3NN2OK44Vdm5Y5y75t37DZFnNuD0kEbsBcqB1RN3ol659mWMQDdJTBNGtsVWJfxmJCElGzNErAtnTiKzZnDp139D-uMcPuS5K0blRV2Iz3W3BHrZvWHbRDxQA\/w498-h330\/hhh.jpg\" alt=\"\"\/><\/a><\/figure>\n\n\n\n<figure class=\"wp-block-image\"><a href=\"https:\/\/blogger.googleusercontent.com\/img\/b\/R29vZ2xl\/AVvXsEhnrOKF5KzCOY6puEm3Qwsbor4j8b8-rut8Hg0hPO0AKLqgzuvr1D2TsyqjxYNCb8nff1p8I9u27UANNol06opRfkf3HRE1wk-9pnA7mdgHKGj_6piFWaLWb599qxxb59XBzsIIvH6Lu2N_D17IxksnIJnlL9d9YmFjYSOSz5E4yKPY9C_t3N8AuVyeow\/s1600\/iii.jpg\"><img decoding=\"async\" src=\"https:\/\/blogger.googleusercontent.com\/img\/b\/R29vZ2xl\/AVvXsEhnrOKF5KzCOY6puEm3Qwsbor4j8b8-rut8Hg0hPO0AKLqgzuvr1D2TsyqjxYNCb8nff1p8I9u27UANNol06opRfkf3HRE1wk-9pnA7mdgHKGj_6piFWaLWb599qxxb59XBzsIIvH6Lu2N_D17IxksnIJnlL9d9YmFjYSOSz5E4yKPY9C_t3N8AuVyeow\/w500-h332\/iii.jpg\" alt=\"\"\/><\/a><\/figure>\n","protected":false},"excerpt":{"rendered":"<p>Por Zacarias Martins A Prefeitura de Tocant\u00ednia, por meio da Secretaria Municipal de Educa\u00e7\u00e3o \u2013 Semed, promoveu na tarde de quinta-feira, dia, 09,&nbsp; a realiza\u00e7\u00e3o da aula inaugural do primeiro semestre de 2023, do curso de&nbsp;Educador Pol\u00edtico Social do Envelhecimento Humano&nbsp;da Universidade da Maturidade (UMA), que \u00e9 um programa de Extens\u00e3o da Universidade Federal do &hellip;<\/p>\n","protected":false},"author":5,"featured_media":4171,"comment_status":"open","ping_status":"open","sticky":false,"template":"","format":"standard","meta":{"footnotes":""},"categories":[78],"tags":[],"class_list":["post-4169","post","type-post","status-publish","format-standard","has-post-thumbnail","","category-tocantinia"],"_links":{"self":[{"href":"https:\/\/focotocantinense.com.br\/index.php?rest_route=\/wp\/v2\/posts\/4169","targetHints":{"allow":["GET"]}}],"collection":[{"href":"https:\/\/focotocantinense.com.br\/index.php?rest_route=\/wp\/v2\/posts"}],"about":[{"href":"https:\/\/focotocantinense.com.br\/index.php?rest_route=\/wp\/v2\/types\/post"}],"author":[{"embeddable":true,"href":"https:\/\/focotocantinense.com.br\/index.php?rest_route=\/wp\/v2\/users\/5"}],"replies":[{"embeddable":true,"href":"https:\/\/focotocantinense.com.br\/index.php?rest_route=%2Fwp%2Fv2%2Fcomments&post=4169"}],"version-history":[{"count":3,"href":"https:\/\/focotocantinense.com.br\/index.php?rest_route=\/wp\/v2\/posts\/4169\/revisions"}],"predecessor-version":[{"id":4174,"href":"https:\/\/focotocantinense.com.br\/index.php?rest_route=\/wp\/v2\/posts\/4169\/revisions\/4174"}],"wp:featuredmedia":[{"embeddable":true,"href":"https:\/\/focotocantinense.com.br\/index.php?rest_route=\/wp\/v2\/media\/4171"}],"wp:attachment":[{"href":"https:\/\/focotocantinense.com.br\/index.php?rest_route=%2Fwp%2Fv2%2Fmedia&parent=4169"}],"wp:term":[{"taxonomy":"category","embeddable":true,"href":"https:\/\/focotocantinense.com.br\/index.php?rest_route=%2Fwp%2Fv2%2Fcategories&post=4169"},{"taxonomy":"post_tag","embeddable":true,"href":"https:\/\/focotocantinense.com.br\/index.php?rest_route=%2Fwp%2Fv2%2Ftags&post=4169"}],"curies":[{"name":"wp","href":"https:\/\/api.w.org\/{rel}","templated":true}]}}