{"id":4164,"date":"2023-03-09T20:33:05","date_gmt":"2023-03-09T23:33:05","guid":{"rendered":"https:\/\/focotocantinense.com.br\/?p=4164"},"modified":"2023-03-09T20:34:51","modified_gmt":"2023-03-09T23:34:51","slug":"poder-legislativo-do-tocantins-homenageia-mulheres-pelo-oito-de-marco","status":"publish","type":"post","link":"https:\/\/focotocantinense.com.br\/?p=4164","title":{"rendered":"<strong>Poder Legislativo do Tocantins homenageia mulheres pelo Oito de Mar\u00e7o<\/strong>"},"content":{"rendered":"\n<p>O Poder Legislativo do Estado do Tocantins se reuniu em sess\u00e3o solene na manh\u00e3 desta quinta-feira, 9, em comemora\u00e7\u00e3o ao Dia Internacional da Mulher, ocorrido na quarta-feira, 8. A mesma solenidade acontece todos os anos tendo como principal atra\u00e7\u00e3o a condecora\u00e7\u00e3o de mulheres que realizaram feitos relevantes no Estado e melhorias para as mulheres no Tocantins.<\/p>\n\n\n\n<p>O Diploma Mulher-Cidad\u00e3 Guilhermina Ribeiro da Silva \u00e9 a honraria dedicada \u00e0s personalidades mulheres a cada ano. A sess\u00e3o contou com a presen\u00e7a de v\u00e1rios deputados estaduais, bem como outras autoridades e populares nas galerias e tribunas de honra.<\/p>\n\n\n\n<p>A abertura da solenidade foi conduzida pelo presidente da Assembleia Legislativa, deputado Am\u00e9lio Cayres (Republicano), que ap\u00f3s fazer a composi\u00e7\u00e3o da Mesa e as considera\u00e7\u00f5es iniciais transferiu os trabalhos para a deputada Janad Vacari (PL).<\/p>\n\n\n\n<p>Antes das homenagens foi executado o Hino Nacional e apresentado um v\u00eddeo institucional da Assembleia sobre o Dia da Mulher, tendo como personagens deputadas e servidoras desta Casa de Leis.<\/p>\n\n\n\n<p><strong>Falas<\/strong><\/p>\n\n\n\n<p>Am\u00e9lio Cayres disse ser uma alegria realizar a sess\u00e3o, e defendeu a cria\u00e7\u00e3o da Semana Internacional da Mulher, por entender que s\u00f3 um dia \u00e9 muito restrito para as homenagens.<\/p>\n\n\n\n<p>Al\u00e9m da homenageadas do dia o presidente fez refer\u00eancia a outras personalidades, como dona Nonata, do Bico do Papagaio, dona Raimunda Quebradeira de Coco [in memoriam] e dona Cota, de Esperantina. Ele elogiou a cria\u00e7\u00e3o pelo Governo da Secretaria da Mulher e a dos Povos Origin\u00e1rios. \u201cEsta Casa n\u00e3o se furtar\u00e1 a apreciar e aprovar iniciativas em favor das mulheres\u201d, finalizou o presidente.<\/p>\n\n\n\n<figure class=\"wp-block-image size-full\"><img loading=\"lazy\" decoding=\"async\" width=\"800\" height=\"400\" src=\"https:\/\/focotocantinense.com.br\/wp-content\/uploads\/2023\/03\/AAA-15.jpg\" alt=\"\" class=\"wp-image-4166\" srcset=\"https:\/\/focotocantinense.com.br\/wp-content\/uploads\/2023\/03\/AAA-15.jpg 800w, https:\/\/focotocantinense.com.br\/wp-content\/uploads\/2023\/03\/AAA-15-300x150.jpg 300w, https:\/\/focotocantinense.com.br\/wp-content\/uploads\/2023\/03\/AAA-15-768x384.jpg 768w, https:\/\/focotocantinense.com.br\/wp-content\/uploads\/2023\/03\/AAA-15-660x330.jpg 660w\" sizes=\"auto, (max-width: 800px) 100vw, 800px\" \/><\/figure>\n\n\n\n<p><strong>Homenagens<\/strong><\/p>\n\n\n\n<p>A deputada Janad Valcari (PL) \u2013 ao comentar sobre sua homenageada, a empres\u00e1ria Vanilda Rodrigues \u2013 lembrou que ela trabalhou com empresas de \u00f4nibus de turismo, passou em concursos p\u00fablicos e seguiu carreia com uma ag\u00eancia de viagens, e que diante de tantas vit\u00f3rias e lutas por igualde, Vanilda inspira muitas mulheres no Estado.<\/p>\n\n\n\n<p>A parlamentar Cl\u00e1udia Lelis (PV), al\u00e9m de comentar qualidades de suas homenageadas, fez relatos dos seus projetos apresentados e aprovados na Assembleia em benef\u00edcio das mulheres.<\/p>\n\n\n\n<p>Vanda Monteiro (UB) disse que a cerim\u00f4nia, al\u00e9m de homenagem, serviu tamb\u00e9m para falar e defender direitos das mulheres. Mencionou medidas de sua autoria que j\u00e1 beneficiam as mulheres no Estado, como folga anual para exames do c\u00e2ncer do colo do \u00fatero e c\u00e2ncer de mama, a Secretaria da Mulher no Estado e a delegacia da Mulher da Regi\u00e3o sul de Palmas.<\/p>\n\n\n\n<p>J\u00fanior Geo (PSC) garantiu que diante dos preconceitos sofridos pelas mulheres, mesmo assim vencendo-os, disse que se fossem com os homens muitos desistiriam dos seus objetivos.<\/p>\n\n\n\n<p>J\u00e1 a secret\u00e1ria estadual dos Povos Origin\u00e1rios e tradicionais, Narubia Werreria afirmou que s\u00f3 as mulheres ind\u00edgenas sabem o que \u00e9 ser consideradas estrangeiras em sua pr\u00f3pria terra. Ao lembrar da destrui\u00e7\u00e3o da natureza e comparando o planeta como se fosse uma mulher, afirmou ser a terra que mais clama por preserva\u00e7\u00e3o de direitos. E que quem mais sofre com a degrada\u00e7\u00e3o da natureza s\u00e3o as mulheres ind\u00edgenas e quilombolas.<\/p>\n\n\n\n<p>Ela chegou a apresentar ind\u00edgenas da etinia xerente, de Tocant\u00ednia, que comp\u00f5em a primeira Brigada de Inc\u00eandio volunt\u00e1ria no Brasil.<\/p>\n\n\n\n<p><strong>Presentes<\/strong><\/p>\n\n\n\n<p>Entre os presentes estavam ainda os deputados Marcos Marcelo (PL), Vilmar de Oliveira (SD); Luciano de Oliveira (PSD); Wiston Gomes (PSD); Eduardo Fortes (PSD); Eduardo Mantoan (PSDB); Gip\u00e3o (PL); J\u00fanior Geo (PSC); Gutierres Torquato (PDT); Cleiton Cardoso (Republicanos); a prefeita de Palmas, C\u00edntia Ribeiro (PSDB); a Defensora P\u00fablica Geral, Estellamaris Postal; a esposa do presidente da Assembleia Legislativa, Genecy Almeida, entre outras autoridades.<\/p>\n\n\n\n<p><strong>Homenageadas<\/strong><\/p>\n\n\n\n<p>A homenageada Raimunda Nonata se disse feliz por entender que ali estava representando as quebradeiras de coco e trabalhadoras rurais. Criticou os altos \u00edndices de feminic\u00eddio, e terminou com uma m\u00fasica, a qual no refr\u00e3o dizia: \u201ceu sou mulher trabalhadeira, tamb\u00e9m sou brasileira e fa\u00e7o parte da na\u00e7\u00e3o\u201d.<\/p>\n\n\n\n<p>Vanilda Rodrigues contou que chegou em Palmas com duas malas da Natura, trabalhou na Educa\u00e7\u00e3o e com empresa de \u00f4nibus de turismo, mas acabou montando uma ag\u00eancia de viagens, o que lhe consolidou como empres\u00e1ria na capital.<\/p>\n\n\n\n<p>Para a desembargadora Itelvina, as mulheres precisam se unir para defender mais suas causas. \u201cCom amor e uni\u00e3o vamos construir um Tocantins cada vez melhor\u201d, destacou.<\/p>\n\n\n\n<p>Presidente do Tribunal de Justi\u00e7a do Estado do Tocantins, Desembargadora Etelvina Maria Sampaio Felipe;<\/p>\n\n\n\n<p>Senadora da Rep\u00fablica, Maria Auxiliadora Seabra de Oliveira;<\/p>\n\n\n\n<p>Capit\u00e3 da Pol\u00edcia Militar, Fl\u00e1via Roberta Pereira de Oliveira<\/p>\n\n\n\n<p>Artes\u00e3 e Trabalhadora Rural, Raimunda Nonata Nunes Rodrigues;<\/p>\n\n\n\n<p>Empres\u00e1ria Vanilda Rodrigues Leite Pacine.<\/p>\n\n\n\n<p>Guilhermina Ribeiro<\/p>\n\n\n\n<p>Guilhermina Ribeiro da Silva, a Dona Mi\u00fada (1928-2010), foi uma personalidade \u00edmpar na comunidade do Mumbuca, povoado de Mateiros, no Jalap\u00e3o. Uma das matriarcas do povoado, precursora da arte de trabalhar com o capim dourado, Dona Mi\u00fada herdou este talento da sua m\u00e3e, que por sua vez havia aprendido com a av\u00f3.<\/p>\n\n\n\n<p>O Diploma Guilhermina Ribeiro foi institu\u00eddo pela Assembleia Legislativa, mediante aprova\u00e7\u00e3o da Resolu\u00e7\u00e3o n\u00ba 301, de 20 de dezembro de 2011.<\/p>\n\n\n<div class=\"wp-block-image\">\n<figure class=\"aligncenter\"><a href=\"https:\/\/www.instagram.com\/mutucacast\/\" target=\"_blank\" rel=\"noreferrer noopener\"><img decoding=\"async\" src=\"https:\/\/www.n1to.com.br\/img\/cache\/380x280\/80\/crop\/Imagem-e7214b7e48a41e43e545ec7063ee81e8.jpeg\" alt=\"\" title=\"MUTUCA CAST\"\/><\/a><\/figure>\n<\/div>\n\n<div class=\"wp-block-image\">\n<figure class=\"aligncenter\"><a href=\"https:\/\/www.instagram.com\/viniciusmartinsto\/\" target=\"_blank\" rel=\"noreferrer noopener\"><img decoding=\"async\" src=\"https:\/\/www.n1to.com.br\/img\/cache\/720x105\/80\/crop\/Imagem-eef442e8e75cae0362296529067458d6.png\" alt=\"\" title=\"Vin\u00edcius Martins - Consultor de Pol\u00edticas P\u00fablicas\"\/><\/a><\/figure>\n<\/div>","protected":false},"excerpt":{"rendered":"<p>O Poder Legislativo do Estado do Tocantins se reuniu em sess\u00e3o solene na manh\u00e3 desta quinta-feira, 9, em comemora\u00e7\u00e3o ao Dia Internacional da Mulher, ocorrido na quarta-feira, 8. A mesma solenidade acontece todos os anos tendo como principal atra\u00e7\u00e3o a condecora\u00e7\u00e3o de mulheres que realizaram feitos relevantes no Estado e melhorias para as mulheres no &hellip;<\/p>\n","protected":false},"author":5,"featured_media":4166,"comment_status":"open","ping_status":"open","sticky":false,"template":"","format":"standard","meta":{"footnotes":""},"categories":[40,1],"tags":[],"class_list":["post-4164","post","type-post","status-publish","format-standard","has-post-thumbnail","","category-politica","category-sem-categoria"],"_links":{"self":[{"href":"https:\/\/focotocantinense.com.br\/index.php?rest_route=\/wp\/v2\/posts\/4164","targetHints":{"allow":["GET"]}}],"collection":[{"href":"https:\/\/focotocantinense.com.br\/index.php?rest_route=\/wp\/v2\/posts"}],"about":[{"href":"https:\/\/focotocantinense.com.br\/index.php?rest_route=\/wp\/v2\/types\/post"}],"author":[{"embeddable":true,"href":"https:\/\/focotocantinense.com.br\/index.php?rest_route=\/wp\/v2\/users\/5"}],"replies":[{"embeddable":true,"href":"https:\/\/focotocantinense.com.br\/index.php?rest_route=%2Fwp%2Fv2%2Fcomments&post=4164"}],"version-history":[{"count":2,"href":"https:\/\/focotocantinense.com.br\/index.php?rest_route=\/wp\/v2\/posts\/4164\/revisions"}],"predecessor-version":[{"id":4168,"href":"https:\/\/focotocantinense.com.br\/index.php?rest_route=\/wp\/v2\/posts\/4164\/revisions\/4168"}],"wp:featuredmedia":[{"embeddable":true,"href":"https:\/\/focotocantinense.com.br\/index.php?rest_route=\/wp\/v2\/media\/4166"}],"wp:attachment":[{"href":"https:\/\/focotocantinense.com.br\/index.php?rest_route=%2Fwp%2Fv2%2Fmedia&parent=4164"}],"wp:term":[{"taxonomy":"category","embeddable":true,"href":"https:\/\/focotocantinense.com.br\/index.php?rest_route=%2Fwp%2Fv2%2Fcategories&post=4164"},{"taxonomy":"post_tag","embeddable":true,"href":"https:\/\/focotocantinense.com.br\/index.php?rest_route=%2Fwp%2Fv2%2Ftags&post=4164"}],"curies":[{"name":"wp","href":"https:\/\/api.w.org\/{rel}","templated":true}]}}