{"id":4161,"date":"2023-03-09T20:15:19","date_gmt":"2023-03-09T23:15:19","guid":{"rendered":"https:\/\/focotocantinense.com.br\/?p=4161"},"modified":"2023-03-09T20:16:02","modified_gmt":"2023-03-09T23:16:02","slug":"universidade-da-maturidade-de-gurupi-promove-aula-de-boas-vindas","status":"publish","type":"post","link":"https:\/\/focotocantinense.com.br\/?p=4161","title":{"rendered":"Universidade da Maturidade de Gurupi promove aula de Boas-vindas"},"content":{"rendered":"\n<p>Na tarde de ontem, 08, os novos alunos da Universidade da Maturidade de Gurupi (UMG) participaram da Aula de Boas-vindas, dando in\u00edcio a mais um semestre de atividades. O evento, com o tema \u201cBaile de Carnaval\u201d, foi realizado no Proafe, localizado no Centro Administrativo da UnirG. A UMG \u00e9 um projeto da Universidade de Gurupi \u2013 UnirG.<\/p>\n\n\n\n<p>Estiveram presentes a Secret\u00e1ria de Cultura de Gurupi, Amanda Costa, que representou a Prefeita de Gurupi, Josi Nunes; a Pr\u00f3-reitora de Extens\u00e3o, Cultura e Assist\u00eancia Estudantil da UnirG, Ma. Mireia Aparecida Bezerra, e o Diretor Administrativo e Financeiro da Funda\u00e7\u00e3o UnirG, Oximano Jorge, que representou o Presidente da Funda\u00e7\u00e3o UnirG, Thiago Miranda. Professores da UMG e a gestora da Casa de Cultura, Elis\u00e2ngela Duarte, tamb\u00e9m estiveram presentes.<\/p>\n\n\n\n<p>\u201cEstamos muito felizes com o retorno das atividades e com a grande ades\u00e3o de idosos ao projeto, tendo em vista a diversidade de atividades, palestras, oficinas e passeios que est\u00e3o programados e ser\u00e3o ofertados ao longo do semestre\u201d, disse a coordenadora da UMG, professora Ceila Milhomem.<\/p>\n\n\n\n<p>Ainda segundo a coordenadora, pessoas com mais de 55 anos, interessadas em participar podem comparecer ao Proafe \u00e0s ter\u00e7as e quartas-feiras, a partir de 14h para realizar a inscri\u00e7\u00e3o. Esse semestre, ser\u00e3o oferecidas aulas de Geriatria, Dan\u00e7a, Fisioterapia na terceira idade, al\u00e9m de Lazer e ludicidade.<\/p>\n\n\n\n<p>O evento foi encerrado com um coquetel e o baile de carnaval.<\/p>\n\n\n\n<figure class=\"wp-block-image\"><img decoding=\"async\" src=\"http:\/\/n1to.com.br\/img\/uploads\/BBB.jpeg\" alt=\"\"\/><\/figure>\n\n\n\n<figure class=\"wp-block-image\"><img decoding=\"async\" src=\"http:\/\/n1to.com.br\/img\/uploads\/CCC.jpeg\" alt=\"\"\/><\/figure>\n\n\n\n<figure class=\"wp-block-image\"><a href=\"https:\/\/www.instagram.com\/viniciusmartinsto\/\" target=\"_blank\" rel=\"noreferrer noopener\"><img decoding=\"async\" src=\"https:\/\/www.n1to.com.br\/img\/cache\/720x105\/80\/crop\/Imagem-eef442e8e75cae0362296529067458d6.png\" alt=\"\" title=\"Vin\u00edcius Martins - Consultor de Pol\u00edticas P\u00fablicas\"\/><\/a><\/figure>\n\n\n\n<figure class=\"wp-block-image is-resized\"><a href=\"https:\/\/www.instagram.com\/mutucacast\/\" target=\"_blank\" rel=\"noreferrer noopener\"><img loading=\"lazy\" decoding=\"async\" src=\"https:\/\/www.n1to.com.br\/img\/cache\/380x280\/80\/crop\/Imagem-e7214b7e48a41e43e545ec7063ee81e8.jpeg\" alt=\"\" width=\"728\" height=\"536\" title=\"MUTUCA CAST\"\/><\/a><\/figure>\n","protected":false},"excerpt":{"rendered":"<p>Na tarde de ontem, 08, os novos alunos da Universidade da Maturidade de Gurupi (UMG) participaram da Aula de Boas-vindas, dando in\u00edcio a mais um semestre de atividades. O evento, com o tema \u201cBaile de Carnaval\u201d, foi realizado no Proafe, localizado no Centro Administrativo da UnirG. A UMG \u00e9 um projeto da Universidade de Gurupi &hellip;<\/p>\n","protected":false},"author":5,"featured_media":4163,"comment_status":"open","ping_status":"open","sticky":false,"template":"","format":"standard","meta":{"footnotes":""},"categories":[38],"tags":[],"class_list":["post-4161","post","type-post","status-publish","format-standard","has-post-thumbnail","","category-gurupi"],"_links":{"self":[{"href":"https:\/\/focotocantinense.com.br\/index.php?rest_route=\/wp\/v2\/posts\/4161","targetHints":{"allow":["GET"]}}],"collection":[{"href":"https:\/\/focotocantinense.com.br\/index.php?rest_route=\/wp\/v2\/posts"}],"about":[{"href":"https:\/\/focotocantinense.com.br\/index.php?rest_route=\/wp\/v2\/types\/post"}],"author":[{"embeddable":true,"href":"https:\/\/focotocantinense.com.br\/index.php?rest_route=\/wp\/v2\/users\/5"}],"replies":[{"embeddable":true,"href":"https:\/\/focotocantinense.com.br\/index.php?rest_route=%2Fwp%2Fv2%2Fcomments&post=4161"}],"version-history":[{"count":1,"href":"https:\/\/focotocantinense.com.br\/index.php?rest_route=\/wp\/v2\/posts\/4161\/revisions"}],"predecessor-version":[{"id":4162,"href":"https:\/\/focotocantinense.com.br\/index.php?rest_route=\/wp\/v2\/posts\/4161\/revisions\/4162"}],"wp:featuredmedia":[{"embeddable":true,"href":"https:\/\/focotocantinense.com.br\/index.php?rest_route=\/wp\/v2\/media\/4163"}],"wp:attachment":[{"href":"https:\/\/focotocantinense.com.br\/index.php?rest_route=%2Fwp%2Fv2%2Fmedia&parent=4161"}],"wp:term":[{"taxonomy":"category","embeddable":true,"href":"https:\/\/focotocantinense.com.br\/index.php?rest_route=%2Fwp%2Fv2%2Fcategories&post=4161"},{"taxonomy":"post_tag","embeddable":true,"href":"https:\/\/focotocantinense.com.br\/index.php?rest_route=%2Fwp%2Fv2%2Ftags&post=4161"}],"curies":[{"name":"wp","href":"https:\/\/api.w.org\/{rel}","templated":true}]}}