{"id":4155,"date":"2023-03-09T15:26:03","date_gmt":"2023-03-09T18:26:03","guid":{"rendered":"https:\/\/focotocantinense.com.br\/?p=4155"},"modified":"2023-03-09T15:28:23","modified_gmt":"2023-03-09T18:28:23","slug":"prefeitura-de-gurupi-antecipa-publico-alvo-da-vacina-bivalente-contra-covid-19","status":"publish","type":"post","link":"https:\/\/focotocantinense.com.br\/?p=4155","title":{"rendered":"<strong>Prefeitura de Gurupi antecipa p\u00fablico alvo da vacina Bivalente contra Covid-19<\/strong>"},"content":{"rendered":"\n<p><\/p>\n\n\n\n<p>Quando o assunto \u00e9 vacina\u00e7\u00e3o, Gurupi foi um munic\u00edpio que saiu \u00e0 frente de muitos. Iniciou a campanha da vacina Bivalente j\u00e1 imunizando o p\u00fablico de 60 anos ou mais. J\u00e1 nesta semana a Prefeitura de Gurupi, por meio da Secretaria Municipal de Sa\u00fade (Semus) vai tamb\u00e9m antecipar todo o p\u00fablico alvo da campanha.<\/p>\n\n\n\n<p>A partir de hoje, 09, pessoas imunocomprometidas e com defici\u00eancia permanente (a partir de 12 anos); popula\u00e7\u00e3o privada de liberdade (a partir de 18 anos); adolescentes cumprindo medidas socioeducativas (menores de 18 anos) e funcion\u00e1rios do sistema de priva\u00e7\u00e3o de liberdade tamb\u00e9m receber\u00e3o as doses da bivalente.<\/p>\n\n\n\n<p>\u00c9 importante lembrar que a vacina\u00e7\u00e3o dos grupos priorit\u00e1rios ainda segue normalmente. S\u00e3o eles: pessoas de 60 anos ou mais; pessoas vivendo em institui\u00e7\u00f5es de longa perman\u00eancia (ILP) a partir de 12 anos e seus trabalhadores; trabalhadores da sa\u00fade; gestantes e pu\u00e9rperas (a partir de 12 anos).<\/p>\n\n\n\n<p>\u201cEstamos com muitas doses dispon\u00edveis, mas a procura ainda \u00e9 baixa. Precisamos que a popula\u00e7\u00e3o seja vacinada para mantermos a maior quantidade de pessoas imunizadas contra a doen\u00e7a\u201d, explicou Halex Cavalcante Coutinho, coordenador de vigil\u00e2ncia epidemiol\u00f3gica da Semus.<\/p>\n\n\n\n<p>\u201cQuero fazer esta convoca\u00e7\u00e3o, que todo nosso p\u00fablico alvo compare\u00e7a nas nossas Unidades B\u00e1sicas de Sa\u00fade (UBSs) que est\u00e3o vacinando, para realizar a imuniza\u00e7\u00e3o! Ela \u00e9 muito importante! S\u00f3 com nossa popula\u00e7\u00e3o devidamente imunizada poderemos continuar realizando estes grandes eventos para nossa comunidade. Vamos vacinar contra Covid-19 e manter Gurupi segura\u201d, refor\u00e7ou a prefeita Josi Nunes.<\/p>\n\n\n\n<p>Para receber a bivalente, aqueles que estiverem no grupo priorit\u00e1rio j\u00e1 devem ter recebido&nbsp;&nbsp;duas doses da vacina monovalente. Al\u00e9m disso, o refor\u00e7o poder\u00e1 ser aplicado somente naqueles que receberem a \u00faltima dose h\u00e1 mais de 4 meses.&nbsp; A pessoa tamb\u00e9m precisa levar os documentos de identidade, cart\u00e3o de vacina e cart\u00e3o SUS.<\/p>\n\n\n\n<p><strong>Vacina\u00e7\u00e3o Casa do Idoso de Gurupi<\/strong><\/p>\n\n\n\n<p>Na manh\u00e3 desta quinta-feira, 09, quem tamb\u00e9m recebeu as doses da bivalente foram os 20 moradores da Casa do Idoso de Gurupi.&nbsp; As enfermeiras da Semus se uniram \u00e0 psic\u00f3loga que trabalha na casa, para realizar a imuniza\u00e7\u00e3o. Todos foram muito receptivos e est\u00e3o sempre com o cart\u00e3o de vacinas atualizado.<\/p>\n\n\n\n<p>\u201cA gente realizou esta a\u00e7\u00e3o justamente para prevenir eles dos sintomas mais graves da Covid-19, caso algum venha a pegar. Mas todos j\u00e1 estavam com os cart\u00f5es de vacinas atualizados. Como os idosos s\u00e3o um p\u00fablico mais fr\u00e1gil, n\u00f3s sempre priorizamos para que eles estejam com o cart\u00e3o de todas as vacinas atualizado. \u00c9 uma a\u00e7\u00e3o que realizamos anualmente. \u201c<\/p>\n\n\n\n<p>\u201cSempre damos este apoio \u00e0 Casa do Idoso de Gurupi. A sa\u00fade dos nossos idosos e das comunidades mais vulner\u00e1veis \u00e9 prioridade para n\u00f3s. Basta sermos solicitados que prontamente realizamos os servi\u00e7os. \u00c9 gratificante ver o cuidado e carinho das enfermeiras com este p\u00fablico\u201d, disse o secret\u00e1rio municipal de sa\u00fade, Sinvaldo Moraes.<\/p>\n\n\n\n<figure class=\"wp-block-image size-full\"><img loading=\"lazy\" decoding=\"async\" width=\"904\" height=\"494\" src=\"https:\/\/focotocantinense.com.br\/wp-content\/uploads\/2023\/03\/AAA-13.jpg\" alt=\"\" class=\"wp-image-4159\" srcset=\"https:\/\/focotocantinense.com.br\/wp-content\/uploads\/2023\/03\/AAA-13.jpg 904w, https:\/\/focotocantinense.com.br\/wp-content\/uploads\/2023\/03\/AAA-13-300x164.jpg 300w, https:\/\/focotocantinense.com.br\/wp-content\/uploads\/2023\/03\/AAA-13-768x420.jpg 768w\" sizes=\"auto, (max-width: 904px) 100vw, 904px\" \/><\/figure>\n\n\n\n<p><strong>PONTOS DE VACINA\u00c7\u00c3O:<\/strong><\/p>\n\n\n\n<p><strong>UBS Parque das Ac\u00e1cias<\/strong><\/p>\n\n\n\n<p>Vacinas de rotina, Covid-19 adulto e infantil<\/p>\n\n\n\n<p>Hor\u00e1rio: 07h \u00e0s 11h<\/p>\n\n\n\n<p>13h \u00e0s 17h<\/p>\n\n\n\n<p><strong>UBS Jardim do Buritis<\/strong><\/p>\n\n\n\n<p>Vacinas de rotina, Covid-19 adulto e infantil<\/p>\n\n\n\n<p>Hor\u00e1rio: 07h \u00e0s 11h<\/p>\n\n\n\n<p>13h \u00e0s 17h<\/p>\n\n\n\n<p>UBS Pedroso<\/p>\n\n\n\n<p>Vacinas de rotina, Antirr\u00e1bica, Covid-19 adulto e infantil<\/p>\n\n\n\n<p>Hor\u00e1rio: 07h \u00e0s 11h<\/p>\n\n\n\n<p>13h \u00e0s 17h<\/p>\n\n\n\n<p><strong>UBS Sol Nascente<\/strong><\/p>\n\n\n\n<p>Vacinas de rotina, Covid-19 adulto e infantil<\/p>\n\n\n\n<p>Hor\u00e1rio: 07h \u00e0s 11h<\/p>\n\n\n\n<p>13h \u00e0s 17h<\/p>\n\n\n\n<p><strong>UBS Jo\u00e3o Manoel<\/strong><\/p>\n\n\n\n<p>Vacinas de rotina, Covid-19 adulto e infantil<\/p>\n\n\n\n<p>Hor\u00e1rio: 07h \u00e0s 11h<\/p>\n\n\n\n<p>13h \u00e0s 17h<\/p>\n\n\n\n<p><strong>UBS Vila Nova<\/strong><\/p>\n\n\n\n<p>Vacinas de rotina, Covid-19 adulto e infantil<\/p>\n\n\n\n<p>Hor\u00e1rio: 07h \u00e0s 11h<\/p>\n\n\n\n<p>13h \u00e0s 17h<\/p>\n\n\n\n<p><strong>UBS Nova Fronteira<\/strong><\/p>\n\n\n\n<p>Vacinas de rotina, Covid-19 adulto e infantil<\/p>\n\n\n\n<p>Hor\u00e1rio: 07h \u00e0s 11h<\/p>\n\n\n\n<figure class=\"wp-block-image size-full\"><img loading=\"lazy\" decoding=\"async\" width=\"807\" height=\"455\" src=\"https:\/\/focotocantinense.com.br\/wp-content\/uploads\/2023\/03\/BBB-3.jpg\" alt=\"\" class=\"wp-image-4156\" srcset=\"https:\/\/focotocantinense.com.br\/wp-content\/uploads\/2023\/03\/BBB-3.jpg 807w, https:\/\/focotocantinense.com.br\/wp-content\/uploads\/2023\/03\/BBB-3-300x169.jpg 300w, https:\/\/focotocantinense.com.br\/wp-content\/uploads\/2023\/03\/BBB-3-768x433.jpg 768w\" sizes=\"auto, (max-width: 807px) 100vw, 807px\" \/><\/figure>\n\n\n\n<figure class=\"wp-block-image size-full\"><img loading=\"lazy\" decoding=\"async\" width=\"1011\" height=\"263\" src=\"https:\/\/focotocantinense.com.br\/wp-content\/uploads\/2023\/03\/VINI-2.jpg\" alt=\"\" class=\"wp-image-4157\" srcset=\"https:\/\/focotocantinense.com.br\/wp-content\/uploads\/2023\/03\/VINI-2.jpg 1011w, https:\/\/focotocantinense.com.br\/wp-content\/uploads\/2023\/03\/VINI-2-300x78.jpg 300w, https:\/\/focotocantinense.com.br\/wp-content\/uploads\/2023\/03\/VINI-2-768x200.jpg 768w\" sizes=\"auto, (max-width: 1011px) 100vw, 1011px\" \/><\/figure>\n","protected":false},"excerpt":{"rendered":"<p>Quando o assunto \u00e9 vacina\u00e7\u00e3o, Gurupi foi um munic\u00edpio que saiu \u00e0 frente de muitos. Iniciou a campanha da vacina Bivalente j\u00e1 imunizando o p\u00fablico de 60 anos ou mais. J\u00e1 nesta semana a Prefeitura de Gurupi, por meio da Secretaria Municipal de Sa\u00fade (Semus) vai tamb\u00e9m antecipar todo o p\u00fablico alvo da campanha. A &hellip;<\/p>\n","protected":false},"author":5,"featured_media":4159,"comment_status":"open","ping_status":"open","sticky":false,"template":"","format":"standard","meta":{"footnotes":""},"categories":[38],"tags":[],"class_list":["post-4155","post","type-post","status-publish","format-standard","has-post-thumbnail","","category-gurupi"],"_links":{"self":[{"href":"https:\/\/focotocantinense.com.br\/index.php?rest_route=\/wp\/v2\/posts\/4155","targetHints":{"allow":["GET"]}}],"collection":[{"href":"https:\/\/focotocantinense.com.br\/index.php?rest_route=\/wp\/v2\/posts"}],"about":[{"href":"https:\/\/focotocantinense.com.br\/index.php?rest_route=\/wp\/v2\/types\/post"}],"author":[{"embeddable":true,"href":"https:\/\/focotocantinense.com.br\/index.php?rest_route=\/wp\/v2\/users\/5"}],"replies":[{"embeddable":true,"href":"https:\/\/focotocantinense.com.br\/index.php?rest_route=%2Fwp%2Fv2%2Fcomments&post=4155"}],"version-history":[{"count":2,"href":"https:\/\/focotocantinense.com.br\/index.php?rest_route=\/wp\/v2\/posts\/4155\/revisions"}],"predecessor-version":[{"id":4160,"href":"https:\/\/focotocantinense.com.br\/index.php?rest_route=\/wp\/v2\/posts\/4155\/revisions\/4160"}],"wp:featuredmedia":[{"embeddable":true,"href":"https:\/\/focotocantinense.com.br\/index.php?rest_route=\/wp\/v2\/media\/4159"}],"wp:attachment":[{"href":"https:\/\/focotocantinense.com.br\/index.php?rest_route=%2Fwp%2Fv2%2Fmedia&parent=4155"}],"wp:term":[{"taxonomy":"category","embeddable":true,"href":"https:\/\/focotocantinense.com.br\/index.php?rest_route=%2Fwp%2Fv2%2Fcategories&post=4155"},{"taxonomy":"post_tag","embeddable":true,"href":"https:\/\/focotocantinense.com.br\/index.php?rest_route=%2Fwp%2Fv2%2Ftags&post=4155"}],"curies":[{"name":"wp","href":"https:\/\/api.w.org\/{rel}","templated":true}]}}