{"id":4147,"date":"2023-03-09T15:13:27","date_gmt":"2023-03-09T18:13:27","guid":{"rendered":"https:\/\/focotocantinense.com.br\/?p=4147"},"modified":"2023-03-09T15:18:29","modified_gmt":"2023-03-09T18:18:29","slug":"hospital-dom-orione-celebra-do-dia-da-mulher","status":"publish","type":"post","link":"https:\/\/focotocantinense.com.br\/?p=4147","title":{"rendered":"Hospital Dom Orione celebra do Dia da Mulher"},"content":{"rendered":"\n<p><strong>Por Rodrigo Martins<\/strong><\/p>\n\n\n\n<p>No dia 08 de mar\u00e7o \u00e9 comemorado o&nbsp;<em>Dia Internacional da Mulher<\/em>&nbsp;em reconhecimento \u00e0 import\u00e2ncia do papel feminino na sociedade. Para celebrar a data, o&nbsp;Hospital Dom Orione&nbsp;reuniu suas colaboradoras para um momento especial, com palestras, troca de experi\u00eancias, m\u00fasica ao vivo e sorteio de brindes. O evento teve como tema:&nbsp;<em>\u201cMulheres Protagonistas \u2013 Avan\u00e7os e Desafios\u201d<\/em>.<\/p>\n\n\n\n<p>Padre Bruno Rodrigues, diretor presidente do Hospital Dom Orione explica que a casa de sa\u00fade, que nasceu maternidade, \u201c\u00e9 feminina na sua ess\u00eancia\u201d. A institui\u00e7\u00e3o conta com 1.278 colaboradores diretos. Destes 963 (75%) s\u00e3o mulheres. Os cargos de chefia tamb\u00e9m o p\u00fablico feminino na sua maioria. Dos 65 cargos de lideran\u00e7a, 27 (58%) s\u00e3o ocupados por mulheres. Percentual bem acima da m\u00e9dia nacional, que \u00e9 de 38%.<\/p>\n\n\n\n<p>\u201cComo diretor presidente desta casa, me dirijo a voc\u00eas mulheres e digo o quanto voc\u00eas s\u00e3o importantes para a miss\u00e3o do nosso Hospital Dom Orione. Um agradecimento a todas que fazem desta casa uma casa acolhedora, uma casa amorosa, uma casa com um cora\u00e7\u00e3o materno, sempre pronto para acolher mais um que bate em nossas portas. Deus aben\u00e7oe as mulheres, aquelas que comp\u00f5em e vivem a miss\u00e3o do Hospital Dom Orione\u201d, declarou Padre Bruno.<\/p>\n\n\n\n<figure class=\"wp-block-image size-full is-resized is-style-default\"><img loading=\"lazy\" decoding=\"async\" src=\"https:\/\/focotocantinense.com.br\/wp-content\/uploads\/2023\/03\/AAA-12.jpg\" alt=\"\" class=\"wp-image-4149\" width=\"382\" height=\"157\" srcset=\"https:\/\/focotocantinense.com.br\/wp-content\/uploads\/2023\/03\/AAA-12.jpg 1010w, https:\/\/focotocantinense.com.br\/wp-content\/uploads\/2023\/03\/AAA-12-300x123.jpg 300w, https:\/\/focotocantinense.com.br\/wp-content\/uploads\/2023\/03\/AAA-12-768x316.jpg 768w\" sizes=\"auto, (max-width: 382px) 100vw, 382px\" \/><\/figure>\n\n\n\n<p>A coordenadora do setor de Recursos Humanos, Tahwanna Luz destaca que \u00e9 um prazer ser mulher, \u201cexatamente porque percebo que a mulher tem uma resili\u00eancia que \u00e9 divina. O pr\u00f3prio Deus fez a mulher com essa for\u00e7a, com essa determina\u00e7\u00e3o, essa coragem de avan\u00e7ar, de buscar lugar de destaque, n\u00e3o para reconhecimento somente, mas exatamente para que ela se reconhe\u00e7a essa pessoa que vence, que alcan\u00e7a seus objetivos e que n\u00e3o \u00e9 limitada pelas circunst\u00e2ncias\u201d.<\/p>\n\n\n\n<figure class=\"wp-block-image\"><img decoding=\"async\" src=\"http:\/\/n1to.com.br\/img\/uploads\/BBB_45.jpg\" alt=\"\"\/><\/figure>\n\n\n\n<figure class=\"wp-block-image\"><img decoding=\"async\" src=\"http:\/\/n1to.com.br\/img\/uploads\/ccc_28.jpg\" alt=\"\"\/><\/figure>\n\n\n\n<figure class=\"wp-block-image size-full\"><img loading=\"lazy\" decoding=\"async\" width=\"1011\" height=\"263\" src=\"https:\/\/focotocantinense.com.br\/wp-content\/uploads\/2023\/03\/VINI-1.jpg\" alt=\"\" class=\"wp-image-4153\" srcset=\"https:\/\/focotocantinense.com.br\/wp-content\/uploads\/2023\/03\/VINI-1.jpg 1011w, https:\/\/focotocantinense.com.br\/wp-content\/uploads\/2023\/03\/VINI-1-300x78.jpg 300w, https:\/\/focotocantinense.com.br\/wp-content\/uploads\/2023\/03\/VINI-1-768x200.jpg 768w\" sizes=\"auto, (max-width: 1011px) 100vw, 1011px\" \/><\/figure>\n","protected":false},"excerpt":{"rendered":"<p>Por Rodrigo Martins No dia 08 de mar\u00e7o \u00e9 comemorado o&nbsp;Dia Internacional da Mulher&nbsp;em reconhecimento \u00e0 import\u00e2ncia do papel feminino na sociedade. Para celebrar a data, o&nbsp;Hospital Dom Orione&nbsp;reuniu suas colaboradoras para um momento especial, com palestras, troca de experi\u00eancias, m\u00fasica ao vivo e sorteio de brindes. O evento teve como tema:&nbsp;\u201cMulheres Protagonistas \u2013 Avan\u00e7os &hellip;<\/p>\n","protected":false},"author":5,"featured_media":4149,"comment_status":"open","ping_status":"open","sticky":false,"template":"","format":"standard","meta":{"footnotes":""},"categories":[45,97],"tags":[],"class_list":["post-4147","post","type-post","status-publish","format-standard","has-post-thumbnail","","category-araguaina","category-hospital-dom-orione"],"_links":{"self":[{"href":"https:\/\/focotocantinense.com.br\/index.php?rest_route=\/wp\/v2\/posts\/4147","targetHints":{"allow":["GET"]}}],"collection":[{"href":"https:\/\/focotocantinense.com.br\/index.php?rest_route=\/wp\/v2\/posts"}],"about":[{"href":"https:\/\/focotocantinense.com.br\/index.php?rest_route=\/wp\/v2\/types\/post"}],"author":[{"embeddable":true,"href":"https:\/\/focotocantinense.com.br\/index.php?rest_route=\/wp\/v2\/users\/5"}],"replies":[{"embeddable":true,"href":"https:\/\/focotocantinense.com.br\/index.php?rest_route=%2Fwp%2Fv2%2Fcomments&post=4147"}],"version-history":[{"count":3,"href":"https:\/\/focotocantinense.com.br\/index.php?rest_route=\/wp\/v2\/posts\/4147\/revisions"}],"predecessor-version":[{"id":4154,"href":"https:\/\/focotocantinense.com.br\/index.php?rest_route=\/wp\/v2\/posts\/4147\/revisions\/4154"}],"wp:featuredmedia":[{"embeddable":true,"href":"https:\/\/focotocantinense.com.br\/index.php?rest_route=\/wp\/v2\/media\/4149"}],"wp:attachment":[{"href":"https:\/\/focotocantinense.com.br\/index.php?rest_route=%2Fwp%2Fv2%2Fmedia&parent=4147"}],"wp:term":[{"taxonomy":"category","embeddable":true,"href":"https:\/\/focotocantinense.com.br\/index.php?rest_route=%2Fwp%2Fv2%2Fcategories&post=4147"},{"taxonomy":"post_tag","embeddable":true,"href":"https:\/\/focotocantinense.com.br\/index.php?rest_route=%2Fwp%2Fv2%2Ftags&post=4147"}],"curies":[{"name":"wp","href":"https:\/\/api.w.org\/{rel}","templated":true}]}}