{"id":4142,"date":"2023-03-07T20:41:20","date_gmt":"2023-03-07T23:41:20","guid":{"rendered":"https:\/\/focotocantinense.com.br\/?p=4142"},"modified":"2023-03-07T20:42:59","modified_gmt":"2023-03-07T23:42:59","slug":"jogos-dos-servidores-tem-adesao-dos-municipios-de-lajeado-miracema-tocantinia-miranorte-rio-dos-bois-e-dois-irmaos","status":"publish","type":"post","link":"https:\/\/focotocantinense.com.br\/?p=4142","title":{"rendered":"Jogos dos Servidores t\u00eam ades\u00e3o dos munic\u00edpios de Lajeado, Miracema, Tocant\u00ednia, Miranorte, Rio dos Bois e Dois Irm\u00e3os"},"content":{"rendered":"\n<figure class=\"wp-block-image size-full is-resized\"><img loading=\"lazy\" decoding=\"async\" src=\"https:\/\/focotocantinense.com.br\/wp-content\/uploads\/2023\/03\/BBB-2.jpg\" alt=\"\" class=\"wp-image-4145\" width=\"393\" height=\"263\" srcset=\"https:\/\/focotocantinense.com.br\/wp-content\/uploads\/2023\/03\/BBB-2.jpg 667w, https:\/\/focotocantinense.com.br\/wp-content\/uploads\/2023\/03\/BBB-2-300x201.jpg 300w, https:\/\/focotocantinense.com.br\/wp-content\/uploads\/2023\/03\/BBB-2-110x75.jpg 110w\" sizes=\"auto, (max-width: 393px) 100vw, 393px\" \/><\/figure>\n\n\n\n<p>O Governo do Tocantins realizar\u00e1 a partir do m\u00eas&nbsp;de abril, os Jogos dos Servidores, por meio de disputas em nove modalidades: futsal, futebol 7&nbsp;<em>society<\/em>, v\u00f4lei de praia, voleibol, t\u00eanis de mesa, xadrez, nata\u00e7\u00e3o, corrida de rua (5 km) e futev\u00f4lei.&nbsp;Representantes da Secretaria de Estado dos Esportes e Juventude visitaram os munic\u00edpios de Lajeado, Miracema, Miranorte, Tocant\u00ednia, Rio dos Bois e Dois Irm\u00e3os para refor\u00e7ar os convites quanto \u00e0 participa\u00e7\u00e3o no evento.<\/p>\n\n\n\n<p>A secret\u00e1ria Municipal de Esporte de Lajeado, Lenizia Costa, recebeu a equipe da Secretaria de Estado dos Esportes e Juventude e refor\u00e7ou a parceria nos Jogos dos Servidores. \u201cO munic\u00edpio de Lajeado estar\u00e1 presente junto com os servidores participando desse grande evento do Estado do Tocantins\u201d, afirmou a gestora.<\/p>\n\n\n\n<p>A prefeita de Miracema, Camila Fernandes, confirmou a ades\u00e3o do munic\u00edpio nos Jogos, que t\u00eam como objetivo promover integra\u00e7\u00e3o e socializa\u00e7\u00e3o entre profissionais de diferentes \u00e1reas. \u201cEstaremos aqui fazendo todo o empenho em levar os nossos servidores para participarem desse grande evento\u201d, explicou a gestora. Tamb\u00e9m esteve presente na reuni\u00e3o, a secret\u00e1ria Municipal de Juventude, Esporte e Lazer, Tatyhellem Martins.&nbsp;<\/p>\n\n\n\n<p>O presidente da C\u00e2mara Municipal de Tocant\u00ednia, S\u00e9rgio Caldeira, tamb\u00e9m confirmou a participa\u00e7\u00e3o dos servidores nos Jogos. \u201cFoi uma honra receber os representantes da Secretaria de Estado dos Esportes e Juventude. Quero dizer que vamos aderir a esse projeto e participar desse evento que vai reunir todos os servidores. Vamos estar l\u00e1 somando for\u00e7as\u201d, afirmou.<\/p>\n\n\n\n<p>O secret\u00e1rio de Juventude e Esporte do munic\u00edpio de Tocant\u00ednia, Adalton Pereira, tamb\u00e9m confirmou a participa\u00e7\u00e3o dos servidores nas disputas da Regional de Palmas. \u201cGostaria de agradecer e dizer, em nome da prefeitura e do prefeito Manoel Silvino, que Tocant\u00ednia tamb\u00e9m estar\u00e1 participando dos Jogos dos Servidores\u201d.&nbsp;<\/p>\n\n\n\n<p>A prefeitura de Miranorte tamb\u00e9m estar\u00e1 representada nos Jogos dos Servidores.&nbsp; \u201cGostaria de agradecer a visita da equipe e tamb\u00e9m o convite para participarmos dos jogos\u201d, destacou o secret\u00e1rio de Esporte de Miranorte, Ant\u00f4nio Pereira de Abreu. &nbsp;&nbsp;&nbsp;&nbsp;<\/p>\n\n\n\n<p>A Prefeitura de Rio dos Bois tamb\u00e9m est\u00e1 confirmada nos Jogos promovidos pelo Governo do Tocantins. \u201cS\u00f3 tenho a agradecer pelo convite. Com certeza, estaremos presentes nesse grande evento que ser\u00e1 um sucesso\u201d, destacou o coordenador municipal de Esportes, Divanio Cruz. Tamb\u00e9m esteve presente na reuni\u00e3o, o coordenador de Juventude, Magno Fernandes. &nbsp;<\/p>\n\n\n\n<p>O prefeito Municipal de Dois Irm\u00e3os, Geciran Saraiva Silva, tamb\u00e9m confirmou a ades\u00e3o do munic\u00edpio na Regional de Palmas. \u201cEu quero agradecer pelo convite e j\u00e1 iremos organizar para participar e sermos campe\u00f5es\u201d, declarou.<\/p>\n\n\n\n<p>O coordenador de Modalidades dos Jogos dos Servidores, Rafael Fernandes, destacou a import\u00e2ncia da ades\u00e3o dos munic\u00edpios na realiza\u00e7\u00e3o desse evento. \u201cEsse ser\u00e1 o maior movimento j\u00e1 realizado entre servidores com nove modalidades e esses munic\u00edpios tamb\u00e9m estar\u00e3o com a gente nesse evento para fortalecer a parceria entre os servidores do nosso Estado\u201d, declarou.&nbsp;&nbsp;<\/p>\n\n\n\n<p><strong>Inscri\u00e7\u00f5es abertas<\/strong><\/p>\n\n\n\n<p>As inscri\u00e7\u00f5es dever\u00e3o ser confirmadas atrav\u00e9s de preenchimento da ficha pr\u00f3pria da competi\u00e7\u00e3o disponibilizada no site da Secretaria de Estado dos Esportes e Juventude, por meio do link&nbsp;<a href=\"https:\/\/www.to.gov.br\/seju\/jogos-dos-servidores\/41oltxjv5vhh,\">https:\/\/www.to.gov.br\/seju\/jogos-dos-servidores\/41oltxjv5vhh,<\/a>&nbsp;e serem entregues, via e-mail (<a href=\"mailto:inscricoes@seju.to.gov.br\">inscricoes@seju.to.gov.br<\/a>).<\/p>\n\n\n\n<p>As disputas foram divididas nas fases regionais e seguem um cronograma: Regional de Palmas at\u00e9 as 18 horas do dia&nbsp;29 de mar\u00e7o de 2023;&nbsp;Regional de Gurupi at\u00e9 as 18 horas do dia&nbsp;31 de maio&nbsp;de 2023; e Regional de Aragua\u00edna at\u00e9 as 18 horas do dia&nbsp;26 de julho&nbsp;de 2023.<\/p>\n\n\n\n<p>O Comit\u00ea Organizador informa que, fica a crit\u00e9rio de cada \u00f3rg\u00e3o, inscrever a quantidade de equipes e atletas nas modalidades dispon\u00edveis na competi\u00e7\u00e3o. Em munic\u00edpios com at\u00e9 10 mil habitantes, ser\u00e1 permitida a fus\u00e3o de todos os \u00f3rg\u00e3os para composi\u00e7\u00e3o de equipes. Em munic\u00edpios com 10 mil a 250 mil habitantes, ser\u00e1 permitida a fus\u00e3o de at\u00e9 dois \u00f3rg\u00e3os para composi\u00e7\u00e3o de equipes. J\u00e1 para os munic\u00edpios de 250 mil habitantes acima, n\u00e3o ser\u00e1 permitida a fus\u00e3o de \u00f3rg\u00e3os. &nbsp;<\/p>\n\n\n\n<figure class=\"wp-block-image\"><img decoding=\"async\" src=\"https:\/\/central.to.gov.br\/image\/320839?w=753&amp;h=465\" alt=\"\"\/><\/figure>\n\n\n\n<p>O gerente de Unidades Esportivas da Seju, Joelson Oliveira; e o coordenador de Modalidades, Rafael Fernandes, refor\u00e7aram o convite para a participa\u00e7\u00e3o da Prefeitura de Lajeado nos Jogos dos Servidores &#8211;<\/p>\n\n\n\n<figure class=\"wp-block-image\"><a href=\"https:\/\/www.instagram.com\/viniciusmartinsto\/\" target=\"_blank\" rel=\"noreferrer noopener\"><img decoding=\"async\" src=\"https:\/\/www.n1to.com.br\/img\/cache\/720x105\/80\/crop\/Imagem-eef442e8e75cae0362296529067458d6.png\" alt=\"\" title=\"Vin\u00edcius Martins - Consultor de Pol\u00edticas P\u00fablicas\"\/><\/a><\/figure>\n\n\n\n<p><img loading=\"lazy\" decoding=\"async\" src=\"https:\/\/central.to.gov.br\/image\/320840?w=565&amp;h=349\" width=\"775\" height=\"479\"><\/p>\n\n\n\n<p>Secret\u00e1rio de Esporte de Miranorte, Ant\u00f4nio Pereira de Abreu, agradeceu o convite da Secretaria dos Esportes e Juventude e confirmou ades\u00e3o do Munic\u00edpio nos Jogos&nbsp;<\/p>\n\n\n\n<p><img loading=\"lazy\" decoding=\"async\" src=\"https:\/\/central.to.gov.br\/image\/320841?w=565&amp;h=349\" width=\"774\" height=\"478\"><\/p>\n\n\n\n<p>Prefeitura de Miracema confirma a participa\u00e7\u00e3o do munic\u00edpio nos Jogos, que t\u00eam como objetivo promover integra\u00e7\u00e3o e socializa\u00e7\u00e3o entre profissionais de diferentes \u00e1reas&nbsp;<\/p>\n\n\n\n<p><img loading=\"lazy\" decoding=\"async\" src=\"https:\/\/central.to.gov.br\/image\/320842?w=565&amp;h=349\" width=\"801\" height=\"495\"><\/p>\n\n\n\n<p>Prefeitura de Rio dos Bois tamb\u00e9m est\u00e1 confirmada nos Jogos que ter\u00e3o in\u00edcio em abril&nbsp;<\/p>\n\n\n\n<p><img loading=\"lazy\" decoding=\"async\" src=\"https:\/\/central.to.gov.br\/image\/320843?w=565&amp;h=349\" width=\"797\" height=\"492\"><\/p>\n\n\n\n<p>Prefeito Municipal de Dois Irm\u00e3os, Geciran Saraiva Silva, tamb\u00e9m confirmou a ades\u00e3o do munic\u00edpio na Regional de Palmas&nbsp;<\/p>\n\n\n\n<figure class=\"wp-block-image\"><img decoding=\"async\" src=\"https:\/\/www.n1to.com.br\/img\/cache\/720x105\/80\/crop\/Imagem-eef442e8e75cae0362296529067458d6.png\" alt=\"\"\/><\/figure>\n","protected":false},"excerpt":{"rendered":"<p>O Governo do Tocantins realizar\u00e1 a partir do m\u00eas&nbsp;de abril, os Jogos dos Servidores, por meio de disputas em nove modalidades: futsal, futebol 7&nbsp;society, v\u00f4lei de praia, voleibol, t\u00eanis de mesa, xadrez, nata\u00e7\u00e3o, corrida de rua (5 km) e futev\u00f4lei.&nbsp;Representantes da Secretaria de Estado dos Esportes e Juventude visitaram os munic\u00edpios de Lajeado, Miracema, Miranorte, &hellip;<\/p>\n","protected":false},"author":5,"featured_media":4144,"comment_status":"open","ping_status":"open","sticky":false,"template":"","format":"standard","meta":{"footnotes":""},"categories":[4],"tags":[],"class_list":["post-4142","post","type-post","status-publish","format-standard","has-post-thumbnail","","category-sports"],"_links":{"self":[{"href":"https:\/\/focotocantinense.com.br\/index.php?rest_route=\/wp\/v2\/posts\/4142","targetHints":{"allow":["GET"]}}],"collection":[{"href":"https:\/\/focotocantinense.com.br\/index.php?rest_route=\/wp\/v2\/posts"}],"about":[{"href":"https:\/\/focotocantinense.com.br\/index.php?rest_route=\/wp\/v2\/types\/post"}],"author":[{"embeddable":true,"href":"https:\/\/focotocantinense.com.br\/index.php?rest_route=\/wp\/v2\/users\/5"}],"replies":[{"embeddable":true,"href":"https:\/\/focotocantinense.com.br\/index.php?rest_route=%2Fwp%2Fv2%2Fcomments&post=4142"}],"version-history":[{"count":2,"href":"https:\/\/focotocantinense.com.br\/index.php?rest_route=\/wp\/v2\/posts\/4142\/revisions"}],"predecessor-version":[{"id":4146,"href":"https:\/\/focotocantinense.com.br\/index.php?rest_route=\/wp\/v2\/posts\/4142\/revisions\/4146"}],"wp:featuredmedia":[{"embeddable":true,"href":"https:\/\/focotocantinense.com.br\/index.php?rest_route=\/wp\/v2\/media\/4144"}],"wp:attachment":[{"href":"https:\/\/focotocantinense.com.br\/index.php?rest_route=%2Fwp%2Fv2%2Fmedia&parent=4142"}],"wp:term":[{"taxonomy":"category","embeddable":true,"href":"https:\/\/focotocantinense.com.br\/index.php?rest_route=%2Fwp%2Fv2%2Fcategories&post=4142"},{"taxonomy":"post_tag","embeddable":true,"href":"https:\/\/focotocantinense.com.br\/index.php?rest_route=%2Fwp%2Fv2%2Ftags&post=4142"}],"curies":[{"name":"wp","href":"https:\/\/api.w.org\/{rel}","templated":true}]}}