{"id":4138,"date":"2023-03-07T18:47:26","date_gmt":"2023-03-07T21:47:26","guid":{"rendered":"https:\/\/focotocantinense.com.br\/?p=4138"},"modified":"2023-03-07T18:48:02","modified_gmt":"2023-03-07T21:48:02","slug":"instalacao-de-cameras-de-monitoramento-nos-setores-de-lagoa-da-confusao-e-defendida-pelo-vereador-di","status":"publish","type":"post","link":"https:\/\/focotocantinense.com.br\/?p=4138","title":{"rendered":"Instala\u00e7\u00e3o de c\u00e2meras de monitoramento nos setores de Lagoa da Confus\u00e3o \u00e9 defendida pelo vereador\u00a0Di"},"content":{"rendered":"\n<p>A C\u00e2mara Municipal de Lagoa da Confus\u00e3o, aprovou o requerimento de autoria do vereador Luiz Edvaldo Coelho dos Santos&nbsp; &#8211; o popular DI, do PTB, onde pede provid\u00eancias ao prefeito &nbsp;Dr. Thiago Carlos, para que determine a instala\u00e7\u00e3o de c\u00e2meras de monitoramento em v\u00e1rios setores da &nbsp;cidade, como o setor&nbsp; Portal do Cerrado, &nbsp;setor Java\u00e9s e o setor Lagoa da Ilha, dentre outros.<\/p>\n\n\n\n<p>De acordo com o parlamentar,&nbsp; a instala\u00e7\u00e3o dessas c\u00e2meras em pontos estrat\u00e9gicos nesses setores iria colaborar,&nbsp; de forma significativa,&nbsp; para&nbsp; inibir condutas criminosas e danos ao patrim\u00f4nio p\u00fablico e privado, facilitando o trabalho de car\u00e1ter ostensivo da Pol\u00edcia Militar, al\u00e9m de possibilitar \u00e0 Pol\u00edcia Civil identificar de forma eficaz &nbsp;e mais \u00e1gil, os autores de il\u00edcitos.<\/p>\n\n\n\n<p>\u201cSeria uma importante ferramenta para auxiliar, tamb\u00e9m, os t\u00e9cnicos que atuam em per\u00edcia no tr\u00e2nsito no caso de acidentes automobil\u00edsticos.\u00a0 Diversos s\u00e3o os casos que essas filmagens podem contribuir que de forma c\u00e9lere e eficaz para prenderem criminosos ou infratores\u201d, argumentou o vereador.\u00a0<em><strong>(Zacarias Martins)<\/strong><\/em><\/p>\n\n\n\n<figure class=\"wp-block-image size-full is-resized\"><img loading=\"lazy\" decoding=\"async\" src=\"https:\/\/focotocantinense.com.br\/wp-content\/uploads\/2023\/03\/Vereador-Di-autor-da-proposta-Foto-Zacarias-Martins.jpg\" alt=\"\" class=\"wp-image-4139\" width=\"404\" height=\"251\" srcset=\"https:\/\/focotocantinense.com.br\/wp-content\/uploads\/2023\/03\/Vereador-Di-autor-da-proposta-Foto-Zacarias-Martins.jpg 803w, https:\/\/focotocantinense.com.br\/wp-content\/uploads\/2023\/03\/Vereador-Di-autor-da-proposta-Foto-Zacarias-Martins-300x186.jpg 300w, https:\/\/focotocantinense.com.br\/wp-content\/uploads\/2023\/03\/Vereador-Di-autor-da-proposta-Foto-Zacarias-Martins-768x476.jpg 768w\" sizes=\"auto, (max-width: 404px) 100vw, 404px\" \/><\/figure>\n\n\n\n<figure class=\"wp-block-image\"><a href=\"https:\/\/www.instagram.com\/viniciusmartinsto\/\" target=\"_blank\" rel=\"noreferrer noopener\"><img decoding=\"async\" src=\"https:\/\/www.n1to.com.br\/img\/cache\/720x105\/80\/crop\/Imagem-eef442e8e75cae0362296529067458d6.png\" alt=\"\" title=\"Vin\u00edcius Martins - Consultor de Pol\u00edticas P\u00fablicas\"\/><\/a><\/figure>\n","protected":false},"excerpt":{"rendered":"<p>A C\u00e2mara Municipal de Lagoa da Confus\u00e3o, aprovou o requerimento de autoria do vereador Luiz Edvaldo Coelho dos Santos&nbsp; &#8211; o popular DI, do PTB, onde pede provid\u00eancias ao prefeito &nbsp;Dr. Thiago Carlos, para que determine a instala\u00e7\u00e3o de c\u00e2meras de monitoramento em v\u00e1rios setores da &nbsp;cidade, como o setor&nbsp; Portal do Cerrado, &nbsp;setor Java\u00e9s &hellip;<\/p>\n","protected":false},"author":5,"featured_media":4139,"comment_status":"open","ping_status":"open","sticky":false,"template":"","format":"standard","meta":{"footnotes":""},"categories":[71],"tags":[],"class_list":["post-4138","post","type-post","status-publish","format-standard","has-post-thumbnail","","category-lagoa-da-confusao"],"_links":{"self":[{"href":"https:\/\/focotocantinense.com.br\/index.php?rest_route=\/wp\/v2\/posts\/4138","targetHints":{"allow":["GET"]}}],"collection":[{"href":"https:\/\/focotocantinense.com.br\/index.php?rest_route=\/wp\/v2\/posts"}],"about":[{"href":"https:\/\/focotocantinense.com.br\/index.php?rest_route=\/wp\/v2\/types\/post"}],"author":[{"embeddable":true,"href":"https:\/\/focotocantinense.com.br\/index.php?rest_route=\/wp\/v2\/users\/5"}],"replies":[{"embeddable":true,"href":"https:\/\/focotocantinense.com.br\/index.php?rest_route=%2Fwp%2Fv2%2Fcomments&post=4138"}],"version-history":[{"count":2,"href":"https:\/\/focotocantinense.com.br\/index.php?rest_route=\/wp\/v2\/posts\/4138\/revisions"}],"predecessor-version":[{"id":4141,"href":"https:\/\/focotocantinense.com.br\/index.php?rest_route=\/wp\/v2\/posts\/4138\/revisions\/4141"}],"wp:featuredmedia":[{"embeddable":true,"href":"https:\/\/focotocantinense.com.br\/index.php?rest_route=\/wp\/v2\/media\/4139"}],"wp:attachment":[{"href":"https:\/\/focotocantinense.com.br\/index.php?rest_route=%2Fwp%2Fv2%2Fmedia&parent=4138"}],"wp:term":[{"taxonomy":"category","embeddable":true,"href":"https:\/\/focotocantinense.com.br\/index.php?rest_route=%2Fwp%2Fv2%2Fcategories&post=4138"},{"taxonomy":"post_tag","embeddable":true,"href":"https:\/\/focotocantinense.com.br\/index.php?rest_route=%2Fwp%2Fv2%2Ftags&post=4138"}],"curies":[{"name":"wp","href":"https:\/\/api.w.org\/{rel}","templated":true}]}}