{"id":4132,"date":"2023-03-06T21:17:11","date_gmt":"2023-03-07T00:17:11","guid":{"rendered":"https:\/\/focotocantinense.com.br\/?p=4132"},"modified":"2023-03-06T21:18:49","modified_gmt":"2023-03-07T00:18:49","slug":"prefeita-josi-nunes-visita-obras-da-construcao-da-clinica-de-atencao-especializada-de-gurupi-e-tambem-da-reforma-e-ampliacao-da-policlinica","status":"publish","type":"post","link":"https:\/\/focotocantinense.com.br\/?p=4132","title":{"rendered":"Prefeita Josi Nunes visita obras da constru\u00e7\u00e3o da Cl\u00ednica de Aten\u00e7\u00e3o Especializada de Gurupi e tamb\u00e9m da reforma e amplia\u00e7\u00e3o da Policl\u00ednica"},"content":{"rendered":"\n<figure class=\"wp-block-image size-full is-resized\"><img loading=\"lazy\" decoding=\"async\" src=\"https:\/\/focotocantinense.com.br\/wp-content\/uploads\/2023\/03\/AAA-10.jpg\" alt=\"\" class=\"wp-image-4134\" width=\"401\" height=\"225\" srcset=\"https:\/\/focotocantinense.com.br\/wp-content\/uploads\/2023\/03\/AAA-10.jpg 913w, https:\/\/focotocantinense.com.br\/wp-content\/uploads\/2023\/03\/AAA-10-300x168.jpg 300w, https:\/\/focotocantinense.com.br\/wp-content\/uploads\/2023\/03\/AAA-10-768x431.jpg 768w\" sizes=\"auto, (max-width: 401px) 100vw, 401px\" \/><\/figure>\n\n\n\n<p>Mais uma obra na \u00e1rea da sa\u00fade sendo realizada em Gurupi! A prefeita Josi Nunes e o secret\u00e1rio municipal de sa\u00fade Sinvaldo Moraes visitaram as obras de constru\u00e7\u00e3o da Cl\u00ednica de Aten\u00e7\u00e3o Especializada que ser\u00e1 anexada \u00e0 Policl\u00ednica Luiz Santos Filho que tamb\u00e9m receber\u00e1 uma grande reforma. Na comitiva de acompanhamento do andamento das obras, tamb\u00e9m estavam presentes a diretora geral da Policl\u00ednica Arielle Urzedo e o engenheiro da prefeitura Thiago Alves. &nbsp;<\/p>\n\n\n\n<p>A finaliza\u00e7\u00e3o da Cl\u00ednica de Aten\u00e7\u00e3o Especializada trar\u00e1 melhorias significativas nos atendimentos prestados \u00e0 popula\u00e7\u00e3o. Ao todo, a nova obra conta com: mais 4 consult\u00f3rios de especialidades, recep\u00e7\u00e3o para 72 pessoas, posto de enfermagem, sala de observa\u00e7\u00e3o ambulatorial, 2 salas de triagem de pacientes, sala do teste do pezinho, sala de vacina, sala de inala\u00e7\u00e3o coletiva, copa, \u00e1rea administrativa e de diretoria, dep\u00f3sito de equipamentos e materiais hospitalares, vesti\u00e1rios femininos e masculinos para os profissionais, 4 banheiros, 3 banheiros de PNE ou seja com acessibilidade, sala de observa\u00e7\u00e3o ambulatorial, sala de expurgo e sala est\u00e9ril.<\/p>\n\n\n\n<p>\u201cO recurso para esta obra da Cl\u00ednica de Aten\u00e7\u00e3o Especializada foi uma emenda minha, quando era Deputada Federal de 1 milh\u00e3o de reais. Agora para fazer toda conclus\u00e3o, o munic\u00edpio far\u00e1 um aporte de aproximadamente 600 mil reais. Esta \u00e9 mais uma obra das v\u00e1rias que estamos fazendo em Gurupi, para atender bem nossa popula\u00e7\u00e3o. Aqui ficar\u00e3o todos os atendimentos de especialidades, junto com a nossa Policl\u00ednica que tamb\u00e9m ser\u00e1 reformada\u201d, explicou a prefeita Josi Nunes.<\/p>\n\n\n\n<p>\u201cA constru\u00e7\u00e3o desta Cl\u00ednica de Especialidades, anexa \u00e0 Policl\u00ednica, vai aumentar ainda mais a oferta de especialidades que hoje s\u00e3o 14. Ela ir\u00e1&nbsp;possibilitar a maximiza\u00e7\u00e3o do quantitativo de consultas realizadas por especialistas. Al\u00e9m disso, proporcionar\u00e1 mais conforto e acessibilidade \u00e0queles que buscam por atendimento, os servidores que executam suas atividades nesta unidade, poder\u00e3o contar com uma nova estrutura, com comodidade e acessibilidade\u201d, frisou o secret\u00e1rio municipal de sa\u00fade Sinvaldo Moraes.<\/p>\n\n\n\n<p><strong>POLICL\u00cdNICA:<\/strong><\/p>\n\n\n\n<p>A Policl\u00ednica de Gurupi atende uma m\u00e9dia de 100 pacientes por dia de v\u00e1rios munic\u00edpios da regi\u00e3o sul do estado e conta com diversos profissionais especializados para atendimento \u00e0 comunidade, tais como: Psiquiatria, Nefrologia, Psicologia, Nutri\u00e7\u00e3o, entre outras especialidades. Al\u00e9m de acoplar junta a sua estrutura o SAE \u2013 Servi\u00e7o de Assist\u00eancia Especializada (para pacientes portadores de HIV) e o N\u00facleo de atendimento \u00e0 Hansen\u00edase e Tuberculose.<\/p>\n\n\n\n<p>\u201cA Policl\u00ednica ser\u00e1 toda reformada e ampliada, com recursos do deputado Eli Borges. Tudo isso para melhorar as condi\u00e7\u00f5es de sa\u00fade do povo de Gurupi. Eu, Josi Nunes tive meus dois filhos aqui neste hospital e eles j\u00e1 est\u00e3o com 30 e 32 anos de idade. A estrutura continua a mesma da \u00e9poca que eu tive eles! \u00c1leas, n\u00e3o \u00e9 a mesma porque foi deteriorada ao longo do tempo e&nbsp;as condi\u00e7\u00f5es n\u00e3o est\u00e3o t\u00e3o boas aqui. Mas em apenas dois anos de gest\u00e3o, conseguimos fazer a licita\u00e7\u00e3o e agora estamos esperando a ordem de servi\u00e7o ser liberada pela Caixa Econ\u00f4mica Federal. Nosso objetivo \u00e9 inaugurar este pr\u00e9dio todo reformado e ampliado no dia 14 de novembro, durante o anivers\u00e1rio da nossa cidade\u201d, disse a prefeita Josi Nunes durante a visita no local. &nbsp;<\/p>\n\n\n\n<p>\u201cCom a estrutura f\u00edsica reformulada\/ampliada e adaptada, acredito que poderemos atender com mais efic\u00e1cia e comodidade todos que necessitam dos servi\u00e7os oferecidos pela nossa Policl\u00ednica.&nbsp;Estamos ansiosos para ver tudo pronto e tamb\u00e9m muito gratos pela atitude da prefeita Josi Nunes que est\u00e1 tornando realidade a melhora da nossa sa\u00fade municipal\u201d, afirmou Arielle Urzedo, diretora geral da Policl\u00ednica Lu\u00eds Santos Filho.&nbsp;<\/p>\n\n\n\n<figure class=\"wp-block-image\"><img decoding=\"async\" src=\"http:\/\/n1to.com.br\/img\/uploads\/BBB_43.jpg\" alt=\"\"\/><\/figure>\n\n\n\n<figure class=\"wp-block-image\"><img decoding=\"async\" src=\"http:\/\/n1to.com.br\/img\/uploads\/ccc_26.jpg\" alt=\"\"\/><\/figure>\n\n\n\n<figure class=\"wp-block-image\"><a href=\"https:\/\/www.instagram.com\/viniciusmartinsto\/\"><img decoding=\"async\" src=\"http:\/\/n1to.com.br\/img\/uploads\/VINI_2.jpg\" alt=\"\"\/><\/a><\/figure>\n","protected":false},"excerpt":{"rendered":"<p>Mais uma obra na \u00e1rea da sa\u00fade sendo realizada em Gurupi! A prefeita Josi Nunes e o secret\u00e1rio municipal de sa\u00fade Sinvaldo Moraes visitaram as obras de constru\u00e7\u00e3o da Cl\u00ednica de Aten\u00e7\u00e3o Especializada que ser\u00e1 anexada \u00e0 Policl\u00ednica Luiz Santos Filho que tamb\u00e9m receber\u00e1 uma grande reforma. Na comitiva de acompanhamento do andamento das obras, &hellip;<\/p>\n","protected":false},"author":5,"featured_media":4134,"comment_status":"open","ping_status":"open","sticky":false,"template":"","format":"standard","meta":{"footnotes":""},"categories":[38,1],"tags":[],"class_list":["post-4132","post","type-post","status-publish","format-standard","has-post-thumbnail","","category-gurupi","category-sem-categoria"],"_links":{"self":[{"href":"https:\/\/focotocantinense.com.br\/index.php?rest_route=\/wp\/v2\/posts\/4132","targetHints":{"allow":["GET"]}}],"collection":[{"href":"https:\/\/focotocantinense.com.br\/index.php?rest_route=\/wp\/v2\/posts"}],"about":[{"href":"https:\/\/focotocantinense.com.br\/index.php?rest_route=\/wp\/v2\/types\/post"}],"author":[{"embeddable":true,"href":"https:\/\/focotocantinense.com.br\/index.php?rest_route=\/wp\/v2\/users\/5"}],"replies":[{"embeddable":true,"href":"https:\/\/focotocantinense.com.br\/index.php?rest_route=%2Fwp%2Fv2%2Fcomments&post=4132"}],"version-history":[{"count":2,"href":"https:\/\/focotocantinense.com.br\/index.php?rest_route=\/wp\/v2\/posts\/4132\/revisions"}],"predecessor-version":[{"id":4135,"href":"https:\/\/focotocantinense.com.br\/index.php?rest_route=\/wp\/v2\/posts\/4132\/revisions\/4135"}],"wp:featuredmedia":[{"embeddable":true,"href":"https:\/\/focotocantinense.com.br\/index.php?rest_route=\/wp\/v2\/media\/4134"}],"wp:attachment":[{"href":"https:\/\/focotocantinense.com.br\/index.php?rest_route=%2Fwp%2Fv2%2Fmedia&parent=4132"}],"wp:term":[{"taxonomy":"category","embeddable":true,"href":"https:\/\/focotocantinense.com.br\/index.php?rest_route=%2Fwp%2Fv2%2Fcategories&post=4132"},{"taxonomy":"post_tag","embeddable":true,"href":"https:\/\/focotocantinense.com.br\/index.php?rest_route=%2Fwp%2Fv2%2Ftags&post=4132"}],"curies":[{"name":"wp","href":"https:\/\/api.w.org\/{rel}","templated":true}]}}