{"id":4129,"date":"2023-03-06T21:01:25","date_gmt":"2023-03-07T00:01:25","guid":{"rendered":"https:\/\/focotocantinense.com.br\/?p=4129"},"modified":"2023-03-06T21:01:25","modified_gmt":"2023-03-07T00:01:25","slug":"audiovisual-e-literatura-produzidos-por-mulheres-estiveram-em-debate-no-sempre-viva-festival","status":"publish","type":"post","link":"https:\/\/focotocantinense.com.br\/?p=4129","title":{"rendered":"Audiovisual e literatura produzidos por mulheres estiveram em debate no Sempre Viva Festival"},"content":{"rendered":"\n<p>Com o tema \u2018Mulheres que fazem Cultura&#8217;, o Sempre Viva Festival reuniu na sexta, 3, na Roda Liter\u00e1ria \u2018A Constru\u00e7\u00e3o da Autora \u2013 O percurso feminino na literatura\u2019 e s\u00e1bado, 4, na roda de conversa &#8216;A trajet\u00f3ria e a produ\u00e7\u00e3o feminina no audiovisual tocantinense\u2019, mulheres que atuam na literatura e no audiovisual para discutir os desafios que enfrentam em seu cotidiano no exerc\u00edcio de suas atividades. Os eventos aconteceram no Espa\u00e7o Cultural Jos\u00e9 Gomes Sobrinho.<\/p>\n\n\n\n<p>As escritoras L\u00edsia Daniella, Caira Lima e Denyzia Brito Janczuk, sob a media\u00e7\u00e3o de Geovana Dias Lima discorreram sobre como a literatura ingressou em suas vidas, o in\u00edcio da carreira na \u00e1rea e os desafios encontrados nesse percurso. Na abertura do evento, o p\u00fablico apreciou a apresenta\u00e7\u00e3o musical da cantora Helena Zica, acompanhada pela Maestrina Renate Stephanes e a pianista Aline Martins.<\/p>\n\n\n\n<p>Para Caira, que estimulada a ler desde crian\u00e7a, quando morava no interior do Tocantins, a literatura foi instrumento de descoberta de outros universos, de como o mundo \u00e9 cheio de possibilidades. E assim, a literatura tamb\u00e9m se tornou uma possibilidade profissional, n\u00e3o sem antes faz\u00ea-la descobrir que o percurso para as mulheres \u00e9 um pouco mais dif\u00edcil, mas tamb\u00e9m cheio de solidariedade. &nbsp;Foi no meio da pandemia por Covid 19, que ap\u00f3s golpe de uma editora que uma rede de apoio formada pelas redes sociais possibilitou a impress\u00e3o de seu livro, \u201cA dor mais do\u00edda\u201d que apresenta relatos de viol\u00eancia obst\u00e9trica. \u201cN\u00e3o \u00e9 somente o que escrevi. \u00c9 a quem dei voz, \u00e0s mulheres que foram ouvidas a partir de mim\u201d disse, ao contar que foi a partir de ent\u00e3o que descobriu que a literatura \u00e9 o seu caminho.&nbsp;<\/p>\n\n\n\n<p>Um pouco antes, em 2019, a jovem advogada L\u00edsia Daniella, 30 anos rec\u00e9m completados, carreira no auge e prestes a viajar de f\u00e9rias, sofreu um Acidente Vascular Cerebral, teve diagn\u00f3stico de que n\u00e3o se recuperaria, e contrariando todas as previs\u00f5es, voltou a vida plena. Essa hist\u00f3ria, que transformou sua vida, tamb\u00e9m fez surgir uma escritora. &nbsp;\u2018Como Assim AVC? \u00e9 o relato dessa trajet\u00f3ria de recome\u00e7o da escritora a partir do AVC. &nbsp;O livro se tornou fonte de inspira\u00e7\u00e3o para outros que tamb\u00e9m passam por este desafio.&nbsp;<\/p>\n\n\n\n<p>J\u00e1 para Denyzia a literatura tamb\u00e9m surgiu durante a pandemia por Covid 19, como ferramenta de conviv\u00eancia e de cura. \u201cA leitura \u00e9 um b\u00e1lsamo e foi acontecendo naturalmente. Escrever \u00e9 tirar o que t\u00e1 na garganta e \u00e9 a cura\u201d, afirmou a escritora dos livros \u201920 Marias em um grito: Tocantins\u2019 e \u2018Deuza Real\u2019.&nbsp;<\/p>\n\n\n\n<p><strong>Audiovisual&nbsp;<\/strong><\/p>\n\n\n\n<p>J\u00e1 na tarde do s\u00e1bado, foi a vez das mulheres que atuam no audiovisual, ap\u00f3s a exibi\u00e7\u00e3o da mostra \u2018Mulher em cena\u2019 participaram da roda de conversa \u2018A trajet\u00f3ria e a produ\u00e7\u00e3o feminina no audiovisual tocantinense\u2019. Sob media\u00e7\u00e3o da jornalista Ang\u00e9lica Mendon\u00e7a, as cineastas Eva Pereira, K\u00e9cia Ferreira, Carolina Galgane e Luciana Pettenon falaram sobre suas trajet\u00f3rias, conquistas e desafios na produ\u00e7\u00e3o audiovisual no Tocantins e a import\u00e2ncia na narrativa e do ponto de vista feminino.&nbsp;<\/p>\n\n\n\n<p>Na Mostra, seguida do bate-papo, foram exibidos os filmes, &#8216;Entoadas&#8217; de Luciana Pettenon, Mulheres da Cena, de Carolina Galgane e ID Palmas, K\u00e9cia Ferreira. Em comum, os document\u00e1rios apresentam os problemas e solu\u00e7\u00f5es na produ\u00e7\u00e3oa art\u00edstica em Palmas, especificamente no audiovisual.&nbsp;<\/p>\n\n\n\n<p>\u201cMe senti honrada com essa iniciativa da Funda\u00e7\u00e3o Cultural de Palmas, que deveria se tornar mais comum. A gente gosta de ganhar flores, bombons, mas a gente gosta mesmo \u00e9 de ser respeitada, valorizada\u201d, ressaltou a jornalista Ang\u00e9lica Mendon\u00e7a sobre a programa\u00e7\u00e3o do Sempre Viva Festival.&nbsp;<\/p>\n\n\n\n<p>No domingo, ainda na programa\u00e7\u00e3o do Sempre Viva Festival, o p\u00fablico pode conferir o filme nacional Desapega! do diretor Hsu Chien, \u00e0s 16h10. Estrelado por Maisa, Gl\u00f3ria Pires e Marcos Pasquim.&nbsp;<\/p>\n\n\n\n<figure class=\"wp-block-image\"><img decoding=\"async\" src=\"https:\/\/agenciapalmas.com\/multimidiaSGN\/galeria\/155229\/thumbs\/bbd0abc65d3a42babc36a1c48eef37b6.jpg\" alt=\"\"\/><\/figure>\n\n\n\n<p>&nbsp;P\u00fablico apreciou a apresenta\u00e7\u00e3o musical da cantor Helena Zica, acompanhada pela Maestrina Renate Stephanes e a pianista Aline Martins<\/p>\n\n\n\n<figure class=\"wp-block-image\"><img decoding=\"async\" src=\"http:\/\/n1to.com.br\/img\/uploads\/BBB_42.jpg\" alt=\"\"\/><\/figure>\n\n\n\n<figure class=\"wp-block-image\"><img decoding=\"async\" src=\"http:\/\/n1to.com.br\/img\/uploads\/VINI_1.jpg\" alt=\"\"\/><\/figure>\n","protected":false},"excerpt":{"rendered":"<p>Com o tema \u2018Mulheres que fazem Cultura&#8217;, o Sempre Viva Festival reuniu na sexta, 3, na Roda Liter\u00e1ria \u2018A Constru\u00e7\u00e3o da Autora \u2013 O percurso feminino na literatura\u2019 e s\u00e1bado, 4, na roda de conversa &#8216;A trajet\u00f3ria e a produ\u00e7\u00e3o feminina no audiovisual tocantinense\u2019, mulheres que atuam na literatura e no audiovisual para discutir os &hellip;<\/p>\n","protected":false},"author":5,"featured_media":4130,"comment_status":"open","ping_status":"open","sticky":false,"template":"","format":"standard","meta":{"footnotes":""},"categories":[37],"tags":[],"class_list":["post-4129","post","type-post","status-publish","format-standard","has-post-thumbnail","","category-palmas"],"_links":{"self":[{"href":"https:\/\/focotocantinense.com.br\/index.php?rest_route=\/wp\/v2\/posts\/4129","targetHints":{"allow":["GET"]}}],"collection":[{"href":"https:\/\/focotocantinense.com.br\/index.php?rest_route=\/wp\/v2\/posts"}],"about":[{"href":"https:\/\/focotocantinense.com.br\/index.php?rest_route=\/wp\/v2\/types\/post"}],"author":[{"embeddable":true,"href":"https:\/\/focotocantinense.com.br\/index.php?rest_route=\/wp\/v2\/users\/5"}],"replies":[{"embeddable":true,"href":"https:\/\/focotocantinense.com.br\/index.php?rest_route=%2Fwp%2Fv2%2Fcomments&post=4129"}],"version-history":[{"count":1,"href":"https:\/\/focotocantinense.com.br\/index.php?rest_route=\/wp\/v2\/posts\/4129\/revisions"}],"predecessor-version":[{"id":4131,"href":"https:\/\/focotocantinense.com.br\/index.php?rest_route=\/wp\/v2\/posts\/4129\/revisions\/4131"}],"wp:featuredmedia":[{"embeddable":true,"href":"https:\/\/focotocantinense.com.br\/index.php?rest_route=\/wp\/v2\/media\/4130"}],"wp:attachment":[{"href":"https:\/\/focotocantinense.com.br\/index.php?rest_route=%2Fwp%2Fv2%2Fmedia&parent=4129"}],"wp:term":[{"taxonomy":"category","embeddable":true,"href":"https:\/\/focotocantinense.com.br\/index.php?rest_route=%2Fwp%2Fv2%2Fcategories&post=4129"},{"taxonomy":"post_tag","embeddable":true,"href":"https:\/\/focotocantinense.com.br\/index.php?rest_route=%2Fwp%2Fv2%2Ftags&post=4129"}],"curies":[{"name":"wp","href":"https:\/\/api.w.org\/{rel}","templated":true}]}}