{"id":4119,"date":"2023-03-06T20:25:15","date_gmt":"2023-03-06T23:25:15","guid":{"rendered":"https:\/\/focotocantinense.com.br\/?p=4119"},"modified":"2023-03-06T20:26:20","modified_gmt":"2023-03-06T23:26:20","slug":"com-emenda-do-deputado-federal-antonio-andrade-pm-do-tocantins-adquire-2-700-municoes-nao-letais","status":"publish","type":"post","link":"https:\/\/focotocantinense.com.br\/?p=4119","title":{"rendered":"Com emenda do deputado federal Antonio Andrade, PM do Tocantins adquire 2.700 muni\u00e7\u00f5es n\u00e3o letais"},"content":{"rendered":"\n<figure class=\"wp-block-image size-full is-resized\"><img loading=\"lazy\" decoding=\"async\" src=\"https:\/\/focotocantinense.com.br\/wp-content\/uploads\/2023\/03\/AAA-6.jpg\" alt=\"\" class=\"wp-image-4120\" width=\"412\" height=\"210\" srcset=\"https:\/\/focotocantinense.com.br\/wp-content\/uploads\/2023\/03\/AAA-6.jpg 984w, https:\/\/focotocantinense.com.br\/wp-content\/uploads\/2023\/03\/AAA-6-300x153.jpg 300w, https:\/\/focotocantinense.com.br\/wp-content\/uploads\/2023\/03\/AAA-6-768x392.jpg 768w\" sizes=\"auto, (max-width: 412px) 100vw, 412px\" \/><\/figure>\n\n\n\n<p>Em visita ao Quartel do Comando Geral da Pol\u00edcia Militar do Tocantins nesta segunda-feira, 6 de mar\u00e7o, o deputado federal Antonio Andrade (Republicanos), se reuniu com o Comandante Geral, Coronel M\u00e1rcio Antonio Barbosa.<\/p>\n\n\n\n<p>Na ocasi\u00e3o, o parlamentar recebeu os cumprimentos do Comandante pela destina\u00e7\u00e3o de emenda parlamentar no valor de R$ 100 mil que possibilitou a aquisi\u00e7\u00e3o de 2.700 muni\u00e7\u00f5es n\u00e3o letais (elast\u00f4mero), para a corpora\u00e7\u00e3o.<\/p>\n\n\n\n<p>Conforme o Comandante M\u00e1rcio Ant\u00f4nio, as muni\u00e7\u00f5es s\u00e3o de menor potencial ofensivo, usadas para conten\u00e7\u00e3o de tumulto, diminuindo a letalidade em ocorr\u00eancias onde n\u00e3o h\u00e1 o emprego de armas de fogo. Ainda segundo o chefe da corpora\u00e7\u00e3o, \u201ca aquisi\u00e7\u00e3o \u00e9 um avan\u00e7o no aparelhamento da Pol\u00edcia Militar, e uma maior garantia de seguran\u00e7a \u00e0 popula\u00e7\u00e3o\u201d, frisou.<\/p>\n\n\n\n<p>O parlamentar falou sobre a satisfa\u00e7\u00e3o em favorecer o trabalho da PM. \u201cPor meio da emenda, que fiz enquanto ainda exercia mandato de estadual, o recurso que ir\u00e1 contribuir com as a\u00e7\u00f5es da Pol\u00edcia Militar em prol do fortalecimento da seguran\u00e7a p\u00fablica do Tocantins. Como deputado federal, meu comprometimento \u00e9 viabilizar ainda mais recursos para esse setor, no sentido de promover uma maior qualidade de vida para a popula\u00e7\u00e3o\u201d, enfatizou o deputado.<\/p>\n\n\n\n<figure class=\"wp-block-image\"><a href=\"https:\/\/www.instagram.com\/viniciusmartinsto\/\" target=\"_blank\" rel=\"noreferrer noopener\"><img decoding=\"async\" src=\"https:\/\/blogger.googleusercontent.com\/img\/b\/R29vZ2xl\/AVvXsEhtKbPgx2U5XxIwasuw5MNm5p5-ISnzIMmBpECczyncEXUCsocME-p8ju6_HxOYyLOf_3InMTmJwpgByeT7I1qnO6YeLvRWWsEL5a9r0B6ahBK09oU4w0NHCeeb5X16K6vfdjlD0db0bZ2gkSMzf8on-vc9bEzNIL-xydu9XNpJhnch9i4uvOv_GR-_pw\/w490-h127\/VINI.jpg\" alt=\"\"\/><\/a><\/figure>\n","protected":false},"excerpt":{"rendered":"<p>Em visita ao Quartel do Comando Geral da Pol\u00edcia Militar do Tocantins nesta segunda-feira, 6 de mar\u00e7o, o deputado federal Antonio Andrade (Republicanos), se reuniu com o Comandante Geral, Coronel M\u00e1rcio Antonio Barbosa. Na ocasi\u00e3o, o parlamentar recebeu os cumprimentos do Comandante pela destina\u00e7\u00e3o de emenda parlamentar no valor de R$ 100 mil que possibilitou &hellip;<\/p>\n","protected":false},"author":5,"featured_media":4120,"comment_status":"open","ping_status":"open","sticky":false,"template":"","format":"standard","meta":{"footnotes":""},"categories":[40],"tags":[],"class_list":["post-4119","post","type-post","status-publish","format-standard","has-post-thumbnail","","category-politica"],"_links":{"self":[{"href":"https:\/\/focotocantinense.com.br\/index.php?rest_route=\/wp\/v2\/posts\/4119","targetHints":{"allow":["GET"]}}],"collection":[{"href":"https:\/\/focotocantinense.com.br\/index.php?rest_route=\/wp\/v2\/posts"}],"about":[{"href":"https:\/\/focotocantinense.com.br\/index.php?rest_route=\/wp\/v2\/types\/post"}],"author":[{"embeddable":true,"href":"https:\/\/focotocantinense.com.br\/index.php?rest_route=\/wp\/v2\/users\/5"}],"replies":[{"embeddable":true,"href":"https:\/\/focotocantinense.com.br\/index.php?rest_route=%2Fwp%2Fv2%2Fcomments&post=4119"}],"version-history":[{"count":3,"href":"https:\/\/focotocantinense.com.br\/index.php?rest_route=\/wp\/v2\/posts\/4119\/revisions"}],"predecessor-version":[{"id":4123,"href":"https:\/\/focotocantinense.com.br\/index.php?rest_route=\/wp\/v2\/posts\/4119\/revisions\/4123"}],"wp:featuredmedia":[{"embeddable":true,"href":"https:\/\/focotocantinense.com.br\/index.php?rest_route=\/wp\/v2\/media\/4120"}],"wp:attachment":[{"href":"https:\/\/focotocantinense.com.br\/index.php?rest_route=%2Fwp%2Fv2%2Fmedia&parent=4119"}],"wp:term":[{"taxonomy":"category","embeddable":true,"href":"https:\/\/focotocantinense.com.br\/index.php?rest_route=%2Fwp%2Fv2%2Fcategories&post=4119"},{"taxonomy":"post_tag","embeddable":true,"href":"https:\/\/focotocantinense.com.br\/index.php?rest_route=%2Fwp%2Fv2%2Ftags&post=4119"}],"curies":[{"name":"wp","href":"https:\/\/api.w.org\/{rel}","templated":true}]}}