{"id":4114,"date":"2023-03-06T11:14:05","date_gmt":"2023-03-06T14:14:05","guid":{"rendered":"https:\/\/focotocantinense.com.br\/?p=4114"},"modified":"2023-03-06T11:15:30","modified_gmt":"2023-03-06T14:15:30","slug":"governador-wanderlei-barbosa-entrega-companhia-independente-da-pm-em-xambioa-e-aumenta-efetivo-para-atender-nove-cidades-do-entorno","status":"publish","type":"post","link":"https:\/\/focotocantinense.com.br\/?p=4114","title":{"rendered":"Governador Wanderlei Barbosa entrega Companhia Independente da PM em Xambio\u00e1 e aumenta efetivo para atender nove cidades do entorno"},"content":{"rendered":"\n<p>O governador do Tocantins, Wanderlei Barbosa, entregou na manh\u00e3 desta sexta-feira, 3, a 2\u00aa Companhia Independente da Pol\u00edcia Militar (CIPM) no munic\u00edpio de Xambio\u00e1, a cerca de 500 km da capital, Palmas. A entrega faz parte do programa&nbsp;<em>TO Mais Seguro<\/em>, que vem garantindo a reestrutura\u00e7\u00e3o da seguran\u00e7a p\u00fablica tocantinense, de norte a sul do Estado. Na inaugura\u00e7\u00e3o da unidade, o gestor tamb\u00e9m entregou o Kit Destacamento formado por viaturas, tablet e smartphone, computador desktop, impressora t\u00e9rmica e r\u00e1dio port\u00e1til (HT), al\u00e9m de armas e coletes antibal\u00edsticos.<\/p>\n\n\n\n<p>Em seu discurso, Wanderlei Barbosa citou a import\u00e2ncia desta inaugura\u00e7\u00e3o. &#8220;Sabemos que, daqui, partir\u00e3o policiais para outras cidades, porque muitos munic\u00edpios t\u00eam Xambio\u00e1 como base. E essa base est\u00e1 sendo fortalecida, pois \u00e9 imprescind\u00edvel melhorarmos as condi\u00e7\u00f5es f\u00edsicas de trabalho dos nossos policiais trazendo, n\u00e3o apenas a sensa\u00e7\u00e3o de seguran\u00e7a para a popula\u00e7\u00e3o, mas, sim, a seguran\u00e7a p\u00fablica efetivamente&#8221;, assegurou o l\u00edder do Poder Executivo do Estado.<\/p>\n\n\n\n<p>A 2\u00aa CIPM atender\u00e1 nove cidades do entorno: Xambio\u00e1 (cidade-sede), Araguan\u00e3, Carmol\u00e2ndia, Wanderl\u00e2ndia, Darcin\u00f3polis, Piraqu\u00ea, Aragominas, Muricil\u00e2ndia e Santa F\u00e9 do Araguaia. At\u00e9 ent\u00e3o, a unidade era um destacamento do 2\u00b0 Batalh\u00e3o (BPM), de Aragua\u00edna, e contava com 15 efetivos. Com a chegada da CIPM, este n\u00famero chega a 47, entre oficiais e soldados.<\/p>\n\n\n\n<p>A inaugura\u00e7\u00e3o da CIPM \u00e9 um sonho antigo da popula\u00e7\u00e3o xambioaense. A prefeita do munic\u00edpio, Patr\u00edcia Evelin, relembrou que essa solicita\u00e7\u00e3o foi feita a v\u00e1rias gest\u00f5es passadas, mas que apenas o governador Wanderlei Barbosa colocou em pr\u00e1tica. &#8220;H\u00e1 muito tempo, a gente batalha e aguarda esse momento. Somos um munic\u00edpio de fronteira e fic\u00e1vamos muito preocupados, sobretudo com a constru\u00e7\u00e3o da ponte. Gra\u00e7as a Deus e ao governador Wanderlei Barbosa, nosso sonho foi realizado e eu, como prefeita, fico feliz e honrada com essa inaugura\u00e7\u00e3o&#8221;, enfatizou a prefeita de Xambio\u00e1.<\/p>\n\n\n\n<p>Natural de Xambio\u00e1, o t\u00e9cnico em refrigera\u00e7\u00e3o, Valtercio Cruz Fraz\u00e3o, disse estar satisfeito com a implanta\u00e7\u00e3o da 2\u00aa CIPM, pois fortalecer\u00e1 a\u00e7\u00f5es contra a criminalidade no munic\u00edpio e na regi\u00e3o. &#8220;\u00c9 muito gratificante essa aten\u00e7\u00e3o do governador Wanderlei Barbosa com nossa cidade. Xambio\u00e1 \u00e9 um munic\u00edpio que fica na fronteira do Tocantins com outro estado [Par\u00e1] e muitos criminosos se sentem \u00e0 vontade de fugir para c\u00e1, mas o fortalecimento da nossa pol\u00edcia por si s\u00f3 j\u00e1 intimida&#8221;, pontuou.<\/p>\n\n\n\n<p>H\u00e1 2 anos \u00e0 frente da 22\u00aa Delegacia da Pol\u00edcia Civil de Xambio\u00e1, o delegado titular, M\u00e1rcio Lopes da Silva, tamb\u00e9m acredita que o aumento no n\u00famero de efetivos atuando na regi\u00e3o inibir\u00e1 a criminalidade. &#8220;Um efetivo maior contribui com a seguran\u00e7a de forma a prevenir as ocorr\u00eancias criminais e ajuda na captura de criminosos. J\u00e1 est\u00e1vamos na espera dessa melhora&#8221;, afirmou o delegado.<\/p>\n\n\n\n<p><strong>2\u00aa Companhia Independente da PM<\/strong><\/p>\n\n\n\n<p>A 2\u00aa CIPM, chamada de&nbsp;<em>Companhia Rio Araguaia<\/em>, institu\u00edda por meio do Decreto n\u00b0 6.564, de 19 de janeiro de 2023, surge da necessidade de adequa\u00e7\u00e3o \u00e0 uma nova realidade administrativa e operacional da PMTO, a fim de atender demandas de seguran\u00e7a da sociedade local. Possui como principal objetivo a redu\u00e7\u00e3o da criminalidade por meio da distribui\u00e7\u00e3o de efetivo nos munic\u00edpios e da prote\u00e7\u00e3o de divisas.<\/p>\n\n\n\n<p>A unidade ser\u00e1 comandada pelo major QOPM, Jos\u00e9 Lu\u00eds Cantanhede Coelho. Em 2021, ele assumiu o subcomando da 5\u00aa CIPM, sediada na cidade de Tocantin\u00f3polis. &#8220;Com o programa&nbsp;<em>TO Mais Seguro<\/em>&nbsp;e a inaugura\u00e7\u00e3o dessa Companhia Independente, conseguimos aumentar o contingente policial da unidade, de modo a prestar um servi\u00e7o de excel\u00eancia para a nossa sociedade&#8221;, afirmou o major.<\/p>\n\n\n\n<p>O major Jos\u00e9 Lu\u00eds Cantanhede Coelho ingressou na PMTO em 2006 atrav\u00e9s do curso de forma\u00e7\u00e3o de soldados e, em 2014, ingressou no curso de forma\u00e7\u00e3o de oficiais, adquirindo o t\u00edtulo de bacharel em seguran\u00e7a p\u00fablica. Realizou o curso de aperfei\u00e7oamento de oficiais (CAO) no ano de 2020. Em 2023, tornou-se o comandante da 2\u00aa CIPM, sediada em Xambio\u00e1.<\/p>\n\n\n\n<figure class=\"wp-block-image\"><img decoding=\"async\" src=\"https:\/\/central.to.gov.br\/image\/320479?w=670&amp;h=383\" alt=\"\"\/><\/figure>\n\n\n\n<p>2\u00aa CIPM atender\u00e1 nove cidades do entorno: Xambio\u00e1 (cidade-sede), Araguan\u00e3, Carmol\u00e2ndia, Wanderl\u00e2ndia, Darcin\u00f3polis, Piraqu\u00ea, Aragominas, Muricil\u00e2ndia e Santa F\u00e9 do Araguaia &#8211;&nbsp; fOTO: Carlos Eller\/Governo do Tocantins&nbsp;<\/p>\n\n\n\n<p><img decoding=\"async\" src=\"https:\/\/central.to.gov.br\/image\/320478?w=670&amp;h=383\"><\/p>\n\n\n\n<p>2\u00aa CIPM de Xambio\u00e1 ser\u00e1 comandada pelo major Jos\u00e9 Lu\u00eds Cantanhede Coelho, que ressaltou a import\u00e2ncia da unidade para a regi\u00e3o &#8211; Foto: Carlos Eller\/Governo do Tocantins&nbsp;<\/p>\n\n\n\n<p><img decoding=\"async\" src=\"https:\/\/central.to.gov.br\/image\/320473?w=670&amp;h=383\"><\/p>\n\n\n\n<p>Entrega da Unidade faz parte do programa TO Mais Seguro, que vem garantindo a reestrutura\u00e7\u00e3o da seguran\u00e7a p\u00fablica tocantinense &#8211; Foto: Carlos Eller\/Governo do Tocantins&nbsp;<\/p>\n\n\n\n<figure class=\"wp-block-image is-resized\"><img loading=\"lazy\" decoding=\"async\" src=\"https:\/\/blogger.googleusercontent.com\/img\/b\/R29vZ2xl\/AVvXsEhtKbPgx2U5XxIwasuw5MNm5p5-ISnzIMmBpECczyncEXUCsocME-p8ju6_HxOYyLOf_3InMTmJwpgByeT7I1qnO6YeLvRWWsEL5a9r0B6ahBK09oU4w0NHCeeb5X16K6vfdjlD0db0bZ2gkSMzf8on-vc9bEzNIL-xydu9XNpJhnch9i4uvOv_GR-_pw\/w490-h127\/VINI.jpg\" alt=\"\" width=\"842\" height=\"218\"\/><\/figure>\n","protected":false},"excerpt":{"rendered":"<p>O governador do Tocantins, Wanderlei Barbosa, entregou na manh\u00e3 desta sexta-feira, 3, a 2\u00aa Companhia Independente da Pol\u00edcia Militar (CIPM) no munic\u00edpio de Xambio\u00e1, a cerca de 500 km da capital, Palmas. A entrega faz parte do programa&nbsp;TO Mais Seguro, que vem garantindo a reestrutura\u00e7\u00e3o da seguran\u00e7a p\u00fablica tocantinense, de norte a sul do Estado. &hellip;<\/p>\n","protected":false},"author":5,"featured_media":4115,"comment_status":"open","ping_status":"open","sticky":false,"template":"","format":"standard","meta":{"footnotes":""},"categories":[40],"tags":[],"class_list":["post-4114","post","type-post","status-publish","format-standard","has-post-thumbnail","","category-politica"],"_links":{"self":[{"href":"https:\/\/focotocantinense.com.br\/index.php?rest_route=\/wp\/v2\/posts\/4114","targetHints":{"allow":["GET"]}}],"collection":[{"href":"https:\/\/focotocantinense.com.br\/index.php?rest_route=\/wp\/v2\/posts"}],"about":[{"href":"https:\/\/focotocantinense.com.br\/index.php?rest_route=\/wp\/v2\/types\/post"}],"author":[{"embeddable":true,"href":"https:\/\/focotocantinense.com.br\/index.php?rest_route=\/wp\/v2\/users\/5"}],"replies":[{"embeddable":true,"href":"https:\/\/focotocantinense.com.br\/index.php?rest_route=%2Fwp%2Fv2%2Fcomments&post=4114"}],"version-history":[{"count":3,"href":"https:\/\/focotocantinense.com.br\/index.php?rest_route=\/wp\/v2\/posts\/4114\/revisions"}],"predecessor-version":[{"id":4118,"href":"https:\/\/focotocantinense.com.br\/index.php?rest_route=\/wp\/v2\/posts\/4114\/revisions\/4118"}],"wp:featuredmedia":[{"embeddable":true,"href":"https:\/\/focotocantinense.com.br\/index.php?rest_route=\/wp\/v2\/media\/4115"}],"wp:attachment":[{"href":"https:\/\/focotocantinense.com.br\/index.php?rest_route=%2Fwp%2Fv2%2Fmedia&parent=4114"}],"wp:term":[{"taxonomy":"category","embeddable":true,"href":"https:\/\/focotocantinense.com.br\/index.php?rest_route=%2Fwp%2Fv2%2Fcategories&post=4114"},{"taxonomy":"post_tag","embeddable":true,"href":"https:\/\/focotocantinense.com.br\/index.php?rest_route=%2Fwp%2Fv2%2Ftags&post=4114"}],"curies":[{"name":"wp","href":"https:\/\/api.w.org\/{rel}","templated":true}]}}