{"id":4105,"date":"2023-03-04T18:06:20","date_gmt":"2023-03-04T21:06:20","guid":{"rendered":"https:\/\/focotocantinense.com.br\/?p=4105"},"modified":"2023-03-04T18:16:27","modified_gmt":"2023-03-04T21:16:27","slug":"apos-colisao-frontal-motorista-de-caminha-morre-e-outro-fica-gravemente-ferido-no-sul-do-tocantins","status":"publish","type":"post","link":"https:\/\/focotocantinense.com.br\/?p=4105","title":{"rendered":"Ap\u00f3s colis\u00e3o frontal motorista de caminh\u00e3o morre e outro fica gravemente ferido no sul do Tocantins"},"content":{"rendered":"\n<p>Em Talism\u00e3 do Tocantins, no km 790 da BR 153, por volta das 6 horas e 30 minutos de s\u00e1bado (04) ocorreu um acidente do tipo colis\u00e3o frontal envolvendo os ve\u00edculos SCANIA\/R410 A4X2 e SCANIA\/R 440 A6X2. Segundo a PRF, os dois condutores ficaram presos \u00e0s ferragens, sendo que um veio a \u00f3bito no local (homem de 61 anos) e o outro apresentou ferimentos graves (homem de 60 anos).<\/p>\n\n\n\n<p>Imagens feitas no local pela Defesa Civil de Talism\u00e3 mostram que os dois ve\u00edculos ficaram com as cabines fora da rodovia e totalmente destru\u00eddas, enquanto os compartimentos de carga ocuparam parte do acostamento e da pista. As causas do acidente ainda n\u00e3o foram informadas.<\/p>\n\n\n\n<p>Equipe de socorro esteve no local, o homem gravemente ferido foi removido com urg\u00eancia para o Hospital Municipal de Porangatu, em Goi\u00e1s em seguida, constataram o \u00f3bito da outra v\u00edtima.<\/p>\n\n\n\n<p>A pista foi sinalizada pela equipe da concession\u00e1ria, com fluxo em ambos os sentidos.<\/p>\n\n\n\n<figure class=\"wp-block-image size-full\"><img loading=\"lazy\" decoding=\"async\" width=\"916\" height=\"472\" src=\"https:\/\/focotocantinense.com.br\/wp-content\/uploads\/2023\/03\/AAA-4.jpg\" alt=\"\" class=\"wp-image-4110\" srcset=\"https:\/\/focotocantinense.com.br\/wp-content\/uploads\/2023\/03\/AAA-4.jpg 916w, https:\/\/focotocantinense.com.br\/wp-content\/uploads\/2023\/03\/AAA-4-300x155.jpg 300w, https:\/\/focotocantinense.com.br\/wp-content\/uploads\/2023\/03\/AAA-4-768x396.jpg 768w\" sizes=\"auto, (max-width: 916px) 100vw, 916px\" \/><\/figure>\n\n\n\n<figure class=\"wp-block-image\"><img decoding=\"async\" src=\"http:\/\/n1to.com.br\/img\/uploads\/BBB_39.jpg\" alt=\"\"\/><\/figure>\n\n\n\n<figure class=\"wp-block-image\"><img decoding=\"async\" src=\"https:\/\/www.n1to.com.br\/img\/cache\/720x105\/80\/crop\/Imagem-eef442e8e75cae0362296529067458d6.png\" alt=\"\" title=\"Vin\u00edcius Martins - Consultor de Pol\u00edticas P\u00fablicas\"\/><\/figure>\n","protected":false},"excerpt":{"rendered":"<p>Em Talism\u00e3 do Tocantins, no km 790 da BR 153, por volta das 6 horas e 30 minutos de s\u00e1bado (04) ocorreu um acidente do tipo colis\u00e3o frontal envolvendo os ve\u00edculos SCANIA\/R410 A4X2 e SCANIA\/R 440 A6X2. Segundo a PRF, os dois condutores ficaram presos \u00e0s ferragens, sendo que um veio a \u00f3bito no local &hellip;<\/p>\n","protected":false},"author":5,"featured_media":4106,"comment_status":"open","ping_status":"open","sticky":false,"template":"","format":"standard","meta":{"footnotes":""},"categories":[66],"tags":[],"class_list":["post-4105","post","type-post","status-publish","format-standard","has-post-thumbnail","","category-talisma"],"_links":{"self":[{"href":"https:\/\/focotocantinense.com.br\/index.php?rest_route=\/wp\/v2\/posts\/4105","targetHints":{"allow":["GET"]}}],"collection":[{"href":"https:\/\/focotocantinense.com.br\/index.php?rest_route=\/wp\/v2\/posts"}],"about":[{"href":"https:\/\/focotocantinense.com.br\/index.php?rest_route=\/wp\/v2\/types\/post"}],"author":[{"embeddable":true,"href":"https:\/\/focotocantinense.com.br\/index.php?rest_route=\/wp\/v2\/users\/5"}],"replies":[{"embeddable":true,"href":"https:\/\/focotocantinense.com.br\/index.php?rest_route=%2Fwp%2Fv2%2Fcomments&post=4105"}],"version-history":[{"count":4,"href":"https:\/\/focotocantinense.com.br\/index.php?rest_route=\/wp\/v2\/posts\/4105\/revisions"}],"predecessor-version":[{"id":4113,"href":"https:\/\/focotocantinense.com.br\/index.php?rest_route=\/wp\/v2\/posts\/4105\/revisions\/4113"}],"wp:featuredmedia":[{"embeddable":true,"href":"https:\/\/focotocantinense.com.br\/index.php?rest_route=\/wp\/v2\/media\/4106"}],"wp:attachment":[{"href":"https:\/\/focotocantinense.com.br\/index.php?rest_route=%2Fwp%2Fv2%2Fmedia&parent=4105"}],"wp:term":[{"taxonomy":"category","embeddable":true,"href":"https:\/\/focotocantinense.com.br\/index.php?rest_route=%2Fwp%2Fv2%2Fcategories&post=4105"},{"taxonomy":"post_tag","embeddable":true,"href":"https:\/\/focotocantinense.com.br\/index.php?rest_route=%2Fwp%2Fv2%2Ftags&post=4105"}],"curies":[{"name":"wp","href":"https:\/\/api.w.org\/{rel}","templated":true}]}}