{"id":4100,"date":"2023-03-04T11:04:01","date_gmt":"2023-03-04T14:04:01","guid":{"rendered":"https:\/\/focotocantinense.com.br\/?p=4100"},"modified":"2023-03-04T11:05:05","modified_gmt":"2023-03-04T14:05:05","slug":"secretaria-municipal-de-sao-valerio-realiza-campanha-fevereiro-roxo-e-laranja-para-conscientizar-sobre-doencas-graves","status":"publish","type":"post","link":"https:\/\/focotocantinense.com.br\/?p=4100","title":{"rendered":"Secretaria Municipal de S\u00e3o Val\u00e9rio realiza campanha fevereiro Roxo e Laranja para conscientizar sobre doen\u00e7as graves"},"content":{"rendered":"\n<figure class=\"wp-block-image size-full is-resized\"><img loading=\"lazy\" decoding=\"async\" src=\"https:\/\/focotocantinense.com.br\/wp-content\/uploads\/2023\/03\/AAA-1.jpg\" alt=\"\" class=\"wp-image-4101\" width=\"757\" height=\"401\" srcset=\"https:\/\/focotocantinense.com.br\/wp-content\/uploads\/2023\/03\/AAA-1-300x160.jpg 300w, https:\/\/focotocantinense.com.br\/wp-content\/uploads\/2023\/03\/AAA-1-768x408.jpg 768w, https:\/\/focotocantinense.com.br\/wp-content\/uploads\/2023\/03\/AAA-1-310x165.jpg 310w\" sizes=\"auto, (max-width: 757px) 100vw, 757px\" \/><\/figure>\n\n\n\n<p><strong>Por Jonas Amaral<\/strong><\/p>\n\n\n\n<p>Na \u00faltima ter\u00e7a-feira, dia 27 de fevereiro, a prefeitura municipal de S\u00e3o Val\u00e9rio, regi\u00e3o sudeste do estado, por meio da Secretaria Municipal de Sa\u00fade, realizou a Campanha Fevereiro Roxo e Laranja. O evento aconteceu na Unidade B\u00e1sica de Sa\u00fade e teve como objetivo conscientizar os pacientes da sala de espera sobre algumas doen\u00e7as graves, como o mal de Alzheimer, L\u00fapus, Fibromialgia e Leucemia.<\/p>\n\n\n\n<p>Durante a a\u00e7\u00e3o, a equipe m\u00e9dica presente na unidade de sa\u00fade realizou atividades para conscientizar os pacientes sobre a import\u00e2ncia da preven\u00e7\u00e3o e dos cuidados para obter uma vida saud\u00e1vel. Al\u00e9m disso, a equipe da recep\u00e7\u00e3o entregou panfletos informativos para os que participaram da campanha, visando disseminar informa\u00e7\u00f5es importantes sobre as doen\u00e7as abordadas na a\u00e7\u00e3o.<\/p>\n\n\n\n<p>O prefeito Ol\u00edmpio Arraes destacou a import\u00e2ncia da preven\u00e7\u00e3o e dos cuidados para a sa\u00fade dos moradores de&nbsp;<a href=\"https:\/\/www.instagram.com\/prefeituradesaovalerioto\/\" target=\"_blank\" rel=\"noreferrer noopener\">S\u00e3o Val\u00e9rio<\/a>. Segundo ele, \u00e9 preciso estar sempre atento e buscar informa\u00e7\u00f5es sobre as doen\u00e7as para poder se prevenir e garantir uma vida saud\u00e1vel. Para o prefeito, a\u00e7\u00f5es como essa s\u00e3o fundamentais para conscientizar a popula\u00e7\u00e3o sobre as diversas doen\u00e7as que podem afetar a sa\u00fade das pessoas.<\/p>\n\n\n\n<p>J\u00e1 a Secret\u00e1ria Municipal de Sa\u00fade, Tatiane Lopes, &nbsp;destacou os avan\u00e7os que a secretaria tem desenvolvido desde que o prefeito Ol\u00edmpio Arraes assumiu a gest\u00e3o do munic\u00edpio. Segundo ela, a campanha realizada na \u00faltima ter\u00e7a-feira \u00e9 apenas uma das muitas a\u00e7\u00f5es que a secretaria tem desenvolvido para melhorar a sa\u00fade dos moradores de S\u00e3o Val\u00e9rio. A Secret\u00e1ria refor\u00e7ou a import\u00e2ncia da preven\u00e7\u00e3o e do diagn\u00f3stico precoce das doen\u00e7as, para que seja poss\u00edvel garantir um tratamento eficaz e uma melhor qualidade de vida para a popula\u00e7\u00e3o.<\/p>\n\n\n<div class=\"wp-block-image\">\n<figure class=\"aligncenter\"><img decoding=\"async\" src=\"https:\/\/i2.wp.com\/portaldoamaral.com.br\/wp-content\/uploads\/2023\/03\/Sao-Valerio-3.jpg?resize=701%2C372&amp;ssl=1\" alt=\"\" class=\"wp-image-130775\"\/><\/figure>\n<\/div>\n\n\n<p>Com a Campanha Fevereiro Roxo e Laranja, a prefeitura municipal de S\u00e3o Val\u00e9rio conseguiu levar informa\u00e7\u00f5es importantes sobre doen\u00e7as graves para a popula\u00e7\u00e3o, al\u00e9m de conscientizar sobre a import\u00e2ncia da preven\u00e7\u00e3o e dos cuidados com a sa\u00fade. A a\u00e7\u00e3o tamb\u00e9m mostrou o comprometimento da gest\u00e3o municipal com a sa\u00fade dos moradores da cidade, refor\u00e7ando a import\u00e2ncia de pol\u00edticas p\u00fablicas voltadas para a promo\u00e7\u00e3o da sa\u00fade e bem-estar da popula\u00e7\u00e3o.<\/p>\n\n\n\n<figure class=\"wp-block-image\"><a href=\"https:\/\/www.instagram.com\/viniciusmartinsto\/\" target=\"_blank\" rel=\"noreferrer noopener\"><img decoding=\"async\" src=\"https:\/\/www.n1to.com.br\/img\/cache\/720x105\/80\/crop\/Imagem-eef442e8e75cae0362296529067458d6.png\" alt=\"\" title=\"Vin\u00edcius Martins - Consultor de Pol\u00edticas P\u00fablicas\"\/><\/a><\/figure>\n","protected":false},"excerpt":{"rendered":"<p>Por Jonas Amaral Na \u00faltima ter\u00e7a-feira, dia 27 de fevereiro, a prefeitura municipal de S\u00e3o Val\u00e9rio, regi\u00e3o sudeste do estado, por meio da Secretaria Municipal de Sa\u00fade, realizou a Campanha Fevereiro Roxo e Laranja. O evento aconteceu na Unidade B\u00e1sica de Sa\u00fade e teve como objetivo conscientizar os pacientes da sala de espera sobre algumas &hellip;<\/p>\n","protected":false},"author":5,"featured_media":4101,"comment_status":"open","ping_status":"open","sticky":false,"template":"","format":"standard","meta":{"footnotes":""},"categories":[57],"tags":[],"class_list":["post-4100","post","type-post","status-publish","format-standard","has-post-thumbnail","","category-sao-valerio"],"_links":{"self":[{"href":"https:\/\/focotocantinense.com.br\/index.php?rest_route=\/wp\/v2\/posts\/4100","targetHints":{"allow":["GET"]}}],"collection":[{"href":"https:\/\/focotocantinense.com.br\/index.php?rest_route=\/wp\/v2\/posts"}],"about":[{"href":"https:\/\/focotocantinense.com.br\/index.php?rest_route=\/wp\/v2\/types\/post"}],"author":[{"embeddable":true,"href":"https:\/\/focotocantinense.com.br\/index.php?rest_route=\/wp\/v2\/users\/5"}],"replies":[{"embeddable":true,"href":"https:\/\/focotocantinense.com.br\/index.php?rest_route=%2Fwp%2Fv2%2Fcomments&post=4100"}],"version-history":[{"count":3,"href":"https:\/\/focotocantinense.com.br\/index.php?rest_route=\/wp\/v2\/posts\/4100\/revisions"}],"predecessor-version":[{"id":4104,"href":"https:\/\/focotocantinense.com.br\/index.php?rest_route=\/wp\/v2\/posts\/4100\/revisions\/4104"}],"wp:featuredmedia":[{"embeddable":true,"href":"https:\/\/focotocantinense.com.br\/index.php?rest_route=\/wp\/v2\/media\/4101"}],"wp:attachment":[{"href":"https:\/\/focotocantinense.com.br\/index.php?rest_route=%2Fwp%2Fv2%2Fmedia&parent=4100"}],"wp:term":[{"taxonomy":"category","embeddable":true,"href":"https:\/\/focotocantinense.com.br\/index.php?rest_route=%2Fwp%2Fv2%2Fcategories&post=4100"},{"taxonomy":"post_tag","embeddable":true,"href":"https:\/\/focotocantinense.com.br\/index.php?rest_route=%2Fwp%2Fv2%2Ftags&post=4100"}],"curies":[{"name":"wp","href":"https:\/\/api.w.org\/{rel}","templated":true}]}}