{"id":4093,"date":"2023-03-03T15:17:37","date_gmt":"2023-03-03T18:17:37","guid":{"rendered":"https:\/\/focotocantinense.com.br\/?p=4093"},"modified":"2023-03-03T15:19:28","modified_gmt":"2023-03-03T18:19:28","slug":"curso-ensina-a-lingua-akwe-xerente-para-comunidade-nao-indigena-de-tocantinia","status":"publish","type":"post","link":"https:\/\/focotocantinense.com.br\/?p=4093","title":{"rendered":"Curso ensina a l\u00edngua Akw\u0113 Xerente para comunidade n\u00e3o ind\u00edgena de Tocant\u00ednia"},"content":{"rendered":"\n<p><strong>Por Leontina Martins<\/strong><\/p>\n\n\n\n<figure class=\"wp-block-image size-large is-resized\"><img loading=\"lazy\" decoding=\"async\" src=\"https:\/\/focotocantinense.com.br\/wp-content\/uploads\/2023\/03\/BBB-1-1024x483.jpg\" alt=\"\" class=\"wp-image-4094\" width=\"375\" height=\"177\" srcset=\"https:\/\/focotocantinense.com.br\/wp-content\/uploads\/2023\/03\/BBB-1-1024x483.jpg 1024w, https:\/\/focotocantinense.com.br\/wp-content\/uploads\/2023\/03\/BBB-1-300x142.jpg 300w, https:\/\/focotocantinense.com.br\/wp-content\/uploads\/2023\/03\/BBB-1-768x362.jpg 768w, https:\/\/focotocantinense.com.br\/wp-content\/uploads\/2023\/03\/BBB-1.jpg 1030w\" sizes=\"auto, (max-width: 375px) 100vw, 375px\" \/><\/figure>\n\n\n\n<p>A Prefeitura de Tocant\u00ednia, por meio da Secretaria Municipal de Educa\u00e7\u00e3o \u2013 Semed, deu in\u00edcio \u00e0s aulas&nbsp; de l\u00edngua Akw\u0113 Xerente, nesta quinta-feira, dia 2,&nbsp; no pr\u00e9dio do &nbsp;Anexo II, daquele \u00f3rg\u00e3o.<\/p>\n\n\n\n<p>O secret\u00e1rio de Educa\u00e7\u00e3o do munic\u00edpio, professor Andr\u00e9 Goveia, lembra que a l\u00edngua materna do povo ind\u00edgena Akw\u0113 \u00e9 co-oficial do munic\u00edpio, ressaltando que est\u00e1 sendo ofertada uma hora de aula por semana para os curso \u00e9 aberto aos pais de alunos, servidores p\u00fablicos e pessoas da comunidade em geral, e ter\u00e1 certificado&nbsp; expedido pela&nbsp; Universidade Federal do Tocantins &#8211; UFT.<\/p>\n\n\n\n<p>\u201cEsse&nbsp; &nbsp;projeto foi planejado diante da necessidade de que os servidores n\u00e3o ind\u00edgenas entendam a l\u00edngua Akw\u0113, pois no munic\u00edpio de Tocant\u00ednia temos duas culturas, costumes e l\u00ednguas diferentes, onde a comunidade ind\u00edgena Akw\u1ebd Xerente representa 50% da popula\u00e7\u00e3o\u201d, explica o secret\u00e1rio.<\/p>\n\n\n\n<p>A comunidade Akw\u1ebd tem escola municipal de educa\u00e7\u00e3o infantil ind\u00edgena, que conta com um n\u00famero &nbsp;expressivo de alunos e de servidores ind\u00edgenas, sendo que o &nbsp;contato de servidores ind\u00edgenas e n\u00e3o ind\u00edgenas \u00e9 constante, tanto nas aldeias como na cidade.<\/p>\n\n\n\n<p>A equipe multidisciplinar &nbsp;da Secretaria de Educa\u00e7\u00e3o sempre est\u00e1 presente nas escolas ind\u00edgenas, nos trabalhos de acompanhamento, monitoramento, visitas t\u00e9cnicas e orienta\u00e7\u00f5es pedag\u00f3gicas. A l\u00edngua materna \u00e9 oficial da comunidade ind\u00edgena Akw\u1ebd\/Xerente, tendo a l\u00edngua portuguesa como a segunda l\u00edngua.<\/p>\n\n\n\n<p><strong>Lei Municipal<\/strong><\/p>\n\n\n\n<p>A Lei Municipal n\u00b0. 411\/2012, estabeleceu &nbsp; que a l\u00edngua Akw\u1ebd Xerente passou a ser a &nbsp;l\u00edngua co-oficial de Tocant\u00ednia, cabendo ao munic\u00edpio incentivar e apoiar o aprendizado e o uso dessa l\u00edngua nas escolas e pelos meios de comunica\u00e7\u00e3o.<\/p>\n\n\n\n<figure class=\"wp-block-image\"><img decoding=\"async\" src=\"http:\/\/n1to.com.br\/img\/uploads\/AAA_15.jpg\" alt=\"\"\/><\/figure>\n\n\n\n<figure class=\"wp-block-image\"><a href=\"https:\/\/www.instagram.com\/viniciusmartinsto\/\" target=\"_blank\" rel=\"noreferrer noopener\"><img decoding=\"async\" src=\"https:\/\/www.n1to.com.br\/img\/cache\/720x105\/80\/crop\/Imagem-eef442e8e75cae0362296529067458d6.png\" alt=\"\" title=\"Vin\u00edcius Martins - Consultor de Pol\u00edticas P\u00fablicas\"\/><\/a><\/figure>\n\n\n\n<figure class=\"wp-block-image is-resized\"><a href=\"https:\/\/www.instagram.com\/mutucacast\/\" target=\"_blank\" rel=\"noreferrer noopener\"><img loading=\"lazy\" decoding=\"async\" src=\"https:\/\/www.n1to.com.br\/img\/cache\/380x280\/80\/crop\/Imagem-e7214b7e48a41e43e545ec7063ee81e8.jpeg\" alt=\"\" width=\"720\" height=\"531\" title=\"MUTUCA CAST\"\/><\/a><\/figure>\n","protected":false},"excerpt":{"rendered":"<p>Por Leontina Martins A Prefeitura de Tocant\u00ednia, por meio da Secretaria Municipal de Educa\u00e7\u00e3o \u2013 Semed, deu in\u00edcio \u00e0s aulas&nbsp; de l\u00edngua Akw\u0113 Xerente, nesta quinta-feira, dia 2,&nbsp; no pr\u00e9dio do &nbsp;Anexo II, daquele \u00f3rg\u00e3o. O secret\u00e1rio de Educa\u00e7\u00e3o do munic\u00edpio, professor Andr\u00e9 Goveia, lembra que a l\u00edngua materna do povo ind\u00edgena Akw\u0113 \u00e9 co-oficial &hellip;<\/p>\n","protected":false},"author":5,"featured_media":4094,"comment_status":"open","ping_status":"open","sticky":false,"template":"","format":"standard","meta":{"footnotes":""},"categories":[78],"tags":[],"class_list":["post-4093","post","type-post","status-publish","format-standard","has-post-thumbnail","","category-tocantinia"],"_links":{"self":[{"href":"https:\/\/focotocantinense.com.br\/index.php?rest_route=\/wp\/v2\/posts\/4093","targetHints":{"allow":["GET"]}}],"collection":[{"href":"https:\/\/focotocantinense.com.br\/index.php?rest_route=\/wp\/v2\/posts"}],"about":[{"href":"https:\/\/focotocantinense.com.br\/index.php?rest_route=\/wp\/v2\/types\/post"}],"author":[{"embeddable":true,"href":"https:\/\/focotocantinense.com.br\/index.php?rest_route=\/wp\/v2\/users\/5"}],"replies":[{"embeddable":true,"href":"https:\/\/focotocantinense.com.br\/index.php?rest_route=%2Fwp%2Fv2%2Fcomments&post=4093"}],"version-history":[{"count":4,"href":"https:\/\/focotocantinense.com.br\/index.php?rest_route=\/wp\/v2\/posts\/4093\/revisions"}],"predecessor-version":[{"id":4098,"href":"https:\/\/focotocantinense.com.br\/index.php?rest_route=\/wp\/v2\/posts\/4093\/revisions\/4098"}],"wp:featuredmedia":[{"embeddable":true,"href":"https:\/\/focotocantinense.com.br\/index.php?rest_route=\/wp\/v2\/media\/4094"}],"wp:attachment":[{"href":"https:\/\/focotocantinense.com.br\/index.php?rest_route=%2Fwp%2Fv2%2Fmedia&parent=4093"}],"wp:term":[{"taxonomy":"category","embeddable":true,"href":"https:\/\/focotocantinense.com.br\/index.php?rest_route=%2Fwp%2Fv2%2Fcategories&post=4093"},{"taxonomy":"post_tag","embeddable":true,"href":"https:\/\/focotocantinense.com.br\/index.php?rest_route=%2Fwp%2Fv2%2Ftags&post=4093"}],"curies":[{"name":"wp","href":"https:\/\/api.w.org\/{rel}","templated":true}]}}