{"id":4080,"date":"2023-03-02T19:34:23","date_gmt":"2023-03-02T22:34:23","guid":{"rendered":"https:\/\/focotocantinense.com.br\/?p=4080"},"modified":"2023-03-02T19:38:19","modified_gmt":"2023-03-02T22:38:19","slug":"jalapao-e-eleito-um-dos-10-melhores-destinos-do-brasil","status":"publish","type":"post","link":"https:\/\/focotocantinense.com.br\/?p=4080","title":{"rendered":"Jalap\u00e3o \u00e9 eleito um dos 10 melhores destinos do Brasil"},"content":{"rendered":"\n<p>Mais uma vez o Jalap\u00e3o ficou entre os 10 melhores destinos para se conhecer no Brasil de acordo com a vota\u00e7\u00e3o p\u00fablica feita pelo site \u201cMelhores Destinos\u201d. A cidade de Len\u00e7\u00f3is, na Chapada Diamantina (BA) foi a grande vencedora pelo segundo ano seguido, e Alter do Ch\u00e3o, em Santar\u00e9m (PA), que ganhou o pr\u00eamio no ano passado, ficou na segunda coloca\u00e7\u00e3o.<\/p>\n\n\n\n<p>A vota\u00e7\u00e3o n\u00e3o acontecia desde 2019, devido a pandemia da Covid-19, por\u00e9m com a retomada das viagens o pr\u00eamio foi reestabelecido e entre os mais de 90 destinos o Jalap\u00e3o ficou entre os 10 melhores. Foram avaliados custo-benef\u00edcio, atra\u00e7\u00f5es, gastronomia, receptividade e seguran\u00e7a. As melhores avalia\u00e7\u00f5es para o Jalap\u00e3o foram nos atrativos (9,11), recep\u00e7\u00e3o (9,08) e seguran\u00e7a (9,30), deixando a regi\u00e3o tur\u00edstica mais conhecida do Estado com a m\u00e9dia de 8,60 pontos.<\/p>\n\n\n\n<p>O resultado do pr\u00eamio \u00e9 reflexo da gest\u00e3o do Governo do Tocantins, como celebra o Secret\u00e1rio da Cultura e Turismo, Hercy Filho, \u201cGarantir mais estrutura ao Parque estadual do Jalap\u00e3o e fortalecer a cadeia tur\u00edstica dos munic\u00edpios que o comp\u00f5e foram cruciais para alcan\u00e7armos esse resultado, gra\u00e7as a gest\u00e3o do governador Wanderlei Barbosa que tem buscado incentivar o crescimento e desenvolvimento da regi\u00e3o tur\u00edstica. Temos atuado com foco em garantir que essa estrutura\u00e7\u00e3o seja feita atendendo as necessidades das pessoas que vivem e trabalham na regi\u00e3o do parque e tamb\u00e9m daqueles que visitam nosso estado.&#8221;, afirmou.<\/p>\n\n\n\n<p>O empres\u00e1rio do receptivo Jalap\u00e3o Viagens, F\u00e1bio Dias, tamb\u00e9m v\u00ea o resultado do \u201cMelhores Destinos&#8221; com bons olhos. \u201cAl\u00e9m disso, essa premia\u00e7\u00e3o certamente trar\u00e1 mais visibilidade para a regi\u00e3o e aumentar\u00e1 o interesse dos turistas em conhecer as belezas naturais do Jalap\u00e3o. Isso pode se traduzir em mais neg\u00f3cios para as empresas de turismo locais, gerando empregos e ajudando a economia a crescer \u201d. O empres\u00e1rio ainda lembra que a visibilidade do Jalap\u00e3o tamb\u00e9m \u00e9 uma responsabilidade \u201cDevemos manter a qualidade dos servi\u00e7os oferecidos e a sustentabilidade do turismo no Jalap\u00e3o, para que possamos continuar atraindo visitantes e melhorando a vida dos moradores locais\u201d.&nbsp;<\/p>\n\n\n\n<p>O pr\u00eamio de &#8220;Melhores Destinos\u201d soma com o trabalho desenvolvido pelo Governo do Tocantins, que tem apresentado bons resultado como j\u00e1 apontado pela pesquisa realizada em 2022 e lan\u00e7ada em Janeiro deste ano, pelo Observat\u00f3rio do Turismo, onde mais de 70% dos visitantes tiveram a impress\u00e3o geral do Jalap\u00e3o como um \u00f3timo roteiro tur\u00edstico, superando a expectativa de 69% dos entrevistados. Al\u00e9m disso, durante os dias 18 a 21 de fevereiro de 2023, a visita\u00e7\u00e3o das Dunas teve um crescimento de cerca de 30% em rela\u00e7\u00e3o ao mesmo per\u00edodo do ano passado, como aponta o gerenciador do atrativo o Instituto Natureza do Tocantins (Naturatins).<\/p>\n\n\n\n<p><strong>Encantos do Jalap\u00e3o<\/strong><\/p>\n\n\n\n<p>A regi\u00e3o Encantos do Jalap\u00e3o \u00e9 uma das sete regi\u00f5es tur\u00edsticas do Tocantins. Formada pelos munic\u00edpios de Lizarda, Novo Acordo, Mateiros, Ponte Alta do Tocantins, Santa Tereza e S\u00e3o F\u00e9lix. \u00c9 um destino conhecido entre os apaixonados pelo ecoturismo e turismo de aventura, formado por chapad\u00f5es e serras com clima de savana, al\u00e9m da paisagem de cerrado, com direito a dunas alaranjadas, rios encachoeirados, nascentes e impressionantes forma\u00e7\u00f5es rochosas.<\/p>\n\n\n\n<figure class=\"wp-block-image size-full\"><img loading=\"lazy\" decoding=\"async\" width=\"757\" height=\"527\" src=\"https:\/\/focotocantinense.com.br\/wp-content\/uploads\/2023\/03\/ddd.jpg\" alt=\"\" class=\"wp-image-4084\" srcset=\"https:\/\/focotocantinense.com.br\/wp-content\/uploads\/2023\/03\/ddd.jpg 757w, https:\/\/focotocantinense.com.br\/wp-content\/uploads\/2023\/03\/ddd-300x209.jpg 300w\" sizes=\"auto, (max-width: 757px) 100vw, 757px\" \/><\/figure>\n\n\n\n<figure class=\"wp-block-image size-full is-resized\"><img loading=\"lazy\" decoding=\"async\" src=\"https:\/\/focotocantinense.com.br\/wp-content\/uploads\/2023\/03\/BBB.jpg\" alt=\"\" class=\"wp-image-4086\" width=\"759\" height=\"476\" srcset=\"https:\/\/focotocantinense.com.br\/wp-content\/uploads\/2023\/03\/BBB.jpg 687w, https:\/\/focotocantinense.com.br\/wp-content\/uploads\/2023\/03\/BBB-300x188.jpg 300w\" sizes=\"auto, (max-width: 759px) 100vw, 759px\" \/><\/figure>\n\n\n\n<figure class=\"wp-block-image size-full is-resized\"><img loading=\"lazy\" decoding=\"async\" src=\"https:\/\/focotocantinense.com.br\/wp-content\/uploads\/2023\/03\/ccc.jpg\" alt=\"\" class=\"wp-image-4088\" width=\"763\" height=\"535\" srcset=\"https:\/\/focotocantinense.com.br\/wp-content\/uploads\/2023\/03\/ccc.jpg 687w, https:\/\/focotocantinense.com.br\/wp-content\/uploads\/2023\/03\/ccc-300x210.jpg 300w\" sizes=\"auto, (max-width: 763px) 100vw, 763px\" \/><\/figure>\n\n\n\n<figure class=\"wp-block-image\"><a href=\"https:\/\/www.instagram.com\/viniciusmartinsto\/\" target=\"_blank\" rel=\"noreferrer noopener\"><img decoding=\"async\" src=\"https:\/\/www.n1to.com.br\/img\/cache\/720x105\/80\/crop\/Imagem-eef442e8e75cae0362296529067458d6.png\" alt=\"\" title=\"Vin\u00edcius Martins - Consultor de Pol\u00edticas P\u00fablicas\"\/><\/a><\/figure>\n\n\n\n<figure class=\"wp-block-image is-resized\"><a href=\"https:\/\/www.instagram.com\/mutucacast\/\" target=\"_blank\" rel=\"noreferrer noopener\"><img loading=\"lazy\" decoding=\"async\" src=\"https:\/\/www.n1to.com.br\/img\/cache\/380x280\/80\/crop\/Imagem-e7214b7e48a41e43e545ec7063ee81e8.jpeg\" alt=\"\" width=\"713\" height=\"525\" title=\"MUTUCA CAST\"\/><\/a><\/figure>\n","protected":false},"excerpt":{"rendered":"<p>Mais uma vez o Jalap\u00e3o ficou entre os 10 melhores destinos para se conhecer no Brasil de acordo com a vota\u00e7\u00e3o p\u00fablica feita pelo site \u201cMelhores Destinos\u201d. A cidade de Len\u00e7\u00f3is, na Chapada Diamantina (BA) foi a grande vencedora pelo segundo ano seguido, e Alter do Ch\u00e3o, em Santar\u00e9m (PA), que ganhou o pr\u00eamio no &hellip;<\/p>\n","protected":false},"author":5,"featured_media":4081,"comment_status":"open","ping_status":"open","sticky":false,"template":"","format":"standard","meta":{"footnotes":""},"categories":[107],"tags":[],"class_list":["post-4080","post","type-post","status-publish","format-standard","has-post-thumbnail","","category-jalapao"],"_links":{"self":[{"href":"https:\/\/focotocantinense.com.br\/index.php?rest_route=\/wp\/v2\/posts\/4080","targetHints":{"allow":["GET"]}}],"collection":[{"href":"https:\/\/focotocantinense.com.br\/index.php?rest_route=\/wp\/v2\/posts"}],"about":[{"href":"https:\/\/focotocantinense.com.br\/index.php?rest_route=\/wp\/v2\/types\/post"}],"author":[{"embeddable":true,"href":"https:\/\/focotocantinense.com.br\/index.php?rest_route=\/wp\/v2\/users\/5"}],"replies":[{"embeddable":true,"href":"https:\/\/focotocantinense.com.br\/index.php?rest_route=%2Fwp%2Fv2%2Fcomments&post=4080"}],"version-history":[{"count":8,"href":"https:\/\/focotocantinense.com.br\/index.php?rest_route=\/wp\/v2\/posts\/4080\/revisions"}],"predecessor-version":[{"id":4092,"href":"https:\/\/focotocantinense.com.br\/index.php?rest_route=\/wp\/v2\/posts\/4080\/revisions\/4092"}],"wp:featuredmedia":[{"embeddable":true,"href":"https:\/\/focotocantinense.com.br\/index.php?rest_route=\/wp\/v2\/media\/4081"}],"wp:attachment":[{"href":"https:\/\/focotocantinense.com.br\/index.php?rest_route=%2Fwp%2Fv2%2Fmedia&parent=4080"}],"wp:term":[{"taxonomy":"category","embeddable":true,"href":"https:\/\/focotocantinense.com.br\/index.php?rest_route=%2Fwp%2Fv2%2Fcategories&post=4080"},{"taxonomy":"post_tag","embeddable":true,"href":"https:\/\/focotocantinense.com.br\/index.php?rest_route=%2Fwp%2Fv2%2Ftags&post=4080"}],"curies":[{"name":"wp","href":"https:\/\/api.w.org\/{rel}","templated":true}]}}