{"id":4070,"date":"2023-03-01T21:05:22","date_gmt":"2023-03-02T00:05:22","guid":{"rendered":"https:\/\/focotocantinense.com.br\/?p=4070"},"modified":"2023-03-01T21:05:22","modified_gmt":"2023-03-02T00:05:22","slug":"em-brasilia-deputado-federal-toinho-andrade-discute-com-bancada-do-tocantins-a-destinacao-de-emendas-aos-municipios","status":"publish","type":"post","link":"https:\/\/focotocantinense.com.br\/?p=4070","title":{"rendered":"Em Bras\u00edlia, Deputado Federal Toinho Andrade discute com bancada do Tocantins a destina\u00e7\u00e3o de emendas aos munic\u00edpios"},"content":{"rendered":"\n<p>Deputados Federais e Senadores do Tocantins se reuniram na manh\u00e3 desta quarta-feira, 1, no gabinete da Senadora Professora Dorinha, em Bras\u00edlia. O objetivo do encontro foi alinhar as principais necessidades dos munic\u00edpios tocantinenses, tendo em vista aplicar da melhor forma os recursos advindos da bancada federal nas \u00e1reas da sa\u00fade, &nbsp;educa\u00e7\u00e3o, &nbsp;infraestrutura, seguran\u00e7a p\u00fablica, dentre outras. Na ocasi\u00e3o, &nbsp;a Senadora Professora Dorinha, foi escolhida para coordenar a bancada federal do Estado.<\/p>\n\n\n\n<p>Em entrevista exclusiva, &nbsp;o deputado federal, &nbsp;Antonio Andrade, &nbsp;falou sobre a import\u00e2ncia de trabalhar em parceria. &nbsp;\u201cA bancada est\u00e1 unida, &nbsp;e eu acredito que essa uni\u00e3o \u00e9 em benef\u00edcio da popula\u00e7\u00e3o tocantinense. Estamos estreitando la\u00e7os, &nbsp;imbu\u00eddos no prop\u00f3sito de fazer o melhor para o nosso Estado. Sabemos da import\u00e2ncia de trabalharmos em parceria, somando for\u00e7as com o governo federal, estadual, de modo que possamos administrar da melhor forma poss\u00edvel os recursos p\u00fablicos que ir\u00e3o proporcionar melhorias na vida dos cidad\u00e3os tocantinenses. Com seriedade, e comprometimento estaremos atendendo de forma indistinta aos 139 munic\u00edpios do Estado\u201d, pontuou.<\/p>\n\n\n\n<p>Estiveram presentes na reuni\u00e3o, os oito deputados federais, \u00a0Antonio Andrade (Republicanos); Vicentinho J\u00fanior (PP); Ricardo Ayres ( Republicanos); L\u00e1zaro Botelho ( PP); Carlos Gaguim ( Uni\u00e3o Brasil); Alexandre Guimar\u00e3es (Republicanos); Filipe Martins (PL); Eli Borges ( PL); a Senadora Professora Dorinha ( Uni\u00e3o Brasil); e o Senador Eduardo Gomes (PL).<\/p>\n\n\n\n<figure class=\"wp-block-image size-full\"><img loading=\"lazy\" decoding=\"async\" width=\"900\" height=\"494\" src=\"https:\/\/focotocantinense.com.br\/wp-content\/uploads\/2023\/03\/aaaaaa.jpg\" alt=\"\" class=\"wp-image-4071\" srcset=\"https:\/\/focotocantinense.com.br\/wp-content\/uploads\/2023\/03\/aaaaaa.jpg 900w, https:\/\/focotocantinense.com.br\/wp-content\/uploads\/2023\/03\/aaaaaa-300x165.jpg 300w, https:\/\/focotocantinense.com.br\/wp-content\/uploads\/2023\/03\/aaaaaa-768x422.jpg 768w\" sizes=\"auto, (max-width: 900px) 100vw, 900px\" \/><\/figure>\n\n\n\n<figure class=\"wp-block-image size-full\"><img loading=\"lazy\" decoding=\"async\" width=\"1011\" height=\"263\" src=\"https:\/\/focotocantinense.com.br\/wp-content\/uploads\/2023\/03\/VINI.jpg\" alt=\"\" class=\"wp-image-4072\" srcset=\"https:\/\/focotocantinense.com.br\/wp-content\/uploads\/2023\/03\/VINI.jpg 1011w, https:\/\/focotocantinense.com.br\/wp-content\/uploads\/2023\/03\/VINI-300x78.jpg 300w, https:\/\/focotocantinense.com.br\/wp-content\/uploads\/2023\/03\/VINI-768x200.jpg 768w\" sizes=\"auto, (max-width: 1011px) 100vw, 1011px\" \/><\/figure>\n","protected":false},"excerpt":{"rendered":"<p>Deputados Federais e Senadores do Tocantins se reuniram na manh\u00e3 desta quarta-feira, 1, no gabinete da Senadora Professora Dorinha, em Bras\u00edlia. O objetivo do encontro foi alinhar as principais necessidades dos munic\u00edpios tocantinenses, tendo em vista aplicar da melhor forma os recursos advindos da bancada federal nas \u00e1reas da sa\u00fade, &nbsp;educa\u00e7\u00e3o, &nbsp;infraestrutura, seguran\u00e7a p\u00fablica, dentre &hellip;<\/p>\n","protected":false},"author":5,"featured_media":4071,"comment_status":"open","ping_status":"open","sticky":false,"template":"","format":"standard","meta":{"footnotes":""},"categories":[40],"tags":[],"class_list":["post-4070","post","type-post","status-publish","format-standard","has-post-thumbnail","","category-politica"],"_links":{"self":[{"href":"https:\/\/focotocantinense.com.br\/index.php?rest_route=\/wp\/v2\/posts\/4070","targetHints":{"allow":["GET"]}}],"collection":[{"href":"https:\/\/focotocantinense.com.br\/index.php?rest_route=\/wp\/v2\/posts"}],"about":[{"href":"https:\/\/focotocantinense.com.br\/index.php?rest_route=\/wp\/v2\/types\/post"}],"author":[{"embeddable":true,"href":"https:\/\/focotocantinense.com.br\/index.php?rest_route=\/wp\/v2\/users\/5"}],"replies":[{"embeddable":true,"href":"https:\/\/focotocantinense.com.br\/index.php?rest_route=%2Fwp%2Fv2%2Fcomments&post=4070"}],"version-history":[{"count":1,"href":"https:\/\/focotocantinense.com.br\/index.php?rest_route=\/wp\/v2\/posts\/4070\/revisions"}],"predecessor-version":[{"id":4073,"href":"https:\/\/focotocantinense.com.br\/index.php?rest_route=\/wp\/v2\/posts\/4070\/revisions\/4073"}],"wp:featuredmedia":[{"embeddable":true,"href":"https:\/\/focotocantinense.com.br\/index.php?rest_route=\/wp\/v2\/media\/4071"}],"wp:attachment":[{"href":"https:\/\/focotocantinense.com.br\/index.php?rest_route=%2Fwp%2Fv2%2Fmedia&parent=4070"}],"wp:term":[{"taxonomy":"category","embeddable":true,"href":"https:\/\/focotocantinense.com.br\/index.php?rest_route=%2Fwp%2Fv2%2Fcategories&post=4070"},{"taxonomy":"post_tag","embeddable":true,"href":"https:\/\/focotocantinense.com.br\/index.php?rest_route=%2Fwp%2Fv2%2Ftags&post=4070"}],"curies":[{"name":"wp","href":"https:\/\/api.w.org\/{rel}","templated":true}]}}