{"id":4064,"date":"2023-03-01T19:58:48","date_gmt":"2023-03-01T22:58:48","guid":{"rendered":"https:\/\/focotocantinense.com.br\/?p=4064"},"modified":"2023-03-02T09:53:20","modified_gmt":"2023-03-02T12:53:20","slug":"premio-leitura-viva-em-tocantinia-chega-a-sua-quarta-edicao","status":"publish","type":"post","link":"https:\/\/focotocantinense.com.br\/?p=4064","title":{"rendered":"Pr\u00eamio Leitura Viva, em Tocant\u00ednia, chega \u00e0 sua quarta edi\u00e7\u00e3o"},"content":{"rendered":"\n<p><strong>Por Zacarias Martins<\/strong><\/p>\n\n\n\n<p>Dando sequ\u00eancia a uma s\u00e9rie de atividades que a Prefeitura de Tocant\u00ednia, por meio da Secretaria de Educa\u00e7\u00e3o (Semed), vem&nbsp;&nbsp;colocando em pr\u00e1tica para estimular cada vez mais o h\u00e1bito da leitura nos alunos&nbsp;&nbsp;que estudam na Rede Municipal de Educa\u00e7\u00e3o, foi realizada na manh\u00e3 desta quarta-feira, dia 1\u00ba , o lan\u00e7amento e o in\u00edcio das inscri\u00e7\u00f5es da 4\u00aa edi\u00e7\u00e3o Pr\u00eamio Leitura Viva.<\/p>\n\n\n\n<p>O evento aconteceu no Centro de Refer\u00eancia Projeto Leitura Viva, localizado na Pra\u00e7a Valperino Gomes de Oliveira, no setor central da cidade, quando, na oportunidade, tamb\u00e9m foi realizada a premia\u00e7\u00e3o dos alunos finalistas da 3\u00aa edi\u00e7\u00e3o do pr\u00eamio realizada no&nbsp;&nbsp;ano de 2022.<\/p>\n\n\n\n<p>Al\u00e9m dos alunos&nbsp;&nbsp;inscritos&nbsp;&nbsp;nesse certamente liter\u00e1rio, muitos, acompanhados pelos pais, se fizeram presentes ao acontecimento o&nbsp;&nbsp;secret\u00e1rio de Educa\u00e7\u00e3o do munic\u00edpio, professor&nbsp;&nbsp;Andr\u00e9 Gouveia, a equipe de&nbsp;&nbsp;coordena\u00e7\u00e3o do Projeto, composta pelas professoras Rozilene Louzeira, Luan Lima e Carmem L\u00facia, bem como, foi constata a presen\u00e7a de coordenadores pedag\u00f3gicos e&nbsp;&nbsp;diretores escolares.<\/p>\n\n\n\n<p><strong>Incentivo \u00e0 leitura<\/strong><\/p>\n\n\n\n<p>O secret\u00e1rio Andr\u00e9 Goveia falou sobre&nbsp;&nbsp;a import\u00e2ncia desse projeto para o incentivo \u00e0 leitura e a produ\u00e7\u00e3o textual para incrementar ainda mais o ensino aprendizagem dos alunos das escolas municipais de Tocant\u00ednia.<\/p>\n\n\n\n<p>\u201cEstamos muitos felizes\u00a0\u00a0em dar prosseguimento a essa iniciativa que j\u00e1 colhe excelentes frutos no seio estudantil, pois proporciona aos nosso alunos a oportunidade de serem leitores cr\u00edticos e, ao mesmo tempo, mostrarem seus talentos liter\u00e1rios nas obras que publicamos com os trabalhos deles, que s\u00e3o selecionados por nossa equipe pedag\u00f3gica\u201d, destacou Andr\u00e9 Goveia, explicando, ainda, que para a edi\u00e7\u00e3o desta\u00a0\u00a0ano do Pr\u00eamio Leitura Viva foi acrescentada a categoria de G\u00eanero Livre, destinada \u00e0 comunidade local.<\/p>\n\n\n\n<p><strong>Rela\u00e7\u00e3o dos alunos que mais se destacaram no Pr\u00eamio Leitura Viva &#8211; Terceira Edi\u00e7\u00e3o<\/strong><\/p>\n\n\n\n<p><strong><u>Escola Municipal de Educa\u00e7\u00e3o Infantil -Tereza Hil\u00e1rio Ribeiro<\/u><\/strong><\/p>\n\n\n\n<p>1-Felipe Barbosa Silva, turma Jardim I&nbsp;<\/p>\n\n\n\n<p>2-Davi Ribeiro Santana, turma Pr\u00e9-escolar I \u201cB\u201d<\/p>\n\n\n\n<p><strong><u>Escola Municipal Benvindo Souza Luz<\/u><\/strong><\/p>\n\n\n\n<p>1-Luiz Gustavo Costa,Pr\u00e9-escolar I<\/p>\n\n\n\n<p>2-Ana Luisa Rodrigues de Almeida,5\u00ba ano<\/p>\n\n\n\n<p><strong><u>Escola Municipal de Tempo Integral &#8211; Ant\u00f4nio Benvindo da Luz<\/u><\/strong><\/p>\n\n\n\n<p>1-Jo\u00e3o Pedro Neres Rios,1\u00ba ano<\/p>\n\n\n\n<p>2-Ana Luisa P.da Silva,3\u00ba ano<\/p>\n\n\n\n<p><strong>Escola Municipal Professor Constantino Pedro de Castro<\/strong><\/p>\n\n\n\n<p>1-Ana Beatriz Alves Pereira,2\u00ba ano<\/p>\n\n\n\n<p>2-Davi Quixabeira Gama,2\u00ba ano<\/p>\n\n\n\n<p>3-Gabriel S.M.Gomes Xerente,3\u00ba ano<\/p>\n\n\n\n<p>4-Maria Elisa A.Carvalho,3\u00ba ano<\/p>\n\n\n\n<p>5-Evellyn S.Gomes Barbosa ,5\u00ba ano<\/p>\n\n\n\n<p>6-Ana Sofia M.Carneiro,5\u00ba ano<\/p>\n\n\n\n<p><strong>Escola Municipal Ana Alves de Brito<\/strong><\/p>\n\n\n\n<p>1-Davi Silva Martins,7\u00ba ano<\/p>\n\n\n\n<p>2-Anny Vit\u00f3ria S.da Costa,8\u00ba ano<\/p>\n\n\n\n<p>3-Keyllane Moura da Silva,8\u00ba ano<\/p>\n\n\n\n<figure class=\"wp-block-image is-resized\"><a href=\"https:\/\/blogger.googleusercontent.com\/img\/b\/R29vZ2xl\/AVvXsEhSk2TJUC7CMd0uJucRLVlioCBRjX-uhao_joMT6y_qXOv7DgzlEKjOctae6OXYngIfaFCE9aBDnXfXAtM7DHmmnz5E_nxA9hKHFQ5fNHDO_TUA4e2ElyV8C8BLbdoLB9cZ2V10bYx3SC1wcG6B7B3NlL09uwO6JPzHVTK7uQrK5O2CUCMtoLQ8US1Lgg\/s428\/TABELA%20PREMIO%20LEITURA%20VIVA%20TOCANTINIA.jpg\"><img loading=\"lazy\" decoding=\"async\" src=\"https:\/\/blogger.googleusercontent.com\/img\/b\/R29vZ2xl\/AVvXsEhSk2TJUC7CMd0uJucRLVlioCBRjX-uhao_joMT6y_qXOv7DgzlEKjOctae6OXYngIfaFCE9aBDnXfXAtM7DHmmnz5E_nxA9hKHFQ5fNHDO_TUA4e2ElyV8C8BLbdoLB9cZ2V10bYx3SC1wcG6B7B3NlL09uwO6JPzHVTK7uQrK5O2CUCMtoLQ8US1Lgg\/w486-h516\/TABELA%20PREMIO%20LEITURA%20VIVA%20TOCANTINIA.jpg\" alt=\"\" width=\"838\" height=\"892\"\/><\/a><\/figure>\n\n\n\n<figure class=\"wp-block-image is-resized\"><img loading=\"lazy\" decoding=\"async\" src=\"https:\/\/blogger.googleusercontent.com\/img\/b\/R29vZ2xl\/AVvXsEhlZfq2klcFmLQgiT1B2iDe3ezzN8XYZdemyQfcc5FMFJR40tDGlhvEIPH2CPl2qCyOWAfP-yXVUIAp_zumYcnch839Xbrgq4Q9hb-OoAPE4w2OU5_Xy7WQFFH9mThgU_FL28OWZveaHEfHj3Bq-nJkFcsk0ECBSil0-5CcDTfhNQvTkvL9HfOeqOXS2g\/w489-h325\/2%20%20-%20TOCANBTINIA%20FOTO%20EDVALDO%20XERENTE.jpg\" alt=\"\" width=\"839\" height=\"559\"\/><\/figure>\n\n\n\n<figure class=\"wp-block-image is-resized\"><img loading=\"lazy\" decoding=\"async\" src=\"https:\/\/blogger.googleusercontent.com\/img\/b\/R29vZ2xl\/AVvXsEjPIjDGt_OFgnjt7wffstL2EeDPdhZuKP4wfNkhJQh3B-zdxmMSxhchoxOxvIa26sQKTi0ErTSoTkvu35mBN6pI3NaOkTOOJsL1yfHrJMerlgI-jATrKpepNC1iwrWpDugeyT-SkhpEk142Gv7tKqaCgfG-emuj9NwbMTdC8Uk4RcoDFQfs7gMS7fo1Kw\/w500-h308\/3%20%20-%20TOCANBTINIA%20FOTO%20EDVALDO%20XERENTE.jpg\" alt=\"\" width=\"844\" height=\"521\"\/><\/figure>\n\n\n\n<figure class=\"wp-block-image is-resized\"><img loading=\"lazy\" decoding=\"async\" src=\"https:\/\/blogger.googleusercontent.com\/img\/b\/R29vZ2xl\/AVvXsEjnCBJOFDFDdMYHoDm4smgKz4g08fu9pyHuhDOM_1iJEUgRoPsZfemx0b7_k8V6tDdaTEYYQAnhRVt7E1SnecI7j2z_U5roJhONkkB0piG4xu74Oy7bqLfSKMJBOmRsFSUZ5C_-SDJnEnOg9RpeU2bPm1G_XqsMbOk55Tvd1aTPajq41Z3EOQvbqroxUg\/w500-h343\/4%20TOCANTINIA%20FOTO%20EDVALDO%20XERENTE.jpg\" alt=\"\" width=\"842\" height=\"576\"\/><\/figure>\n\n\n\n<figure class=\"wp-block-image size-large\"><img loading=\"lazy\" decoding=\"async\" width=\"1024\" height=\"682\" src=\"https:\/\/focotocantinense.com.br\/wp-content\/uploads\/2023\/03\/1-TOCANBTINIA-FOTO-EDVALDO-XERENTE-1024x682.jpg\" alt=\"\" class=\"wp-image-4067\" srcset=\"https:\/\/focotocantinense.com.br\/wp-content\/uploads\/2023\/03\/1-TOCANBTINIA-FOTO-EDVALDO-XERENTE-1024x682.jpg 1024w, https:\/\/focotocantinense.com.br\/wp-content\/uploads\/2023\/03\/1-TOCANBTINIA-FOTO-EDVALDO-XERENTE-300x200.jpg 300w, https:\/\/focotocantinense.com.br\/wp-content\/uploads\/2023\/03\/1-TOCANBTINIA-FOTO-EDVALDO-XERENTE-768x512.jpg 768w, https:\/\/focotocantinense.com.br\/wp-content\/uploads\/2023\/03\/1-TOCANBTINIA-FOTO-EDVALDO-XERENTE-1536x1023.jpg 1536w, https:\/\/focotocantinense.com.br\/wp-content\/uploads\/2023\/03\/1-TOCANBTINIA-FOTO-EDVALDO-XERENTE-310x205.jpg 310w, https:\/\/focotocantinense.com.br\/wp-content\/uploads\/2023\/03\/1-TOCANBTINIA-FOTO-EDVALDO-XERENTE.jpg 1600w\" sizes=\"auto, (max-width: 1024px) 100vw, 1024px\" \/><\/figure>\n\n\n\n<figure class=\"wp-block-image is-resized\"><img loading=\"lazy\" decoding=\"async\" src=\"https:\/\/blogger.googleusercontent.com\/img\/b\/R29vZ2xl\/AVvXsEgKoZ_NeOpmCf-f2WM9hoSZm9PGyLzjgnoAvEvCUOYtEr_wUfA3-yx0sc7xRs3fqppinWdwUQoHSnZamsXEsXPw0DYtRCo6YbEWYJZ3hRtybl-NF96h4UIoLcnNYDcQmFix68lr9BalfXDvrg2q6TtF5mNFD37AQ3OQyHek0GbystuWQcophOJ1YX_aRw\/w502-h345\/5%20%20TOCANTINIA%20FOTO%20EDVALDO%20XERENTE.jpg\" alt=\"\" width=\"843\" height=\"582\"\/><\/figure>\n\n\n\n<figure class=\"wp-block-image is-resized\"><img loading=\"lazy\" decoding=\"async\" src=\"https:\/\/blogger.googleusercontent.com\/img\/b\/R29vZ2xl\/AVvXsEiZksdVrTEWnxq1NksK2ekujLyoevPc9DuC1YDaxuSIp52C_GyfMTgcJOpKWWQv5NAHAXFTz6_fJPQIXLcLfvAhlTaD_PKmOXib4K8s7Rh00KLp1yJGuX9zM5pw5eHozUAGvMSf3zlPMDTORt1P4s4Bq0P-Il9KRLI1ewrRT4fQFyCd9sTKDgXGZBCPJA\/w521-h135\/VINI.jpg\" alt=\"\" width=\"842\" height=\"219\"\/><\/figure>\n","protected":false},"excerpt":{"rendered":"<p>Por Zacarias Martins Dando sequ\u00eancia a uma s\u00e9rie de atividades que a Prefeitura de Tocant\u00ednia, por meio da Secretaria de Educa\u00e7\u00e3o (Semed), vem&nbsp;&nbsp;colocando em pr\u00e1tica para estimular cada vez mais o h\u00e1bito da leitura nos alunos&nbsp;&nbsp;que estudam na Rede Municipal de Educa\u00e7\u00e3o, foi realizada na manh\u00e3 desta quarta-feira, dia 1\u00ba , o lan\u00e7amento e o &hellip;<\/p>\n","protected":false},"author":5,"featured_media":4065,"comment_status":"open","ping_status":"open","sticky":false,"template":"","format":"standard","meta":{"footnotes":""},"categories":[78],"tags":[],"class_list":["post-4064","post","type-post","status-publish","format-standard","has-post-thumbnail","","category-tocantinia"],"_links":{"self":[{"href":"https:\/\/focotocantinense.com.br\/index.php?rest_route=\/wp\/v2\/posts\/4064","targetHints":{"allow":["GET"]}}],"collection":[{"href":"https:\/\/focotocantinense.com.br\/index.php?rest_route=\/wp\/v2\/posts"}],"about":[{"href":"https:\/\/focotocantinense.com.br\/index.php?rest_route=\/wp\/v2\/types\/post"}],"author":[{"embeddable":true,"href":"https:\/\/focotocantinense.com.br\/index.php?rest_route=\/wp\/v2\/users\/5"}],"replies":[{"embeddable":true,"href":"https:\/\/focotocantinense.com.br\/index.php?rest_route=%2Fwp%2Fv2%2Fcomments&post=4064"}],"version-history":[{"count":4,"href":"https:\/\/focotocantinense.com.br\/index.php?rest_route=\/wp\/v2\/posts\/4064\/revisions"}],"predecessor-version":[{"id":4079,"href":"https:\/\/focotocantinense.com.br\/index.php?rest_route=\/wp\/v2\/posts\/4064\/revisions\/4079"}],"wp:featuredmedia":[{"embeddable":true,"href":"https:\/\/focotocantinense.com.br\/index.php?rest_route=\/wp\/v2\/media\/4065"}],"wp:attachment":[{"href":"https:\/\/focotocantinense.com.br\/index.php?rest_route=%2Fwp%2Fv2%2Fmedia&parent=4064"}],"wp:term":[{"taxonomy":"category","embeddable":true,"href":"https:\/\/focotocantinense.com.br\/index.php?rest_route=%2Fwp%2Fv2%2Fcategories&post=4064"},{"taxonomy":"post_tag","embeddable":true,"href":"https:\/\/focotocantinense.com.br\/index.php?rest_route=%2Fwp%2Fv2%2Ftags&post=4064"}],"curies":[{"name":"wp","href":"https:\/\/api.w.org\/{rel}","templated":true}]}}