{"id":4061,"date":"2023-02-28T19:14:48","date_gmt":"2023-02-28T22:14:48","guid":{"rendered":"https:\/\/focotocantinense.com.br\/?p=4061"},"modified":"2023-02-28T19:15:34","modified_gmt":"2023-02-28T22:15:34","slug":"prefeitura-de-gurupi-da-inicio-a-campanha-da-vacina-bivalente-contra-covid-19","status":"publish","type":"post","link":"https:\/\/focotocantinense.com.br\/?p=4061","title":{"rendered":"Prefeitura de Gurupi d\u00e1 in\u00edcio a Campanha da Vacina Bivalente contra Covid-19"},"content":{"rendered":"\n<p>A Prefeitura de Gurupi, por meio da Secretaria Municipal de Sa\u00fade (Semus) j\u00e1 deu in\u00edcio a imuniza\u00e7\u00e3o com a vacina bivalente contra a Covid-19, nas setes Unidades B\u00e1sicas de Sa\u00fade indicadas para realiza\u00e7\u00e3o do trabalho.&nbsp; A vacina bivalente \u00e9 do laborat\u00f3rio Pfizer e protege contra a cepa original do coronav\u00edrus e as subvariantes \u00f4micron.<\/p>\n\n\n\n<p>Na cidade, os p\u00fablicos alvos s\u00e3o ainda mais abrangentes do que os indicados pelo Minist\u00e9rio da Sa\u00fade (MS), englobando: idosos de 60 anos ou mais; trabalhadores da sa\u00fade; gestantes e pu\u00e9rperas. Em breve ser\u00e1 lan\u00e7ado pelo munic\u00edpio um dia \u201cD\u201d voltado para mobilizar ainda mais pessoas do p\u00fablico alvo. A meta \u00e9 atingir 95% de imuniza\u00e7\u00e3o da comunidade.<\/p>\n\n\n\n<p>\u201cPe\u00e7o a todas pessoas do p\u00fablico alvo que compare\u00e7am aos pontos de vacina\u00e7\u00e3o! Aqui em Gurupi, estamos com p\u00fablicos ainda mais abrangentes, porque vimos que poder\u00edamos nos organizar assim. \u00c9 muito importante que nossa comunidade se imunize e continue mantendo os baixos \u00edndices de Covid-19, no munic\u00edpio. Al\u00e9m disso, ajudamos nosso estado e at\u00e9 pa\u00eds a impedir que novas variantes cheguem at\u00e9 aqui. A gente sabe que s\u00f3 com a vacina\u00e7\u00e3o isso \u00e9 poss\u00edvel. Ent\u00e3o, nossas vacinadoras e UBSs est\u00e3o prontas para receber voc\u00eas, vamos nos imunizar\u201d, refor\u00e7ou a prefeita Josi Nunes sobre a campanha.<\/p>\n\n\n\n<p>Para receber a bivalente, aqueles que estiverem no grupo priorit\u00e1rio j\u00e1 devem ter recebido pelo menos duas doses da vacina monovalente. Al\u00e9m disso, o refor\u00e7o poder\u00e1 ser aplicado somente naqueles que receberem a \u00faltima dose h\u00e1 mais de 4 meses.&nbsp; A pessoa tamb\u00e9m precisa levar os documentos de identidade, cart\u00e3o de vacina e cart\u00e3o SUS.<\/p>\n\n\n\n<p>\u201cA vacina bivalente contra a Covid-19 tem a fun\u00e7\u00e3o de ajustar o esquema vacinal e se transformar em um imunizante de rotina. O Minist\u00e9rio da Sa\u00fade j\u00e1 sinalizou que ela ser\u00e1 realizada anualmente. O paciente que tomar a vacina bivalente n\u00e3o vai mais precisar, este ano, tomar outra vacina contra a Covid-19, s\u00f3 o ano que vem, quando for lan\u00e7ada a campanha da bivalente de novo\u201d, explicou Lilamara Oliveira, coordenadora de imuniza\u00e7\u00e3o da Semus.<\/p>\n\n\n\n<p>\u201cEsta vacina bivalente contra a Covid-19 ser\u00e1 inserida no calend\u00e1rio nacional. Ela \u00e9 muito importante para os munic\u00edpios e foi muito aguardada. Agora \u00e9 a comunidade continuar colaborando e indo se imunizar para todo pa\u00eds alcan\u00e7ar a imunidade de rebanho que trar\u00e1 ainda mais seguran\u00e7a contra essa doen\u00e7a. J\u00e1 estamos organizando nosso dia \u201cD\u201d de vacina\u00e7\u00e3o do imunizante, para mobilizar um p\u00fablico ainda maior! Queremos manter Gurupi cada dia mais protegida, para assim mantermos nosso dia-a-dia com a normalidade que conseguimos atingir\u201d, frisou Sinvaldo Moraes, secret\u00e1rio municipal de sa\u00fade. &nbsp;<\/p>\n\n\n\n<p><strong>PONTOS DE VACINA\u00c7\u00c3O:<\/strong><\/p>\n\n\n\n<p><strong>UBS Parque das Ac\u00e1cias<\/strong><\/p>\n\n\n\n<p>Vacinas de rotina, Covid-19 adulto e infantil<\/p>\n\n\n\n<p>Hor\u00e1rio: 07h \u00e0s 11h<\/p>\n\n\n\n<p>13h \u00e0s 17h<\/p>\n\n\n\n<p><strong>UBS Jardim do Buritis<\/strong><\/p>\n\n\n\n<p>Vacinas de rotina, Covid-19 adulto e infantil<\/p>\n\n\n\n<p>Hor\u00e1rio: 07h \u00e0s 11h<\/p>\n\n\n\n<p>13h \u00e0s 17h<\/p>\n\n\n\n<p><strong>UBS Pedroso<\/strong><\/p>\n\n\n\n<p>Vacinas de rotina, Antirr\u00e1bica, Covid-19 adulto e infantil<\/p>\n\n\n\n<p>Hor\u00e1rio: 07h \u00e0s 11h<\/p>\n\n\n\n<p>13h \u00e0s 17h<\/p>\n\n\n\n<p><strong>UBS Sol Nascente<\/strong><\/p>\n\n\n\n<p>Vacinas de rotina, Covid-19 adulto e infantil<\/p>\n\n\n\n<p>Hor\u00e1rio: 07h \u00e0s 11h<\/p>\n\n\n\n<p>13h \u00e0s 17h<\/p>\n\n\n\n<p><strong>UBS Jo\u00e3o Manoel<\/strong><\/p>\n\n\n\n<p>Vacinas de rotina, Covid-19 adulto e infantil<\/p>\n\n\n\n<p>Hor\u00e1rio: 07h \u00e0s 11h<\/p>\n\n\n\n<p>13h \u00e0s 17h<\/p>\n\n\n\n<p><strong>UBS Vila Nova<\/strong><\/p>\n\n\n\n<p>Vacinas de rotina, Covid-19 adulto e infantil<\/p>\n\n\n\n<p>Hor\u00e1rio: 07h \u00e0s 11h<\/p>\n\n\n\n<p>13h \u00e0s 17h<\/p>\n\n\n\n<p><strong>UBS Nova Fronteira<\/strong><\/p>\n\n\n\n<p>Vacinas de rotina, Covid-19 adulto e infantil<\/p>\n\n\n\n<p>Hor\u00e1rio: 07h \u00e0s 11h<\/p>\n\n\n\n<figure class=\"wp-block-image size-full\"><img loading=\"lazy\" decoding=\"async\" width=\"969\" height=\"531\" src=\"https:\/\/focotocantinense.com.br\/wp-content\/uploads\/2023\/02\/AAA-27.jpg\" alt=\"\" class=\"wp-image-4062\" srcset=\"https:\/\/focotocantinense.com.br\/wp-content\/uploads\/2023\/02\/AAA-27.jpg 969w, https:\/\/focotocantinense.com.br\/wp-content\/uploads\/2023\/02\/AAA-27-300x164.jpg 300w, https:\/\/focotocantinense.com.br\/wp-content\/uploads\/2023\/02\/AAA-27-768x421.jpg 768w\" sizes=\"auto, (max-width: 969px) 100vw, 969px\" \/><\/figure>\n\n\n\n<figure class=\"wp-block-image\"><img decoding=\"async\" src=\"https:\/\/www.n1to.com.br\/img\/cache\/720x105\/80\/crop\/Imagem-eef442e8e75cae0362296529067458d6.png\" alt=\"\" title=\"Vin\u00edcius Martins - Consultor de Pol\u00edticas P\u00fablicas\"\/><\/figure>\n","protected":false},"excerpt":{"rendered":"<p>A Prefeitura de Gurupi, por meio da Secretaria Municipal de Sa\u00fade (Semus) j\u00e1 deu in\u00edcio a imuniza\u00e7\u00e3o com a vacina bivalente contra a Covid-19, nas setes Unidades B\u00e1sicas de Sa\u00fade indicadas para realiza\u00e7\u00e3o do trabalho.&nbsp; A vacina bivalente \u00e9 do laborat\u00f3rio Pfizer e protege contra a cepa original do coronav\u00edrus e as subvariantes \u00f4micron. Na &hellip;<\/p>\n","protected":false},"author":5,"featured_media":4062,"comment_status":"open","ping_status":"open","sticky":false,"template":"","format":"standard","meta":{"footnotes":""},"categories":[38],"tags":[],"class_list":["post-4061","post","type-post","status-publish","format-standard","has-post-thumbnail","","category-gurupi"],"_links":{"self":[{"href":"https:\/\/focotocantinense.com.br\/index.php?rest_route=\/wp\/v2\/posts\/4061","targetHints":{"allow":["GET"]}}],"collection":[{"href":"https:\/\/focotocantinense.com.br\/index.php?rest_route=\/wp\/v2\/posts"}],"about":[{"href":"https:\/\/focotocantinense.com.br\/index.php?rest_route=\/wp\/v2\/types\/post"}],"author":[{"embeddable":true,"href":"https:\/\/focotocantinense.com.br\/index.php?rest_route=\/wp\/v2\/users\/5"}],"replies":[{"embeddable":true,"href":"https:\/\/focotocantinense.com.br\/index.php?rest_route=%2Fwp%2Fv2%2Fcomments&post=4061"}],"version-history":[{"count":1,"href":"https:\/\/focotocantinense.com.br\/index.php?rest_route=\/wp\/v2\/posts\/4061\/revisions"}],"predecessor-version":[{"id":4063,"href":"https:\/\/focotocantinense.com.br\/index.php?rest_route=\/wp\/v2\/posts\/4061\/revisions\/4063"}],"wp:featuredmedia":[{"embeddable":true,"href":"https:\/\/focotocantinense.com.br\/index.php?rest_route=\/wp\/v2\/media\/4062"}],"wp:attachment":[{"href":"https:\/\/focotocantinense.com.br\/index.php?rest_route=%2Fwp%2Fv2%2Fmedia&parent=4061"}],"wp:term":[{"taxonomy":"category","embeddable":true,"href":"https:\/\/focotocantinense.com.br\/index.php?rest_route=%2Fwp%2Fv2%2Fcategories&post=4061"},{"taxonomy":"post_tag","embeddable":true,"href":"https:\/\/focotocantinense.com.br\/index.php?rest_route=%2Fwp%2Fv2%2Ftags&post=4061"}],"curies":[{"name":"wp","href":"https:\/\/api.w.org\/{rel}","templated":true}]}}